{"id":3782,"date":"2022-10-31T14:55:04","date_gmt":"2022-10-31T14:55:04","guid":{"rendered":"https:\/\/splitcityparking.com\/?p=3782"},"modified":"2023-11-22T15:43:17","modified_gmt":"2023-11-22T15:43:17","slug":"co-stihnout-ve-splitu-za-jeden-den","status":"publish","type":"post","link":"https:\/\/splitcityparking.com\/cs\/co-stihnout-ve-splitu-za-jeden-den\/","title":{"rendered":"Co stihnout ve Splitu za jeden den?"},"content":{"rendered":"\t\t<div data-elementor-type=\"wp-post\" data-elementor-id=\"3782\" class=\"elementor elementor-3782 elementor-3729\" data-elementor-post-type=\"post\">\n\t\t\t\t\t\t<section class=\"elementor-section elementor-top-section elementor-element elementor-element-78baf29c elementor-section-boxed elementor-section-height-default elementor-section-height-default\" data-id=\"78baf29c\" data-element_type=\"section\" data-e-type=\"section\">\n\t\t\t\t\t\t<div class=\"elementor-container elementor-column-gap-default\">\n\t\t\t\t\t<div class=\"elementor-column elementor-col-100 elementor-top-column elementor-element elementor-element-ed365c8\" data-id=\"ed365c8\" data-element_type=\"column\" data-e-type=\"column\">\n\t\t\t<div class=\"elementor-widget-wrap elementor-element-populated\">\n\t\t\t\t\t\t<div class=\"elementor-element elementor-element-20592c8a elementor-widget elementor-widget-text-editor\" data-id=\"20592c8a\" data-element_type=\"widget\" data-e-type=\"widget\" data-widget_type=\"text-editor.default\">\n\t\t\t\t\t\t\t\t\t<p>Split, druh\u00e9 nejv\u011bt\u0161\u00ed m\u011bsto v Chorvatsku, je zn\u00e1m\u00e9 sv\u00fdmi kulturn\u00edmi atrakcemi, nedot\u010den\u00fdmi pl\u00e1\u017eemi a rozmanit\u00fdm no\u010dn\u00edm \u017eivotem. V posledn\u00edch letech se Split stal obl\u00edbenou turistickou atrakc\u00ed, kterou ro\u010dn\u011b nav\u0161t\u00edv\u00ed miliony dom\u00e1c\u00edch i zahrani\u010dn\u00edch turist\u016f.<\/p><p>Vzhledem ke v\u0161em lidem, kte\u0159\u00ed p\u0159ij\u00ed\u017ed\u011bj\u00ed do Splitu, m\u016f\u017ee b\u00fdt t\u011b\u017ek\u00e9 naj\u00edt parkov\u00e1n\u00ed ve Splitu, zejm\u00e9na <a href=\"https:\/\/splitcityparking.com\/cs\/parkovani-ve-splitu-u-stareho-mesta\/\">parkov\u00e1n\u00ed pobl\u00ed\u017e star\u00e9ho m\u011bsta<\/a>, b\u011bhem turistick\u00e9 sez\u00f3ny. Dal\u0161\u00ed informace o hlavn\u00edch atrakc\u00edch Splitu, kter\u00e9 ka\u017ed\u00fd rok p\u0159itahuj\u00ed tolik n\u00e1v\u0161t\u011bvn\u00edk\u016f, naleznete v n\u00e1sleduj\u00edc\u00edch \u010d\u00e1stech.<\/p>\t\t\t\t\t\t\t\t<\/div>\n\t\t\t\t\t<\/div>\n\t\t<\/div>\n\t\t\t\t\t<\/div>\n\t\t<\/section>\n\t\t\t\t<section class=\"elementor-section elementor-top-section elementor-element elementor-element-a9f9742 elementor-section-boxed elementor-section-height-default elementor-section-height-default\" data-id=\"a9f9742\" data-element_type=\"section\" data-e-type=\"section\">\n\t\t\t\t\t\t<div class=\"elementor-container elementor-column-gap-default\">\n\t\t\t\t\t<div class=\"elementor-column elementor-col-100 elementor-top-column elementor-element elementor-element-d96be8a\" data-id=\"d96be8a\" data-element_type=\"column\" data-e-type=\"column\">\n\t\t\t<div class=\"elementor-widget-wrap elementor-element-populated\">\n\t\t\t\t\t\t<div class=\"elementor-element elementor-element-4c1956c elementor-widget elementor-widget-text-editor\" data-id=\"4c1956c\" data-element_type=\"widget\" data-e-type=\"widget\" data-widget_type=\"text-editor.default\">\n\t\t\t\t\t\t\t\t\t<p><\/p><h2 class=\"wp-block-heading\">\u00davod<\/h2><p>Pokud je v\u00e1\u0161 \u010das ve Splitu omezen na jeden den nebo m\u00e9n\u011b, doporu\u010dujeme nejprve nav\u0161t\u00edvit Diokleci\u00e1n\u016fv pal\u00e1c. Tato n\u00e1v\u0161t\u011bva zahrnuje proch\u00e1zku star\u00fdm m\u011bstem a prohl\u00eddku v\u0161ech d\u016fle\u017eit\u00fdch budov uvnit\u0159 pal\u00e1ce, jako je Splitski Peristil, n\u00e1m\u011bst\u00ed, Muzeum m\u011bsta Splitu v pal\u00e1ci Papali\u0107 a Zlat\u00e1 br\u00e1na.<\/p><p>Dal\u0161\u00ed v\u011bc, kterou doporu\u010dujeme, je proch\u00e1zka po Splitsk\u00e9 Riv\u011b (splitsk\u00e9 n\u00e1b\u0159e\u017e\u00ed) a vychutn\u00e1n\u00ed si st\u0159edomo\u0159sk\u00e9 atmosf\u00e9ry. Bylo by dobr\u00e9 sednout si do jedn\u00e9 z kav\u00e1ren na Riv\u011b a u\u017e\u00edt si atmosf\u00e9ru s m\u00edstn\u00edmi lidmi.<\/p><p>Pak byste ur\u010dit\u011b m\u011bli nav\u0161t\u00edvit jednu ze splitsk\u00fdch pl\u00e1\u017e\u00ed, p\u0159edev\u0161\u00edm Ba\u010dvice. M\u016f\u017eete si zkusit zahr\u00e1t picigin, samoz\u0159ejm\u011b pouze za p\u0159\u00edzniv\u00e9ho po\u010das\u00ed na koup\u00e1n\u00ed. A na z\u00e1v\u011br byste m\u011bli nav\u0161t\u00edvit jednu z atrakc\u00ed na Marjanu, jako je vrchol kopce Marjan nebo p\u011b\u0161\u00ed stezka.<\/p><p><\/p>\t\t\t\t\t\t\t\t<\/div>\n\t\t\t\t\t<\/div>\n\t\t<\/div>\n\t\t\t\t\t<\/div>\n\t\t<\/section>\n\t\t\t\t<section class=\"elementor-section elementor-top-section elementor-element elementor-element-e2eccae elementor-section-boxed elementor-section-height-default elementor-section-height-default\" data-id=\"e2eccae\" data-element_type=\"section\" data-e-type=\"section\">\n\t\t\t\t\t\t<div class=\"elementor-container elementor-column-gap-default\">\n\t\t\t\t\t<div class=\"elementor-column elementor-col-100 elementor-top-column elementor-element elementor-element-225b090\" data-id=\"225b090\" data-element_type=\"column\" data-e-type=\"column\">\n\t\t\t<div class=\"elementor-widget-wrap elementor-element-populated\">\n\t\t\t\t\t\t<div class=\"elementor-element elementor-element-8ef9010 elementor-widget elementor-widget-text-editor\" data-id=\"8ef9010\" data-element_type=\"widget\" data-e-type=\"widget\" data-widget_type=\"text-editor.default\">\n\t\t\t\t\t\t\t\t\t<h2>Ud\u011blejte si proch\u00e1zku po splitsk\u00e9m n\u00e1b\u0159e\u017e\u00ed<\/h2><p>Splitska Riva je nejzn\u00e1m\u011bj\u0161\u00ed promen\u00e1da ve Splitu i mimo n\u011bj. Riva je zvl\u00e1\u0161tn\u00ed m\u00edsto pro obyvatele Splitu. Je m\u00edstem nejv\u00fdznamn\u011bj\u0161\u00edch politick\u00fdch, spole\u010densk\u00fdch a z\u00e1bavn\u00edch akc\u00ed.<\/p><p>N\u00e1b\u0159e\u017e\u00ed je tak\u00e9 m\u00edstem romantick\u00fdch proch\u00e1zek, prvn\u00edch l\u00e1sek a spole\u010densk\u00fdch setk\u00e1n\u00ed. Kdy\u017e se rozhl\u00e9dnete kolem sebe, uvid\u00edte lidi na Riv\u011b v celkem uvoln\u011bn\u00e9 atmosf\u00e9\u0159e a prav\u00e9m st\u0159edomo\u0159sk\u00e9m duchu.<\/p><p>Spolu s proch\u00e1zkou pod\u00e9l Rivy si m\u016f\u017eete d\u00e1t zmrzlinu nebo pala\u010dinky. M\u016f\u017eete posed\u011bt v jedn\u00e9 z \u010detn\u00fdch kav\u00e1ren a vychutnat si sv\u016fj obl\u00edben\u00fd drink se sluncem a mo\u0159em.<\/p><p>Nejv\u011bt\u0161\u00ed festival na Riv\u011b se ka\u017edoro\u010dn\u011b kon\u00e1 7. kv\u011btna, kdy se ve Splitu slav\u00ed patron m\u011bsta, svat\u00fd Duje. Oslava se kon\u00e1 po cel\u00fd den, od rann\u00ed m\u0161e s chorvatsk\u00fdmi biskupy a\u017e po ve\u010dern\u00ed z\u00e1bavn\u00ed program a koncerty slavn\u00fdch splitsk\u00fdch interpret\u016f.<\/p>\t\t\t\t\t\t\t\t<\/div>\n\t\t\t\t<div class=\"elementor-element elementor-element-549bd8a elementor-widget elementor-widget-image\" data-id=\"549bd8a\" data-element_type=\"widget\" data-e-type=\"widget\" data-widget_type=\"image.default\">\n\t\t\t\t\t\t\t\t\t\t\t\t\t\t\t<img fetchpriority=\"high\" decoding=\"async\" width=\"1024\" height=\"683\" src=\"https:\/\/splitcityparking.com\/wp-content\/uploads\/2022\/10\/riva-promenade4.jpg\" class=\"attachment-full size-full wp-image-7349\" alt=\"\" srcset=\"https:\/\/splitcityparking.com\/wp-content\/uploads\/2022\/10\/riva-promenade4.jpg 1024w, https:\/\/splitcityparking.com\/wp-content\/uploads\/2022\/10\/riva-promenade4-300x200.jpg 300w, https:\/\/splitcityparking.com\/wp-content\/uploads\/2022\/10\/riva-promenade4-768x512.jpg 768w\" sizes=\"(max-width: 1024px) 100vw, 1024px\" \/>\t\t\t\t\t\t\t\t\t\t\t\t\t\t\t<\/div>\n\t\t\t\t\t<\/div>\n\t\t<\/div>\n\t\t\t\t\t<\/div>\n\t\t<\/section>\n\t\t\t\t<section class=\"elementor-section elementor-top-section elementor-element elementor-element-d6580d4 elementor-section-boxed elementor-section-height-default elementor-section-height-default\" data-id=\"d6580d4\" data-element_type=\"section\" data-e-type=\"section\">\n\t\t\t\t\t\t<div class=\"elementor-container elementor-column-gap-default\">\n\t\t\t\t\t<div class=\"elementor-column elementor-col-100 elementor-top-column elementor-element elementor-element-7edfe2c\" data-id=\"7edfe2c\" data-element_type=\"column\" data-e-type=\"column\">\n\t\t\t<div class=\"elementor-widget-wrap elementor-element-populated\">\n\t\t\t\t\t\t<div class=\"elementor-element elementor-element-4be065f elementor-widget elementor-widget-text-editor\" data-id=\"4be065f\" data-element_type=\"widget\" data-e-type=\"widget\" data-widget_type=\"text-editor.default\">\n\t\t\t\t\t\t\t\t\t<p><\/p><h2 class=\"wp-block-heading\">Nav\u0161tivte star\u00e9 m\u011bsto<\/h2><p>N\u00e1v\u0161t\u011bva star\u00e9ho m\u011bsta je to, co byste m\u011bli ud\u011blat, kdy\u017e p\u0159ijedete do Splitu. Je srdcem a du\u0161\u00ed Splitu, kter\u00fd se nach\u00e1z\u00ed v \u0159\u00edmsk\u00e9m pal\u00e1ci z po\u010d\u00e1tku 4. stolet\u00ed, kter\u00fd si \u00fadajn\u011b nechal postavit c\u00edsa\u0159 Diokleci\u00e1n jako sv\u016fj domov d\u016fchodc\u016f.<\/p><p>Ka\u017ed\u00e1 n\u00e1v\u0161t\u011bva Splitu, a\u0165 u\u017e kr\u00e1tk\u00e1 nebo dlouh\u00e1, je nevyhnuteln\u011b zam\u011b\u0159ena na proch\u00e1zen\u00ed \u00fazk\u00fdmi kamenn\u00fdmi uli\u010dkami ve Splitu, objevov\u00e1n\u00ed skryt\u00fdch uli\u010dek a vychutn\u00e1v\u00e1n\u00ed si kr\u00e1sn\u00e9 architektury a obl\u00edben\u00fdch splitsk\u00fdch pam\u00e1tek. Splitsk\u00e9 n\u00e1b\u0159e\u017e\u00ed, jedine\u010dn\u00e9 star\u00e9 m\u011bsto vt\u011bsnan\u00e9 do zd\u00ed starov\u011bk\u00e9ho \u0159\u00edmsk\u00e9ho pal\u00e1ce, je pln\u00e9 lid\u00ed ve dne i v noci.<\/p><p>Star\u00e9 m\u011bsto je snadn\u00e9 nav\u0161t\u00edvit, i kdy\u017e v bludi\u0161ti kamenn\u00fdch uli\u010dek nen\u00ed v\u017edy snadn\u00e9 se orientovat. V\u017edy se \u201eztrat\u00edme\u201c, bez ohledu na to, jak dob\u0159e zn\u00e1me star\u00e9 m\u011bsto. Ale nebojte se, d\u00edky tomu je n\u00e1v\u0161t\u011bva je\u0161t\u011b zaj\u00edmav\u011bj\u0161\u00ed a s tolika histori\u00ed v\u017edy objev\u00edte nov\u00e9 detaily, uli\u010dky a pr\u016fchody.<\/p><p>Cel\u00fd pal\u00e1c je jedno obrovsk\u00e9 historick\u00e9 m\u00edsto, ale je tak\u00e9 centrem ka\u017edodenn\u00edho \u017eivota ve Splitu. Zde budete tr\u00e1vit v\u011bt\u0161inu \u010dasu ve Splitu. Tak\u00e9 je tam v\u011bt\u0161ina atrakc\u00ed, restaurac\u00ed, bar\u016f, obchod\u016f a lid\u00ed.<\/p><p><\/p>\t\t\t\t\t\t\t\t<\/div>\n\t\t\t\t\t<\/div>\n\t\t<\/div>\n\t\t\t\t\t<\/div>\n\t\t<\/section>\n\t\t\t\t<section class=\"elementor-section elementor-top-section elementor-element elementor-element-e2dc365 elementor-section-boxed elementor-section-height-default elementor-section-height-default\" data-id=\"e2dc365\" data-element_type=\"section\" data-e-type=\"section\">\n\t\t\t\t\t\t<div class=\"elementor-container elementor-column-gap-default\">\n\t\t\t\t\t<div class=\"elementor-column elementor-col-100 elementor-top-column elementor-element elementor-element-604f4df\" data-id=\"604f4df\" data-element_type=\"column\" data-e-type=\"column\">\n\t\t\t<div class=\"elementor-widget-wrap elementor-element-populated\">\n\t\t\t\t\t\t<div class=\"elementor-element elementor-element-92ed3fb elementor-widget elementor-widget-text-editor\" data-id=\"92ed3fb\" data-element_type=\"widget\" data-e-type=\"widget\" data-widget_type=\"text-editor.default\">\n\t\t\t\t\t\t\t\t\t<p><\/p><h2 class=\"wp-block-heading\">Diokleci\u00e1n\u016fv pal\u00e1c<\/h2><p>Diokleci\u00e1n\u016fv pal\u00e1c, kter\u00fd je nejv\u00fdznamn\u011bj\u0161\u00ed kulturn\u00ed turistickou atrakc\u00ed ve Splitu, byl postaven za vl\u00e1dy c\u00edsa\u0159e Diokleci\u00e1na, \u0159\u00edmsk\u00e9ho panovn\u00edka zn\u00e1m\u00e9ho jako pron\u00e1sledovatel k\u0159es\u0165an\u016f. Posledn\u00edch p\u00e1r let sv\u00e9ho \u017eivota str\u00e1vil ve sv\u00e9m luxusn\u00edm pal\u00e1ci.<\/p><p>Pal\u00e1c se nach\u00e1z\u00ed v sam\u00e9m centru m\u011bsta Split. P\u0159esto\u017ee se mu \u0159\u00edk\u00e1 \u201epal\u00e1c\u201c, p\u0159ipom\u00edn\u00e1 sp\u00ed\u0161e velkou v\u011b\u017e obehnanou hradbami a v\u011b\u017eemi. Zlat\u00e1 br\u00e1na je nejkr\u00e1sn\u011bj\u0161\u00edm vchodem do Diokleci\u00e1nova pal\u00e1ce a je t\u00e9m\u011b\u0159 cel\u00e1 zachoval\u00e1.<\/p><p><\/p>\t\t\t\t\t\t\t\t<\/div>\n\t\t\t\t\t<\/div>\n\t\t<\/div>\n\t\t\t\t\t<\/div>\n\t\t<\/section>\n\t\t\t\t<section class=\"elementor-section elementor-top-section elementor-element elementor-element-97b63b3 elementor-section-boxed elementor-section-height-default elementor-section-height-default\" data-id=\"97b63b3\" data-element_type=\"section\" data-e-type=\"section\">\n\t\t\t\t\t\t<div class=\"elementor-container elementor-column-gap-default\">\n\t\t\t\t\t<div class=\"elementor-column elementor-col-100 elementor-top-column elementor-element elementor-element-24ab163\" data-id=\"24ab163\" data-element_type=\"column\" data-e-type=\"column\">\n\t\t\t<div class=\"elementor-widget-wrap elementor-element-populated\">\n\t\t\t\t\t\t<div class=\"elementor-element elementor-element-12d5113 elementor-widget elementor-widget-text-editor\" data-id=\"12d5113\" data-element_type=\"widget\" data-e-type=\"widget\" data-widget_type=\"text-editor.default\">\n\t\t\t\t\t\t\t\t\t<p><\/p><h2 class=\"wp-block-heading\">Ud\u011blejte si pauzu na ob\u011bd a nav\u0161tivte ty nejlep\u0161\u00ed restaurace v centru<\/h2><p>Nen\u00ed nic lep\u0161\u00edho ne\u017e ob\u011bd s nejkr\u00e1sn\u011bj\u0161\u00edm v\u00fdhledem na mo\u0159e nebo na m\u011bsto ve Splitu.<\/p><p>Restaurace Adriatic v\u00e1m nab\u00edz\u00ed v\u00fdhled na \u0160oltu a Bra\u010d. Pod n\u00edm se nach\u00e1z\u00ed ACI Marina, kde si m\u016f\u017eete d\u00e1t skv\u011blou ryb\u00ed ve\u010de\u0159i v restauraci Zrno solit s dal\u0161\u00edm v\u00fdhledem na p\u0159\u00edstav, lod\u011b a Split.<\/p><p><\/p>\t\t\t\t\t\t\t\t<\/div>\n\t\t\t\t\t<\/div>\n\t\t<\/div>\n\t\t\t\t\t<\/div>\n\t\t<\/section>\n\t\t\t\t<section class=\"elementor-section elementor-top-section elementor-element elementor-element-b192836 elementor-section-boxed elementor-section-height-default elementor-section-height-default\" data-id=\"b192836\" data-element_type=\"section\" data-e-type=\"section\">\n\t\t\t\t\t\t<div class=\"elementor-container elementor-column-gap-default\">\n\t\t\t\t\t<div class=\"elementor-column elementor-col-100 elementor-top-column elementor-element elementor-element-6d81e15\" data-id=\"6d81e15\" data-element_type=\"column\" data-e-type=\"column\">\n\t\t\t<div class=\"elementor-widget-wrap elementor-element-populated\">\n\t\t\t\t\t\t<div class=\"elementor-element elementor-element-03d1ca2 elementor-widget elementor-widget-text-editor\" data-id=\"03d1ca2\" data-element_type=\"widget\" data-e-type=\"widget\" data-widget_type=\"text-editor.default\">\n\t\t\t\t\t\t\t\t\t<p><\/p><h2 class=\"wp-block-heading\">Socha Grgura Ninsk\u00e9ho, kde si m\u016f\u017eete n\u011bco p\u0159\u00e1t<\/h2><p>Socha Grgur Ninski, kter\u00e1 se nach\u00e1z\u00ed v bl\u00edzkosti Zlat\u00e9 br\u00e1ny, je mistrovsk\u00fdm d\u00edlem Ivana Me\u0161trovi\u0107e, nejzn\u00e1m\u011bj\u0161\u00edho chorvatsk\u00e9ho socha\u0159e. Grgur Ninski byl st\u0159edov\u011bk\u00fd biskup a zast\u00e1nce uct\u00edv\u00e1n\u00ed v lidov\u00fdch jazyc\u00edch. Proto je oslavov\u00e1n jako chorvatsk\u00fd n\u00e1rodn\u00ed hrdina.<\/p><p><\/p>\t\t\t\t\t\t\t\t<\/div>\n\t\t\t\t<div class=\"elementor-element elementor-element-a7b0f26 elementor-widget elementor-widget-image\" data-id=\"a7b0f26\" data-element_type=\"widget\" data-e-type=\"widget\" data-widget_type=\"image.default\">\n\t\t\t\t\t\t\t\t\t\t\t\t\t\t\t<img decoding=\"async\" width=\"1200\" height=\"800\" src=\"https:\/\/splitcityparking.com\/wp-content\/uploads\/2022\/10\/Split_-_Zvonik_i_kapelica_Svetog_Arnira__Grgur_Ninski_49019337887.jpg\" class=\"attachment-full size-full wp-image-7355\" alt=\"\" srcset=\"https:\/\/splitcityparking.com\/wp-content\/uploads\/2022\/10\/Split_-_Zvonik_i_kapelica_Svetog_Arnira__Grgur_Ninski_49019337887.jpg 1200w, https:\/\/splitcityparking.com\/wp-content\/uploads\/2022\/10\/Split_-_Zvonik_i_kapelica_Svetog_Arnira__Grgur_Ninski_49019337887-300x200.jpg 300w, https:\/\/splitcityparking.com\/wp-content\/uploads\/2022\/10\/Split_-_Zvonik_i_kapelica_Svetog_Arnira__Grgur_Ninski_49019337887-1024x683.jpg 1024w, https:\/\/splitcityparking.com\/wp-content\/uploads\/2022\/10\/Split_-_Zvonik_i_kapelica_Svetog_Arnira__Grgur_Ninski_49019337887-768x512.jpg 768w\" sizes=\"(max-width: 1200px) 100vw, 1200px\" \/>\t\t\t\t\t\t\t\t\t\t\t\t\t\t\t<\/div>\n\t\t\t\t\t<\/div>\n\t\t<\/div>\n\t\t\t\t\t<\/div>\n\t\t<\/section>\n\t\t\t\t<section class=\"elementor-section elementor-top-section elementor-element elementor-element-de5172e elementor-section-boxed elementor-section-height-default elementor-section-height-default\" data-id=\"de5172e\" data-element_type=\"section\" data-e-type=\"section\">\n\t\t\t\t\t\t<div class=\"elementor-container elementor-column-gap-default\">\n\t\t\t\t\t<div class=\"elementor-column elementor-col-100 elementor-top-column elementor-element elementor-element-f8bc700\" data-id=\"f8bc700\" data-element_type=\"column\" data-e-type=\"column\">\n\t\t\t<div class=\"elementor-widget-wrap elementor-element-populated\">\n\t\t\t\t\t\t<div class=\"elementor-element elementor-element-6b38897 elementor-widget elementor-widget-text-editor\" data-id=\"6b38897\" data-element_type=\"widget\" data-e-type=\"widget\" data-widget_type=\"text-editor.default\">\n\t\t\t\t\t\t\t\t\t<p><\/p><h2 class=\"wp-block-heading\">Vylezte na kopec Marjan a z\u00edskejte kr\u00e1sn\u00fd v\u00fdhled na Split<\/h2><p>V minulosti byl Marjan m\u00edstem zn\u00e1m\u00fdm jako s\u00eddlo poustevn\u00edk\u016f. Nen\u00ed divu, proto\u017ee Marjan je zcela p\u0159irozen\u011b zachov\u00e1n. Dnes je Marjan m\u00edstem pro rekreaci, v\u00fdlety, sportovn\u00ed aktivity a jogging, zn\u00e1m\u00e9 jsou tak\u00e9 marjansk\u00e9 pl\u00e1\u017ee Ka\u0161juni, Bene a Ka\u0161telet.<\/p><p><a href=\"https:\/\/splitcityparking.com\/cs\/co-delat-ve-splitu\/\">Ve Splitu je v\u00edce v\u011bc\u00ed<\/a>, ne\u017e jak\u00e9 jsme zde zahrnuli; pokud tam ale str\u00e1v\u00edte jen jeden den, je to dobr\u00e9 m\u00edsto, kde za\u010d\u00edt.<\/p><p><\/p>\t\t\t\t\t\t\t\t<\/div>\n\t\t\t\t\t<\/div>\n\t\t<\/div>\n\t\t\t\t\t<\/div>\n\t\t<\/section>\n\t\t\t\t<section class=\"elementor-section elementor-top-section elementor-element elementor-element-1489abe elementor-section-boxed elementor-section-height-default elementor-section-height-default\" data-id=\"1489abe\" data-element_type=\"section\" data-e-type=\"section\">\n\t\t\t\t\t\t<div class=\"elementor-container elementor-column-gap-default\">\n\t\t\t\t\t<div class=\"elementor-column elementor-col-100 elementor-top-column elementor-element elementor-element-250d95c\" data-id=\"250d95c\" data-element_type=\"column\" data-e-type=\"column\">\n\t\t\t<div class=\"elementor-widget-wrap elementor-element-populated\">\n\t\t\t\t\t\t<div class=\"elementor-element elementor-element-6889fb4 elementor-widget elementor-widget-text-editor\" data-id=\"6889fb4\" data-element_type=\"widget\" data-e-type=\"widget\" data-widget_type=\"text-editor.default\">\n\t\t\t\t\t\t\t\t\t<p><\/p><p>Nejpohodln\u011bj\u0161\u00ed jednodenn\u00ed parkov\u00e1n\u00ed ve Splitu<\/p><p>Existuje n\u011bkolik mo\u017enost\u00ed parkov\u00e1n\u00ed pro ty, kte\u0159\u00ed se rozhodli cestovat autem a u\u017e\u00edt si \u010das str\u00e1ven\u00fd na pob\u0159e\u017e\u00ed Jadersk\u00e9ho mo\u0159e.<\/p><p>V\u00fdhodou j\u00edzdy autem je, \u017ee m\u016f\u017eete nav\u0161t\u011bvovat m\u011bsta, ani\u017e byste museli utr\u00e1cet jm\u011bn\u00ed za ve\u0159ejnou dopravu, a p\u0159esto si u\u017e\u00edvat n\u011bkter\u00e9 z jejich kulturn\u00edch statk\u016f. Nicm\u00e9n\u011b ve velk\u00fdch m\u011bstech, jako je Split, m\u016f\u017ee b\u00fdt hled\u00e1n\u00ed parkovac\u00edch m\u00edst obt\u00ed\u017en\u00e9 a drah\u00e9. Proto v\u00e1m <a href=\"https:\/\/splitcityparking.com\/cs\/\">Split City Parking<\/a> nab\u00edz\u00ed <a href=\"https:\/\/splitcityparking.com\/cs\/nejlevnejsi-parkovani-ve-splitu-chorvatsko\/\">nejlevn\u011bj\u0161\u00ed parkov\u00e1n\u00ed<\/a> ve m\u011bst\u011b!<\/p><p>To je d\u016fvod, pro\u010d v\u00e1m Split City Parking nab\u00edz\u00ed <a href=\"https:\/\/splitcityparking.com\/cs\/parkovani-v-garazi-vs-venkovni-parkoviste\/\">parkov\u00e1n\u00ed v gar\u00e1\u017ei<\/a> za opravdu v\u00fdhodnou cenu, proto\u017ee ve sv\u00fdch gar\u00e1\u017e\u00edch maj\u00ed mnoho kamer, kter\u00e9 reguluj\u00ed ka\u017ed\u00e9ho, kdo vch\u00e1z\u00ed a vystupuje z gar\u00e1\u017ee, co\u017e ochr\u00e1n\u00ed va\u0161e auto p\u0159ed zlod\u011bji a vandaly.<\/p><p><\/p>\t\t\t\t\t\t\t\t<\/div>\n\t\t\t\t\t<\/div>\n\t\t<\/div>\n\t\t\t\t\t<\/div>\n\t\t<\/section>\n\t\t\t\t<\/div>\n\t\t","protected":false},"excerpt":{"rendered":"<p>Existuje d\u016fvod, pro\u010d je Split naz\u00fdv\u00e1n kulturn\u00edm centrem cel\u00e9 dalmatsk\u00e9 oblasti. Je to druh\u00e9 nejv\u011bt\u0161\u00ed m\u011bsto v Chorvatsku. Je pln\u00e9 historick\u00e9 architektury, restaurac\u00ed, bar\u016f a park\u016f, ale tak\u00e9 p\u0159ekypuje ru\u0161n\u00fdm \u017eivotem velkom\u011bsta.<\/p>\n","protected":false},"author":1,"featured_media":3743,"comment_status":"open","ping_status":"open","sticky":false,"template":"","format":"standard","meta":{"footnotes":""},"categories":[157],"tags":[],"class_list":["post-3782","post","type-post","status-publish","format-standard","has-post-thumbnail","hentry","category-uncategorized"],"yoast_head":"<!-- This site is optimized with the Yoast SEO plugin v27.4 - https:\/\/yoast.com\/product\/yoast-seo-wordpress\/ -->\n<title>Co stihnout ve Splitu za jeden den?<\/title>\n<meta name=\"description\" content=\"Chcete prozkoumat Split, ale nem\u00e1te v\u00edce \u010dasu? Nebojte se! Zde jsme uvedli d\u016fle\u017eit\u00e1 m\u00edsta, kter\u00e1 mus\u00edte na sv\u00e9m jednodenn\u00edm v\u00fdletu nav\u0161t\u00edvit.\" \/>\n<meta name=\"robots\" content=\"index, follow, max-snippet:-1, max-image-preview:large, max-video-preview:-1\" \/>\n<link rel=\"canonical\" href=\"https:\/\/splitcityparking.com\/cs\/co-stihnout-ve-splitu-za-jeden-den\/\" \/>\n<meta property=\"og:locale\" content=\"cs_CZ\" \/>\n<meta property=\"og:type\" content=\"article\" \/>\n<meta property=\"og:title\" content=\"Co stihnout ve Splitu za jeden den?\" \/>\n<meta property=\"og:description\" content=\"Chcete prozkoumat Split, ale nem\u00e1te v\u00edce \u010dasu? Nebojte se! Zde jsme uvedli d\u016fle\u017eit\u00e1 m\u00edsta, kter\u00e1 mus\u00edte na sv\u00e9m jednodenn\u00edm v\u00fdletu nav\u0161t\u00edvit.\" \/>\n<meta property=\"og:url\" content=\"https:\/\/splitcityparking.com\/cs\/co-stihnout-ve-splitu-za-jeden-den\/\" \/>\n<meta property=\"og:site_name\" content=\"Split City Parking\" \/>\n<meta property=\"article:published_time\" content=\"2022-10-31T14:55:04+00:00\" \/>\n<meta property=\"article:modified_time\" content=\"2023-11-22T15:43:17+00:00\" \/>\n<meta property=\"og:image\" content=\"https:\/\/splitcityparking.com\/wp-content\/uploads\/2022\/10\/Studio-Ali-1-of-28-scaled.jpg\" \/>\n\t<meta property=\"og:image:width\" content=\"2560\" \/>\n\t<meta property=\"og:image:height\" content=\"1707\" \/>\n\t<meta property=\"og:image:type\" content=\"image\/jpeg\" \/>\n<meta name=\"author\" content=\"parking\" \/>\n<meta name=\"twitter:card\" content=\"summary_large_image\" \/>\n<meta name=\"twitter:label1\" content=\"Napsal(a)\" \/>\n\t<meta name=\"twitter:data1\" content=\"parking\" \/>\n\t<meta name=\"twitter:label2\" content=\"Odhadovan\u00e1 doba \u010dten\u00ed\" \/>\n\t<meta name=\"twitter:data2\" content=\"5 minut\" \/>\n<script type=\"application\/ld+json\" class=\"yoast-schema-graph\">{\"@context\":\"https:\\\/\\\/schema.org\",\"@graph\":[{\"@type\":\"Article\",\"@id\":\"https:\\\/\\\/splitcityparking.com\\\/cs\\\/co-stihnout-ve-splitu-za-jeden-den\\\/#article\",\"isPartOf\":{\"@id\":\"https:\\\/\\\/splitcityparking.com\\\/cs\\\/co-stihnout-ve-splitu-za-jeden-den\\\/\"},\"author\":{\"name\":\"parking\",\"@id\":\"https:\\\/\\\/splitcityparking.com\\\/cs\\\/#\\\/schema\\\/person\\\/67bfeb6a49b0026ad87cee0923224dd6\"},\"headline\":\"Co stihnout ve Splitu za jeden den?\",\"datePublished\":\"2022-10-31T14:55:04+00:00\",\"dateModified\":\"2023-11-22T15:43:17+00:00\",\"mainEntityOfPage\":{\"@id\":\"https:\\\/\\\/splitcityparking.com\\\/cs\\\/co-stihnout-ve-splitu-za-jeden-den\\\/\"},\"wordCount\":1269,\"commentCount\":0,\"image\":{\"@id\":\"https:\\\/\\\/splitcityparking.com\\\/cs\\\/co-stihnout-ve-splitu-za-jeden-den\\\/#primaryimage\"},\"thumbnailUrl\":\"https:\\\/\\\/splitcityparking.com\\\/wp-content\\\/uploads\\\/2022\\\/10\\\/Studio-Ali-1-of-28-scaled.jpg\",\"articleSection\":[\"Uncategorized\"],\"inLanguage\":\"cs\",\"potentialAction\":[{\"@type\":\"CommentAction\",\"name\":\"Comment\",\"target\":[\"https:\\\/\\\/splitcityparking.com\\\/cs\\\/co-stihnout-ve-splitu-za-jeden-den\\\/#respond\"]}]},{\"@type\":\"WebPage\",\"@id\":\"https:\\\/\\\/splitcityparking.com\\\/cs\\\/co-stihnout-ve-splitu-za-jeden-den\\\/\",\"url\":\"https:\\\/\\\/splitcityparking.com\\\/cs\\\/co-stihnout-ve-splitu-za-jeden-den\\\/\",\"name\":\"Co stihnout ve Splitu za jeden den?\",\"isPartOf\":{\"@id\":\"https:\\\/\\\/splitcityparking.com\\\/cs\\\/#website\"},\"primaryImageOfPage\":{\"@id\":\"https:\\\/\\\/splitcityparking.com\\\/cs\\\/co-stihnout-ve-splitu-za-jeden-den\\\/#primaryimage\"},\"image\":{\"@id\":\"https:\\\/\\\/splitcityparking.com\\\/cs\\\/co-stihnout-ve-splitu-za-jeden-den\\\/#primaryimage\"},\"thumbnailUrl\":\"https:\\\/\\\/splitcityparking.com\\\/wp-content\\\/uploads\\\/2022\\\/10\\\/Studio-Ali-1-of-28-scaled.jpg\",\"datePublished\":\"2022-10-31T14:55:04+00:00\",\"dateModified\":\"2023-11-22T15:43:17+00:00\",\"author\":{\"@id\":\"https:\\\/\\\/splitcityparking.com\\\/cs\\\/#\\\/schema\\\/person\\\/67bfeb6a49b0026ad87cee0923224dd6\"},\"description\":\"Chcete prozkoumat Split, ale nem\u00e1te v\u00edce \u010dasu? Nebojte se! Zde jsme uvedli d\u016fle\u017eit\u00e1 m\u00edsta, kter\u00e1 mus\u00edte na sv\u00e9m jednodenn\u00edm v\u00fdletu nav\u0161t\u00edvit.\",\"breadcrumb\":{\"@id\":\"https:\\\/\\\/splitcityparking.com\\\/cs\\\/co-stihnout-ve-splitu-za-jeden-den\\\/#breadcrumb\"},\"inLanguage\":\"cs\",\"potentialAction\":[{\"@type\":\"ReadAction\",\"target\":[\"https:\\\/\\\/splitcityparking.com\\\/cs\\\/co-stihnout-ve-splitu-za-jeden-den\\\/\"]}]},{\"@type\":\"ImageObject\",\"inLanguage\":\"cs\",\"@id\":\"https:\\\/\\\/splitcityparking.com\\\/cs\\\/co-stihnout-ve-splitu-za-jeden-den\\\/#primaryimage\",\"url\":\"https:\\\/\\\/splitcityparking.com\\\/wp-content\\\/uploads\\\/2022\\\/10\\\/Studio-Ali-1-of-28-scaled.jpg\",\"contentUrl\":\"https:\\\/\\\/splitcityparking.com\\\/wp-content\\\/uploads\\\/2022\\\/10\\\/Studio-Ali-1-of-28-scaled.jpg\",\"width\":2560,\"height\":1707,\"caption\":\"Split parking\"},{\"@type\":\"BreadcrumbList\",\"@id\":\"https:\\\/\\\/splitcityparking.com\\\/cs\\\/co-stihnout-ve-splitu-za-jeden-den\\\/#breadcrumb\",\"itemListElement\":[{\"@type\":\"ListItem\",\"position\":1,\"name\":\"Home\",\"item\":\"https:\\\/\\\/splitcityparking.com\\\/cs\\\/\"},{\"@type\":\"ListItem\",\"position\":2,\"name\":\"Co stihnout ve Splitu za jeden den?\"}]},{\"@type\":\"WebSite\",\"@id\":\"https:\\\/\\\/splitcityparking.com\\\/cs\\\/#website\",\"url\":\"https:\\\/\\\/splitcityparking.com\\\/cs\\\/\",\"name\":\"Split City Parking\",\"description\":\"Parking and parking garages in Split. Reserve now and secure your parking space in our garage!\",\"potentialAction\":[{\"@type\":\"SearchAction\",\"target\":{\"@type\":\"EntryPoint\",\"urlTemplate\":\"https:\\\/\\\/splitcityparking.com\\\/cs\\\/?s={search_term_string}\"},\"query-input\":{\"@type\":\"PropertyValueSpecification\",\"valueRequired\":true,\"valueName\":\"search_term_string\"}}],\"inLanguage\":\"cs\"},{\"@type\":\"Person\",\"@id\":\"https:\\\/\\\/splitcityparking.com\\\/cs\\\/#\\\/schema\\\/person\\\/67bfeb6a49b0026ad87cee0923224dd6\",\"name\":\"parking\",\"image\":{\"@type\":\"ImageObject\",\"inLanguage\":\"cs\",\"@id\":\"https:\\\/\\\/secure.gravatar.com\\\/avatar\\\/5a8a4db074faa17539b9bbbae12ed6d18176060e70861db07ee16c5f81b3b911?s=96&d=mm&r=g\",\"url\":\"https:\\\/\\\/secure.gravatar.com\\\/avatar\\\/5a8a4db074faa17539b9bbbae12ed6d18176060e70861db07ee16c5f81b3b911?s=96&d=mm&r=g\",\"contentUrl\":\"https:\\\/\\\/secure.gravatar.com\\\/avatar\\\/5a8a4db074faa17539b9bbbae12ed6d18176060e70861db07ee16c5f81b3b911?s=96&d=mm&r=g\",\"caption\":\"parking\"},\"sameAs\":[\"https:\\\/\\\/splitcityparking.com\"]}]}<\/script>\n<!-- \/ Yoast SEO plugin. -->","yoast_head_json":{"title":"Co stihnout ve Splitu za jeden den?","description":"Chcete prozkoumat Split, ale nem\u00e1te v\u00edce \u010dasu? Nebojte se! Zde jsme uvedli d\u016fle\u017eit\u00e1 m\u00edsta, kter\u00e1 mus\u00edte na sv\u00e9m jednodenn\u00edm v\u00fdletu nav\u0161t\u00edvit.","robots":{"index":"index","follow":"follow","max-snippet":"max-snippet:-1","max-image-preview":"max-image-preview:large","max-video-preview":"max-video-preview:-1"},"canonical":"https:\/\/splitcityparking.com\/cs\/co-stihnout-ve-splitu-za-jeden-den\/","og_locale":"cs_CZ","og_type":"article","og_title":"Co stihnout ve Splitu za jeden den?","og_description":"Chcete prozkoumat Split, ale nem\u00e1te v\u00edce \u010dasu? Nebojte se! Zde jsme uvedli d\u016fle\u017eit\u00e1 m\u00edsta, kter\u00e1 mus\u00edte na sv\u00e9m jednodenn\u00edm v\u00fdletu nav\u0161t\u00edvit.","og_url":"https:\/\/splitcityparking.com\/cs\/co-stihnout-ve-splitu-za-jeden-den\/","og_site_name":"Split City Parking","article_published_time":"2022-10-31T14:55:04+00:00","article_modified_time":"2023-11-22T15:43:17+00:00","og_image":[{"width":2560,"height":1707,"url":"https:\/\/splitcityparking.com\/wp-content\/uploads\/2022\/10\/Studio-Ali-1-of-28-scaled.jpg","type":"image\/jpeg"}],"author":"parking","twitter_card":"summary_large_image","twitter_misc":{"Napsal(a)":"parking","Odhadovan\u00e1 doba \u010dten\u00ed":"5 minut"},"schema":{"@context":"https:\/\/schema.org","@graph":[{"@type":"Article","@id":"https:\/\/splitcityparking.com\/cs\/co-stihnout-ve-splitu-za-jeden-den\/#article","isPartOf":{"@id":"https:\/\/splitcityparking.com\/cs\/co-stihnout-ve-splitu-za-jeden-den\/"},"author":{"name":"parking","@id":"https:\/\/splitcityparking.com\/cs\/#\/schema\/person\/67bfeb6a49b0026ad87cee0923224dd6"},"headline":"Co stihnout ve Splitu za jeden den?","datePublished":"2022-10-31T14:55:04+00:00","dateModified":"2023-11-22T15:43:17+00:00","mainEntityOfPage":{"@id":"https:\/\/splitcityparking.com\/cs\/co-stihnout-ve-splitu-za-jeden-den\/"},"wordCount":1269,"commentCount":0,"image":{"@id":"https:\/\/splitcityparking.com\/cs\/co-stihnout-ve-splitu-za-jeden-den\/#primaryimage"},"thumbnailUrl":"https:\/\/splitcityparking.com\/wp-content\/uploads\/2022\/10\/Studio-Ali-1-of-28-scaled.jpg","articleSection":["Uncategorized"],"inLanguage":"cs","potentialAction":[{"@type":"CommentAction","name":"Comment","target":["https:\/\/splitcityparking.com\/cs\/co-stihnout-ve-splitu-za-jeden-den\/#respond"]}]},{"@type":"WebPage","@id":"https:\/\/splitcityparking.com\/cs\/co-stihnout-ve-splitu-za-jeden-den\/","url":"https:\/\/splitcityparking.com\/cs\/co-stihnout-ve-splitu-za-jeden-den\/","name":"Co stihnout ve Splitu za jeden den?","isPartOf":{"@id":"https:\/\/splitcityparking.com\/cs\/#website"},"primaryImageOfPage":{"@id":"https:\/\/splitcityparking.com\/cs\/co-stihnout-ve-splitu-za-jeden-den\/#primaryimage"},"image":{"@id":"https:\/\/splitcityparking.com\/cs\/co-stihnout-ve-splitu-za-jeden-den\/#primaryimage"},"thumbnailUrl":"https:\/\/splitcityparking.com\/wp-content\/uploads\/2022\/10\/Studio-Ali-1-of-28-scaled.jpg","datePublished":"2022-10-31T14:55:04+00:00","dateModified":"2023-11-22T15:43:17+00:00","author":{"@id":"https:\/\/splitcityparking.com\/cs\/#\/schema\/person\/67bfeb6a49b0026ad87cee0923224dd6"},"description":"Chcete prozkoumat Split, ale nem\u00e1te v\u00edce \u010dasu? Nebojte se! Zde jsme uvedli d\u016fle\u017eit\u00e1 m\u00edsta, kter\u00e1 mus\u00edte na sv\u00e9m jednodenn\u00edm v\u00fdletu nav\u0161t\u00edvit.","breadcrumb":{"@id":"https:\/\/splitcityparking.com\/cs\/co-stihnout-ve-splitu-za-jeden-den\/#breadcrumb"},"inLanguage":"cs","potentialAction":[{"@type":"ReadAction","target":["https:\/\/splitcityparking.com\/cs\/co-stihnout-ve-splitu-za-jeden-den\/"]}]},{"@type":"ImageObject","inLanguage":"cs","@id":"https:\/\/splitcityparking.com\/cs\/co-stihnout-ve-splitu-za-jeden-den\/#primaryimage","url":"https:\/\/splitcityparking.com\/wp-content\/uploads\/2022\/10\/Studio-Ali-1-of-28-scaled.jpg","contentUrl":"https:\/\/splitcityparking.com\/wp-content\/uploads\/2022\/10\/Studio-Ali-1-of-28-scaled.jpg","width":2560,"height":1707,"caption":"Split parking"},{"@type":"BreadcrumbList","@id":"https:\/\/splitcityparking.com\/cs\/co-stihnout-ve-splitu-za-jeden-den\/#breadcrumb","itemListElement":[{"@type":"ListItem","position":1,"name":"Home","item":"https:\/\/splitcityparking.com\/cs\/"},{"@type":"ListItem","position":2,"name":"Co stihnout ve Splitu za jeden den?"}]},{"@type":"WebSite","@id":"https:\/\/splitcityparking.com\/cs\/#website","url":"https:\/\/splitcityparking.com\/cs\/","name":"Split City Parking","description":"Parking and parking garages in Split. Reserve now and secure your parking space in our garage!","potentialAction":[{"@type":"SearchAction","target":{"@type":"EntryPoint","urlTemplate":"https:\/\/splitcityparking.com\/cs\/?s={search_term_string}"},"query-input":{"@type":"PropertyValueSpecification","valueRequired":true,"valueName":"search_term_string"}}],"inLanguage":"cs"},{"@type":"Person","@id":"https:\/\/splitcityparking.com\/cs\/#\/schema\/person\/67bfeb6a49b0026ad87cee0923224dd6","name":"parking","image":{"@type":"ImageObject","inLanguage":"cs","@id":"https:\/\/secure.gravatar.com\/avatar\/5a8a4db074faa17539b9bbbae12ed6d18176060e70861db07ee16c5f81b3b911?s=96&d=mm&r=g","url":"https:\/\/secure.gravatar.com\/avatar\/5a8a4db074faa17539b9bbbae12ed6d18176060e70861db07ee16c5f81b3b911?s=96&d=mm&r=g","contentUrl":"https:\/\/secure.gravatar.com\/avatar\/5a8a4db074faa17539b9bbbae12ed6d18176060e70861db07ee16c5f81b3b911?s=96&d=mm&r=g","caption":"parking"},"sameAs":["https:\/\/splitcityparking.com"]}]}},"_links":{"self":[{"href":"https:\/\/splitcityparking.com\/cs\/wp-json\/wp\/v2\/posts\/3782","targetHints":{"allow":["GET"]}}],"collection":[{"href":"https:\/\/splitcityparking.com\/cs\/wp-json\/wp\/v2\/posts"}],"about":[{"href":"https:\/\/splitcityparking.com\/cs\/wp-json\/wp\/v2\/types\/post"}],"author":[{"embeddable":true,"href":"https:\/\/splitcityparking.com\/cs\/wp-json\/wp\/v2\/users\/1"}],"replies":[{"embeddable":true,"href":"https:\/\/splitcityparking.com\/cs\/wp-json\/wp\/v2\/comments?post=3782"}],"version-history":[{"count":1,"href":"https:\/\/splitcityparking.com\/cs\/wp-json\/wp\/v2\/posts\/3782\/revisions"}],"predecessor-version":[{"id":8923,"href":"https:\/\/splitcityparking.com\/cs\/wp-json\/wp\/v2\/posts\/3782\/revisions\/8923"}],"wp:featuredmedia":[{"embeddable":true,"href":"https:\/\/splitcityparking.com\/cs\/wp-json\/wp\/v2\/media\/3743"}],"wp:attachment":[{"href":"https:\/\/splitcityparking.com\/cs\/wp-json\/wp\/v2\/media?parent=3782"}],"wp:term":[{"taxonomy":"category","embeddable":true,"href":"https:\/\/splitcityparking.com\/cs\/wp-json\/wp\/v2\/categories?post=3782"},{"taxonomy":"post_tag","embeddable":true,"href":"https:\/\/splitcityparking.com\/cs\/wp-json\/wp\/v2\/tags?post=3782"}],"curies":[{"name":"wp","href":"https:\/\/api.w.org\/{rel}","templated":true}]}}