{"id":4756,"date":"2023-02-22T18:10:59","date_gmt":"2023-02-22T18:10:59","guid":{"rendered":"https:\/\/splitcityparking.com\/?p=4756"},"modified":"2023-11-22T15:43:14","modified_gmt":"2023-11-22T15:43:14","slug":"parkovaci-mista-pro-invalidy","status":"publish","type":"post","link":"https:\/\/splitcityparking.com\/cs\/parkovaci-mista-pro-invalidy\/","title":{"rendered":"Parkovac\u00ed m\u00edsta pro invalidy"},"content":{"rendered":"\t\t<div data-elementor-type=\"wp-post\" data-elementor-id=\"4756\" class=\"elementor elementor-4756 elementor-4606\" data-elementor-post-type=\"post\">\n\t\t\t\t\t\t<section class=\"elementor-section elementor-top-section elementor-element elementor-element-0fc823d elementor-section-boxed elementor-section-height-default elementor-section-height-default\" data-id=\"0fc823d\" data-element_type=\"section\" data-e-type=\"section\">\n\t\t\t\t\t\t<div class=\"elementor-container elementor-column-gap-default\">\n\t\t\t\t\t<div class=\"elementor-column elementor-col-100 elementor-top-column elementor-element elementor-element-fae8115\" data-id=\"fae8115\" data-element_type=\"column\" data-e-type=\"column\">\n\t\t\t<div class=\"elementor-widget-wrap elementor-element-populated\">\n\t\t\t\t\t\t<div class=\"elementor-element elementor-element-d91a276 elementor-widget elementor-widget-text-editor\" data-id=\"d91a276\" data-element_type=\"widget\" data-e-type=\"widget\" data-widget_type=\"text-editor.default\">\n\t\t\t\t\t\t\t\t\t<p>P\u0159em\u00fd\u0161l\u00edte,<a href=\"https:\/\/splitcityparking.com\/cs\/kde-zaparkovat-ve-splitu-chorvatsko\/\"> kde zaparkovat ve Splitu<\/a> a z\u00e1rove\u0148 m\u00edt parkovac\u00ed m\u00edsto pro osoby se zdravotn\u00edm posti\u017een\u00edm? Bezbari\u00e9rov\u00e9 \u200b\u200bparkov\u00e1n\u00ed je z\u00e1sadn\u00edm aspektem zaji\u0161t\u011bn\u00ed rovn\u00e9ho p\u0159\u00edstupu pro v\u0161echny jednotlivce, zejm\u00e9na pro osoby se zdravotn\u00edm posti\u017een\u00edm.<\/p><p>Parkovac\u00ed m\u00edsta pro zdravotn\u011b posti\u017een\u00e9 umo\u017e\u0148uj\u00ed lidem se zdravotn\u00edm posti\u017een\u00edm stejnou \u00farove\u0148 mobility a nez\u00e1vislosti jako lidem bez posti\u017een\u00ed a poskytuj\u00ed jim mo\u017enost \u00fa\u010dastnit se \u010dinnost\u00ed a p\u0159\u00edstupu ke slu\u017eb\u00e1m, kter\u00e9 by jim jinak nemusely b\u00fdt dostupn\u00e9.<\/p><p>Kl\u00ed\u010dem k podpo\u0159e inkluzivity a dostupnosti v na\u0161\u00ed spole\u010dnosti je v\u0161ak pochopen\u00ed pot\u0159eby dostupn\u00e9ho parkov\u00e1n\u00ed, znalost typ\u016f dostupn\u00e9ho parkov\u00e1n\u00ed, pov\u011bdom\u00ed o v\u00fdhod\u00e1ch a zp\u016fsobu zaji\u0161t\u011bn\u00ed rovn\u00e9ho p\u0159\u00edstupu pro v\u0161echny.<\/p>\t\t\t\t\t\t\t\t<\/div>\n\t\t\t\t\t<\/div>\n\t\t<\/div>\n\t\t\t\t\t<\/div>\n\t\t<\/section>\n\t\t\t\t<section class=\"elementor-section elementor-top-section elementor-element elementor-element-4c9c68c elementor-section-boxed elementor-section-height-default elementor-section-height-default\" data-id=\"4c9c68c\" data-element_type=\"section\" data-e-type=\"section\">\n\t\t\t\t\t\t<div class=\"elementor-container elementor-column-gap-default\">\n\t\t\t\t\t<div class=\"elementor-column elementor-col-100 elementor-top-column elementor-element elementor-element-574796b\" data-id=\"574796b\" data-element_type=\"column\" data-e-type=\"column\">\n\t\t\t<div class=\"elementor-widget-wrap elementor-element-populated\">\n\t\t\t\t\t\t<div class=\"elementor-element elementor-element-548e9ae elementor-widget elementor-widget-text-editor\" data-id=\"548e9ae\" data-element_type=\"widget\" data-e-type=\"widget\" data-widget_type=\"text-editor.default\">\n\t\t\t\t\t\t\t\t\t<h2>Pochopen\u00ed pot\u0159eby p\u0159\u00edstupn\u00e9ho parkov\u00e1n\u00ed<\/h2><p><a href=\"https:\/\/splitcityparking.com\/cs\/\">Bezbari\u00e9rov\u00e9 \u200b\u200bparkov\u00e1n\u00ed<\/a> je kl\u00ed\u010dovou sou\u010d\u00e1st\u00ed zaji\u0161t\u011bn\u00ed rovn\u00e9ho p\u0159\u00edstupu pro osoby se zdravotn\u00edm posti\u017een\u00edm. Poskytuje lidem se zdravotn\u00edm posti\u017een\u00edm stejnou \u00farove\u0148 mobility a nez\u00e1vislosti jako lidem bez posti\u017een\u00ed.<\/p><p>Bez dostupn\u00e9ho parkov\u00e1n\u00ed mohou lid\u00e9 se zdravotn\u00edm posti\u017een\u00edm \u010delit p\u0159ek\u00e1\u017ek\u00e1m v p\u0159\u00edstupu k z\u00e1kladn\u00edm slu\u017eb\u00e1m, jako jsou zdravotnick\u00e1 za\u0159\u00edzen\u00ed a obchodn\u00ed centra. Bezbari\u00e9rov\u00e9 \u200b\u200bparkov\u00e1n\u00ed je d\u016fle\u017eit\u00e9 zejm\u00e9na pro jednotlivce, kte\u0159\u00ed pou\u017e\u00edvaj\u00ed invalidn\u00ed voz\u00edky, sk\u00fatry nebo jin\u00e9 prost\u0159edky mobility.<\/p><p>Tyto osoby mohou m\u00edt pot\u00ed\u017ee s p\u0159\u00edstupem do budov a za\u0159\u00edzen\u00ed, kter\u00e9 nemaj\u00ed rampy nebo kter\u00e9 nemaj\u00ed vyhrazen\u00e1 parkovac\u00ed m\u00edsta pro osoby se zdravotn\u00edm posti\u017een\u00edm. P\u0159\u00edstupn\u00e9 parkov\u00e1n\u00ed je nav\u00edc d\u016fle\u017eit\u00e9 i pro jednotlivce, kte\u0159\u00ed maj\u00ed pot\u00ed\u017ee s ch\u016fz\u00ed na dlouh\u00e9 vzd\u00e1lenosti nebo maj\u00ed jin\u00e9 probl\u00e9my souvisej\u00edc\u00ed s mobilitou.<\/p><p>Bezbari\u00e9rov\u00e9 \u200b\u200bparkov\u00e1n\u00ed je v\u00fdhodn\u00e9 nejen pro jednotlivce se zdravotn\u00edm posti\u017een\u00edm, ale i pro spole\u010dnost jako celek. Podporuje inkluzivitu a dostupnost a umo\u017e\u0148uje lidem s posti\u017een\u00edm pln\u011b se zapojit do spole\u010dnosti.<\/p><p>Bezbari\u00e9rov\u00e9 \u200b\u200bparkov\u00e1n\u00ed m\u016f\u017ee tak\u00e9 pomoci sn\u00ed\u017eit mno\u017estv\u00ed \u010dasu a \u00fasil\u00ed, kter\u00e9 lid\u00e9 s posti\u017een\u00edm pot\u0159ebuj\u00ed k p\u0159\u00edstupu k z\u00e1kladn\u00edm slu\u017eb\u00e1m a \u010dinnostem, co\u017e m\u016f\u017ee zlep\u0161it celkovou kvalitu jejich \u017eivota.<\/p><p>Pochopen\u00ed pot\u0159eby p\u0159\u00edstupn\u00e9ho parkov\u00e1n\u00ed je z\u00e1sadn\u00ed pro zaji\u0161t\u011bn\u00ed rovn\u00e9ho p\u0159\u00edstupu pro v\u0161echny jednotlivce, zejm\u00e9na pro osoby se zdravotn\u00edm posti\u017een\u00edm. Podporuje mobilitu, nez\u00e1vislost a za\u010dlen\u011bn\u00ed a pro m\u011bsta, podniky a organizace je z\u00e1sadn\u00ed zajistit, aby dostupn\u00e9 parkovi\u0161t\u011b bylo snadno dostupn\u00e9 a dob\u0159e udr\u017eovan\u00e9.<\/p>\t\t\t\t\t\t\t\t<\/div>\n\t\t\t\t\t<\/div>\n\t\t<\/div>\n\t\t\t\t\t<\/div>\n\t\t<\/section>\n\t\t\t\t<section class=\"elementor-section elementor-top-section elementor-element elementor-element-c89ea67 elementor-section-boxed elementor-section-height-default elementor-section-height-default\" data-id=\"c89ea67\" data-element_type=\"section\" data-e-type=\"section\">\n\t\t\t\t\t\t<div class=\"elementor-container elementor-column-gap-default\">\n\t\t\t\t\t<div class=\"elementor-column elementor-col-100 elementor-top-column elementor-element elementor-element-fb49b44\" data-id=\"fb49b44\" data-element_type=\"column\" data-e-type=\"column\">\n\t\t\t<div class=\"elementor-widget-wrap elementor-element-populated\">\n\t\t\t\t\t\t<div class=\"elementor-element elementor-element-10eb714 elementor-widget elementor-widget-image\" data-id=\"10eb714\" data-element_type=\"widget\" data-e-type=\"widget\" data-widget_type=\"image.default\">\n\t\t\t\t\t\t\t\t\t\t\t\t\t\t\t<img fetchpriority=\"high\" decoding=\"async\" width=\"800\" height=\"600\" src=\"https:\/\/splitcityparking.com\/wp-content\/uploads\/2023\/01\/Split-City-Parking_HR-Parkirna-mjesta-za-osobe-s-invaliditetom-2-7-1024x768.jpg\" class=\"attachment-large size-large wp-image-7961\" alt=\"\" srcset=\"https:\/\/splitcityparking.com\/wp-content\/uploads\/2023\/01\/Split-City-Parking_HR-Parkirna-mjesta-za-osobe-s-invaliditetom-2-7-1024x768.jpg 1024w, https:\/\/splitcityparking.com\/wp-content\/uploads\/2023\/01\/Split-City-Parking_HR-Parkirna-mjesta-za-osobe-s-invaliditetom-2-7-300x225.jpg 300w, https:\/\/splitcityparking.com\/wp-content\/uploads\/2023\/01\/Split-City-Parking_HR-Parkirna-mjesta-za-osobe-s-invaliditetom-2-7-768x576.jpg 768w, https:\/\/splitcityparking.com\/wp-content\/uploads\/2023\/01\/Split-City-Parking_HR-Parkirna-mjesta-za-osobe-s-invaliditetom-2-7-1536x1152.jpg 1536w, https:\/\/splitcityparking.com\/wp-content\/uploads\/2023\/01\/Split-City-Parking_HR-Parkirna-mjesta-za-osobe-s-invaliditetom-2-7.jpg 1600w\" sizes=\"(max-width: 800px) 100vw, 800px\" \/>\t\t\t\t\t\t\t\t\t\t\t\t\t\t\t<\/div>\n\t\t\t\t\t<\/div>\n\t\t<\/div>\n\t\t\t\t\t<\/div>\n\t\t<\/section>\n\t\t\t\t<section class=\"elementor-section elementor-top-section elementor-element elementor-element-5dfbcb3 elementor-section-boxed elementor-section-height-default elementor-section-height-default\" data-id=\"5dfbcb3\" data-element_type=\"section\" data-e-type=\"section\">\n\t\t\t\t\t\t<div class=\"elementor-container elementor-column-gap-default\">\n\t\t\t\t\t<div class=\"elementor-column elementor-col-100 elementor-top-column elementor-element elementor-element-fca9149\" data-id=\"fca9149\" data-element_type=\"column\" data-e-type=\"column\">\n\t\t\t<div class=\"elementor-widget-wrap elementor-element-populated\">\n\t\t\t\t\t\t<div class=\"elementor-element elementor-element-e297f4f elementor-widget elementor-widget-text-editor\" data-id=\"e297f4f\" data-element_type=\"widget\" data-e-type=\"widget\" data-widget_type=\"text-editor.default\">\n\t\t\t\t\t\t\t\t\t<h2>Typy bezbari\u00e9rov\u00e9ho parkov\u00e1n\u00ed<\/h2><p>Pokud jde o zaji\u0161t\u011bn\u00ed rovn\u00e9ho p\u0159\u00edstupu pro osoby se zdravotn\u00edm posti\u017een\u00edm, existuj\u00ed r\u016fzn\u00e9 typy p\u0159\u00edstupn\u00fdch parkovac\u00edch m\u00edst, kter\u00e1 lze nal\u00e9zt na ve\u0159ejn\u00fdch prostranstv\u00edch. To zahrnuje:<\/p><ol><li>Ur\u010den\u00e1 parkovac\u00ed st\u00e1n\u00ed pro invalidy: Tato st\u00e1n\u00ed jsou ozna\u010dena cedulkou s mezin\u00e1rodn\u00edm symbolem bezbari\u00e9rovosti a jsou um\u00edst\u011bna zpravidla v bl\u00edzkosti vchodu do objektu nebo za\u0159\u00edzen\u00ed. Jsou navr\u017eeny tak, aby poskytovaly praktick\u00e9 a dostupn\u00e9 parkov\u00e1n\u00ed pro osoby s omezenou pohyblivost\u00ed.<\/li><li>M\u00edsta p\u0159\u00edstupn\u00e1 pro dod\u00e1vky: Tato m\u00edsta jsou \u0161ir\u0161\u00ed ne\u017e standardn\u00ed parkovac\u00ed m\u00edsta a jsou navr\u017eena pro um\u00edst\u011bn\u00ed v\u011bt\u0161\u00edch vozidel, jako jsou dod\u00e1vky vybaven\u00e9 zved\u00e1ky pro invalidn\u00ed voz\u00edky. Poskytuj\u00ed tak\u00e9 dal\u0161\u00ed prostor pro jednotlivce, kte\u0159\u00ed pou\u017e\u00edvaj\u00ed mobiln\u00ed za\u0159\u00edzen\u00ed k nastupov\u00e1n\u00ed a vystupov\u00e1n\u00ed z vozidla.<\/li><li>Parkovac\u00ed m\u00edsta s rampami a obrubn\u00edky: Tato m\u00edsta poskytuj\u00ed p\u0159\u00edstup na chodn\u00edky a dal\u0161\u00ed plochy pro osoby se zdravotn\u00edm posti\u017een\u00edm, co\u017e jim umo\u017e\u0148uje sn\u00e1ze se v dan\u00e9 oblasti pohybovat. B\u00fdvaj\u00ed opat\u0159eny n\u00e1jezdy nebo obrubn\u00edky, kter\u00e9 umo\u017e\u0148uj\u00ed plynul\u00fd p\u0159echod z parkovac\u00edho m\u00edsta na chodn\u00edk.<\/li><\/ol><p>\u00a0<\/p><p>Celkov\u011b tyto r\u016fzn\u00e9 typy p\u0159\u00edstupn\u00fdch parkovac\u00edch m\u00edst slou\u017e\u00ed k zaji\u0161t\u011bn\u00ed rovn\u00e9ho p\u0159\u00edstupu a pohodl\u00ed pro osoby se zdravotn\u00edm posti\u017een\u00edm, co\u017e jim umo\u017e\u0148uje pln\u011b se zapojit do spole\u010dnosti a z\u00edskat p\u0159\u00edstup k z\u00e1kladn\u00edm slu\u017eb\u00e1m.<\/p>\t\t\t\t\t\t\t\t<\/div>\n\t\t\t\t\t<\/div>\n\t\t<\/div>\n\t\t\t\t\t<\/div>\n\t\t<\/section>\n\t\t\t\t<section class=\"elementor-section elementor-top-section elementor-element elementor-element-f7b3fbc elementor-section-boxed elementor-section-height-default elementor-section-height-default\" data-id=\"f7b3fbc\" data-element_type=\"section\" data-e-type=\"section\">\n\t\t\t\t\t\t<div class=\"elementor-container elementor-column-gap-default\">\n\t\t\t\t\t<div class=\"elementor-column elementor-col-100 elementor-top-column elementor-element elementor-element-61baf1a\" data-id=\"61baf1a\" data-element_type=\"column\" data-e-type=\"column\">\n\t\t\t<div class=\"elementor-widget-wrap elementor-element-populated\">\n\t\t\t\t\t\t<div class=\"elementor-element elementor-element-eb416c2 elementor-widget elementor-widget-image\" data-id=\"eb416c2\" data-element_type=\"widget\" data-e-type=\"widget\" data-widget_type=\"image.default\">\n\t\t\t\t\t\t\t\t\t\t\t\t\t\t\t<img decoding=\"async\" width=\"800\" height=\"600\" src=\"https:\/\/splitcityparking.com\/wp-content\/uploads\/2023\/01\/Split-City-Parking_HR-Parkirna-mjesta-za-osobe-s-invaliditetom-3-7-1024x768.jpg\" class=\"attachment-large size-large wp-image-7967\" alt=\"\" srcset=\"https:\/\/splitcityparking.com\/wp-content\/uploads\/2023\/01\/Split-City-Parking_HR-Parkirna-mjesta-za-osobe-s-invaliditetom-3-7-1024x768.jpg 1024w, https:\/\/splitcityparking.com\/wp-content\/uploads\/2023\/01\/Split-City-Parking_HR-Parkirna-mjesta-za-osobe-s-invaliditetom-3-7-300x225.jpg 300w, https:\/\/splitcityparking.com\/wp-content\/uploads\/2023\/01\/Split-City-Parking_HR-Parkirna-mjesta-za-osobe-s-invaliditetom-3-7-768x576.jpg 768w, https:\/\/splitcityparking.com\/wp-content\/uploads\/2023\/01\/Split-City-Parking_HR-Parkirna-mjesta-za-osobe-s-invaliditetom-3-7-1536x1152.jpg 1536w, https:\/\/splitcityparking.com\/wp-content\/uploads\/2023\/01\/Split-City-Parking_HR-Parkirna-mjesta-za-osobe-s-invaliditetom-3-7.jpg 1600w\" sizes=\"(max-width: 800px) 100vw, 800px\" \/>\t\t\t\t\t\t\t\t\t\t\t\t\t\t\t<\/div>\n\t\t\t\t\t<\/div>\n\t\t<\/div>\n\t\t\t\t\t<\/div>\n\t\t<\/section>\n\t\t\t\t<section class=\"elementor-section elementor-top-section elementor-element elementor-element-07c793f elementor-section-boxed elementor-section-height-default elementor-section-height-default\" data-id=\"07c793f\" data-element_type=\"section\" data-e-type=\"section\">\n\t\t\t\t\t\t<div class=\"elementor-container elementor-column-gap-default\">\n\t\t\t\t\t<div class=\"elementor-column elementor-col-100 elementor-top-column elementor-element elementor-element-35acf37\" data-id=\"35acf37\" data-element_type=\"column\" data-e-type=\"column\">\n\t\t\t<div class=\"elementor-widget-wrap elementor-element-populated\">\n\t\t\t\t\t\t<div class=\"elementor-element elementor-element-33d32ec elementor-widget elementor-widget-text-editor\" data-id=\"33d32ec\" data-element_type=\"widget\" data-e-type=\"widget\" data-widget_type=\"text-editor.default\">\n\t\t\t\t\t\t\t\t\t<h2>V\u00fdhody bezbari\u00e9rov\u00e9ho parkov\u00e1n\u00ed<\/h2><p>V\u00fdhody dostupn\u00e9ho parkov\u00e1n\u00ed jsou \u010detn\u00e9 a dalekos\u00e1hl\u00e9. Nejen\u017ee poskytuje v\u011bt\u0161\u00ed mobilitu a nez\u00e1vislost jedinc\u016fm se zdravotn\u00edm posti\u017een\u00edm, ale tak\u00e9 podporuje inkluzivitu a dostupnost pro v\u0161echny, zlep\u0161uje kvalitu \u017eivota a m\u016f\u017ee b\u00fdt n\u00e1kladov\u011b efektivn\u00ed. Zde jsou n\u011bkter\u00e9 hlavn\u00ed v\u00fdhody bezbari\u00e9rov\u00e9ho parkov\u00e1n\u00ed:<\/p><ol><li>V\u011bt\u0161\u00ed mobilita a nez\u00e1vislost: Bezbari\u00e9rov\u00e1 parkovac\u00ed m\u00edsta umo\u017e\u0148uj\u00ed lidem s posti\u017een\u00edm stejnou \u00farove\u0148 mobility a nez\u00e1vislosti jako lidem bez posti\u017een\u00ed. Umo\u017e\u0148uje jim \u00fa\u010dastnit se \u010dinnost\u00ed a p\u0159istupovat ke slu\u017eb\u00e1m, kter\u00e9 by jim jinak nemusely b\u00fdt dostupn\u00e9.<\/li><li>Podporuje inkluzivitu a dostupnost: Bezbari\u00e9rov\u00e9 \u200b\u200bparkov\u00e1n\u00ed podporuje inkluzivitu a dostupnost pro v\u0161echny \u010dleny spole\u010dnosti. Umo\u017e\u0148uje lidem se zdravotn\u00edm posti\u017een\u00edm pln\u011b se zapojit do jejich komunity a pom\u00e1h\u00e1 sni\u017eovat bari\u00e9ry v p\u0159\u00edstupu k z\u00e1kladn\u00edm slu\u017eb\u00e1m a \u010dinnostem.<\/li><li>Zlep\u0161uje kvalitu \u017eivota: Bezbari\u00e9rov\u00e9 \u200b\u200bparkov\u00e1n\u00ed m\u016f\u017ee pomoci sn\u00ed\u017eit mno\u017estv\u00ed \u010dasu a \u00fasil\u00ed, kter\u00e9 jednotlivci s posti\u017een\u00edm pot\u0159ebuj\u00ed k p\u0159\u00edstupu k z\u00e1kladn\u00edm slu\u017eb\u00e1m a \u010dinnostem, co\u017e m\u016f\u017ee zlep\u0161it celkovou kvalitu jejich \u017eivota. Umo\u017e\u0148uje jim tak\u00e9 \u017e\u00edt samostatn\u011bj\u0161\u00ed \u017eivot, co\u017e m\u016f\u017ee m\u00edt pozitivn\u00ed vliv na du\u0161evn\u00ed i fyzick\u00e9 zdrav\u00ed.<\/li><li>N\u00e1kladov\u011b efektivn\u00ed: Dostupn\u00e9 parkov\u00e1n\u00ed m\u016f\u017ee b\u00fdt tak\u00e9 n\u00e1kladov\u011b efektivn\u00ed, proto\u017ee m\u016f\u017ee sn\u00ed\u017eit pot\u0159ebu dopravy nebo osobn\u00ed asistence, co\u017e m\u016f\u017ee z dlouhodob\u00e9ho hlediska u\u0161et\u0159it pen\u00edze, co\u017e neznamen\u00e1, \u017ee si mus\u00edte vybrat <a href=\"https:\/\/splitcityparking.com\/cs\/nejlevnejsi-parkovani-ve-splitu-chorvatsko\/\">nejlevn\u011bj\u0161\u00ed parkov\u00e1n\u00ed ve Splitu<\/a>.<\/li><\/ol>\t\t\t\t\t\t\t\t<\/div>\n\t\t\t\t\t<\/div>\n\t\t<\/div>\n\t\t\t\t\t<\/div>\n\t\t<\/section>\n\t\t\t\t<section class=\"elementor-section elementor-top-section elementor-element elementor-element-152cb77 elementor-section-boxed elementor-section-height-default elementor-section-height-default\" data-id=\"152cb77\" data-element_type=\"section\" data-e-type=\"section\">\n\t\t\t\t\t\t<div class=\"elementor-container elementor-column-gap-default\">\n\t\t\t\t\t<div class=\"elementor-column elementor-col-100 elementor-top-column elementor-element elementor-element-096c730\" data-id=\"096c730\" data-element_type=\"column\" data-e-type=\"column\">\n\t\t\t<div class=\"elementor-widget-wrap elementor-element-populated\">\n\t\t\t\t\t\t<div class=\"elementor-element elementor-element-808f925 elementor-widget elementor-widget-image\" data-id=\"808f925\" data-element_type=\"widget\" data-e-type=\"widget\" data-widget_type=\"image.default\">\n\t\t\t\t\t\t\t\t\t\t\t\t\t\t\t<img decoding=\"async\" width=\"800\" height=\"566\" src=\"https:\/\/splitcityparking.com\/wp-content\/uploads\/2023\/01\/Split-City-Parking_HR-Parkirna-mjesta-za-osobe-s-invaliditetom-4-9-1024x724.jpg\" class=\"attachment-large size-large wp-image-7973\" alt=\"\" srcset=\"https:\/\/splitcityparking.com\/wp-content\/uploads\/2023\/01\/Split-City-Parking_HR-Parkirna-mjesta-za-osobe-s-invaliditetom-4-9-1024x724.jpg 1024w, https:\/\/splitcityparking.com\/wp-content\/uploads\/2023\/01\/Split-City-Parking_HR-Parkirna-mjesta-za-osobe-s-invaliditetom-4-9-300x212.jpg 300w, https:\/\/splitcityparking.com\/wp-content\/uploads\/2023\/01\/Split-City-Parking_HR-Parkirna-mjesta-za-osobe-s-invaliditetom-4-9-768x543.jpg 768w, https:\/\/splitcityparking.com\/wp-content\/uploads\/2023\/01\/Split-City-Parking_HR-Parkirna-mjesta-za-osobe-s-invaliditetom-4-9-1536x1086.jpg 1536w, https:\/\/splitcityparking.com\/wp-content\/uploads\/2023\/01\/Split-City-Parking_HR-Parkirna-mjesta-za-osobe-s-invaliditetom-4-9.jpg 1920w\" sizes=\"(max-width: 800px) 100vw, 800px\" \/>\t\t\t\t\t\t\t\t\t\t\t\t\t\t\t<\/div>\n\t\t\t\t\t<\/div>\n\t\t<\/div>\n\t\t\t\t\t<\/div>\n\t\t<\/section>\n\t\t\t\t<section class=\"elementor-section elementor-top-section elementor-element elementor-element-2e403e4 elementor-section-boxed elementor-section-height-default elementor-section-height-default\" data-id=\"2e403e4\" data-element_type=\"section\" data-e-type=\"section\">\n\t\t\t\t\t\t<div class=\"elementor-container elementor-column-gap-default\">\n\t\t\t\t\t<div class=\"elementor-column elementor-col-100 elementor-top-column elementor-element elementor-element-56578d6\" data-id=\"56578d6\" data-element_type=\"column\" data-e-type=\"column\">\n\t\t\t<div class=\"elementor-widget-wrap elementor-element-populated\">\n\t\t\t\t\t\t<div class=\"elementor-element elementor-element-6c94e40 elementor-widget elementor-widget-text-editor\" data-id=\"6c94e40\" data-element_type=\"widget\" data-e-type=\"widget\" data-widget_type=\"text-editor.default\">\n\t\t\t\t\t\t\t\t\t<h2>Zaji\u0161t\u011bn\u00ed rovn\u00e9ho p\u0159\u00edstupu pro v\u0161echny<\/h2><p>Zaji\u0161t\u011bn\u00ed bezbari\u00e9rov\u00e9ho parkov\u00e1n\u00ed je d\u016fle\u017eit\u00fdm krokem k zaji\u0161t\u011bn\u00ed rovn\u00e9ho p\u0159\u00edstupu pro osoby se zdravotn\u00edm posti\u017een\u00edm, ale nesta\u010d\u00ed. Je tak\u00e9 d\u016fle\u017eit\u00e9 zajistit, aby dostupn\u00e9 parkovi\u0161t\u011b bylo snadno dostupn\u00e9, dob\u0159e udr\u017eovan\u00e9 a nezneu\u017e\u00edvan\u00e9.<\/p><p>Zde je n\u011bkolik zp\u016fsob\u016f, jak zajistit rovn\u00fd p\u0159\u00edstup pro v\u0161echny:<\/p><ol><li>Zajist\u011bte dostupnost a \u00fadr\u017ebu. M\u011bsta, podniky a organizace by m\u011bly zajistit p\u0159\u00edstupn\u00e1 parkovac\u00ed m\u00edsta, kter\u00e1 jsou jasn\u011b ozna\u010dena a udr\u017eovat rampy a obrubn\u00edky v dobr\u00e9m stavu, co\u017e zajist\u00ed bezpe\u010dn\u00e9 parkovac\u00ed m\u00edsto pro osoby se zdravotn\u00edm posti\u017een\u00edm.<\/li><li>Pravideln\u00fd dohled. Pravideln\u00e9 monitorov\u00e1n\u00ed a vym\u00e1h\u00e1n\u00ed z\u00e1kon\u016f a p\u0159edpis\u016f o parkov\u00e1n\u00ed je d\u016fle\u017eit\u00e9, aby bylo zaji\u0161t\u011bno, \u017ee dostupn\u00e1 parkovac\u00ed m\u00edsta nebudou zneu\u017eita. <a href=\"https:\/\/splitcityparking.com\/cs\/parkovani-v-garazi-vs-venkovni-parkoviste\/\">Parkov\u00e1n\u00ed v gar\u00e1\u017ei<\/a> v\u00e1m u\u0161et\u0159\u00ed starosti, proto\u017ee gar\u00e1\u017ee maj\u00ed \u010dasto kamery, kter\u00e9 mohou zachytit zlod\u011bje a podobn\u011b. Zneu\u017e\u00edv\u00e1n\u00ed p\u0159\u00edstupn\u00fdch parkovac\u00edch m\u00edst m\u016f\u017ee lidem se zdravotn\u00edm posti\u017een\u00edm zt\u00ed\u017eit nalezen\u00ed vhodn\u00e9ho parkovac\u00edho m\u00edsta, co\u017e m\u016f\u017ee b\u00fdt frustruj\u00edc\u00ed a omezovat jejich p\u0159\u00edstup k z\u00e1kladn\u00edm slu\u017eb\u00e1m a \u010dinnostem.<\/li><li>Vzd\u011bl\u00e1n\u00ed. Pou\u010den\u00ed zam\u011bstnanc\u016f, z\u00e1kazn\u00edk\u016f a ve\u0159ejnosti o d\u016fle\u017eitosti p\u0159\u00edstupn\u00e9ho parkov\u00e1n\u00ed a sankc\u00edch za zneu\u017eit\u00ed m\u016f\u017ee pomoci sn\u00ed\u017eit po\u010det p\u0159\u00edpad\u016f zneu\u017eit\u00ed t\u011bchto prostor.<\/li><li>Spolupr\u00e1ce: Spolupr\u00e1ce mezi m\u011bsty, podniky a organizacemi m\u016f\u017ee pomoci zajistit, \u017ee dostupn\u00e9 parkovi\u0161t\u011b bude snadno dostupn\u00e9 a dob\u0159e udr\u017eovan\u00e9. To m\u016f\u017ee zahrnovat spolupr\u00e1ci na v\u00fdvoji a implementaci z\u00e1sad a pokyn\u016f pro p\u0159\u00edstupn\u00e9 parkov\u00e1n\u00ed, stejn\u011b jako sd\u00edlen\u00ed informac\u00ed o dostupn\u00fdch parkovac\u00edch m\u00edstech a zdroj\u00edch.<\/li><\/ol><p>\u00a0<\/p><p>Zaji\u0161t\u011bn\u00ed rovn\u00e9ho p\u0159\u00edstupu pro v\u0161echny jednotlivce, zejm\u00e9na osoby se zdravotn\u00edm posti\u017een\u00edm, vy\u017eaduje v\u00edce ne\u017e jen zaji\u0161t\u011bn\u00ed p\u0159\u00edstupn\u00e9ho parkov\u00e1n\u00ed. Prost\u0159ednictv\u00edm pravideln\u00e9ho monitorov\u00e1n\u00ed, vzd\u011bl\u00e1v\u00e1n\u00ed a spolupr\u00e1ce je d\u016fle\u017eit\u00e9 zajistit, aby dostupn\u00e9 parkovi\u0161t\u011b bylo snadno dostupn\u00e9, dob\u0159e udr\u017eovan\u00e9 a nezneu\u017e\u00edvan\u00e9. To pom\u016f\u017ee vytvo\u0159it inkluzivn\u00ed a dostupnou spole\u010dnost pro v\u0161echny.<\/p>\t\t\t\t\t\t\t\t<\/div>\n\t\t\t\t\t<\/div>\n\t\t<\/div>\n\t\t\t\t\t<\/div>\n\t\t<\/section>\n\t\t\t\t<section class=\"elementor-section elementor-top-section elementor-element elementor-element-d33df03 elementor-section-boxed elementor-section-height-default elementor-section-height-default\" data-id=\"d33df03\" data-element_type=\"section\" data-e-type=\"section\">\n\t\t\t\t\t\t<div class=\"elementor-container elementor-column-gap-default\">\n\t\t\t\t\t<div class=\"elementor-column elementor-col-100 elementor-top-column elementor-element elementor-element-537cccc\" data-id=\"537cccc\" data-element_type=\"column\" data-e-type=\"column\">\n\t\t\t<div class=\"elementor-widget-wrap elementor-element-populated\">\n\t\t\t\t\t\t<div class=\"elementor-element elementor-element-ac48bda elementor-widget elementor-widget-text-editor\" data-id=\"ac48bda\" data-element_type=\"widget\" data-e-type=\"widget\" data-widget_type=\"text-editor.default\">\n\t\t\t\t\t\t\t\t\t<h2>Kde je ve Splitu naj\u00edt?<\/h2>\n<p>Ve Splitu jsou dostupn\u00e1 parkovac\u00ed m\u00edsta na r\u016fzn\u00fdch m\u00edstech, v\u010detn\u011b n\u00e1kupn\u00edch center, zdravotnick\u00fdch za\u0159\u00edzen\u00ed a vl\u00e1dn\u00edch budov. Mnoho <a href=\"https:\/\/splitcityparking.com\/cs\/parkovani-ve-splitu-u-stareho-mesta\/\">parkovi\u0161\u0165 v centru m\u011bsta<\/a> m\u00e1 tak\u00e9 vyhrazen\u00e1 parkovac\u00ed m\u00edsta pro invalidy, stejn\u011b jako rampy a obrubn\u00edky.<\/p>\n<p>V na\u0161\u00ed gar\u00e1\u017ei najdete parkovac\u00ed m\u00edsta pro invalidy! Split City Parking je parkovi\u0161t\u011b nedaleko star\u00e9ho m\u011bsta, kter\u00e9 se nach\u00e1z\u00ed v bezprost\u0159edn\u00ed bl\u00edzkosti v\u0161ech slavn\u00fdch pam\u00e1tek m\u011bsta Split a zaplat\u00edte pouze 20 \u20ac za den. Na\u0161e parkovac\u00ed m\u00edsta jsou prostorn\u00e1 a n\u011bkter\u00e1 z nich jsou speci\u00e1ln\u011b upravena pro osoby se zdravotn\u00edm posti\u017een\u00edm.<\/p>\t\t\t\t\t\t\t\t<\/div>\n\t\t\t\t\t<\/div>\n\t\t<\/div>\n\t\t\t\t\t<\/div>\n\t\t<\/section>\n\t\t\t\t<\/div>\n\t\t","protected":false},"excerpt":{"rendered":"<p>P\u0159em\u00fd\u0161l\u00edte, kde zaparkovat ve Splitu a z\u00e1rove\u0148 m\u00edt parkovac\u00ed m\u00edsto pro osoby se zdravotn\u00edm posti\u017een\u00edm? Bezbari\u00e9rov\u00e9 \u200b\u200bparkov\u00e1n\u00ed je z\u00e1sadn\u00edm aspektem zaji\u0161t\u011bn\u00ed rovn\u00e9ho p\u0159\u00edstupu pro v\u0161echny jednotlivce, zejm\u00e9na pro osoby se zdravotn\u00edm posti\u017een\u00edm. Parkovac\u00ed m\u00edsta pro zdravotn\u011b posti\u017een\u00e9 umo\u017e\u0148uj\u00ed lidem se zdravotn\u00edm posti\u017een\u00edm stejnou \u00farove\u0148 mobility a nez\u00e1vislosti jako lidem bez posti\u017een\u00ed a poskytuj\u00ed jim mo\u017enost [&hellip;]<\/p>\n","protected":false},"author":1,"featured_media":4677,"comment_status":"open","ping_status":"open","sticky":false,"template":"","format":"standard","meta":{"footnotes":""},"categories":[157],"tags":[],"class_list":["post-4756","post","type-post","status-publish","format-standard","has-post-thumbnail","hentry","category-uncategorized"],"yoast_head":"<!-- This site is optimized with the Yoast SEO plugin v27.4 - https:\/\/yoast.com\/product\/yoast-seo-wordpress\/ -->\n<title>Parkovac\u00ed m\u00edsta pro invalidy<\/title>\n<meta name=\"description\" content=\"Parkov\u00e1n\u00ed pro invalidy je d\u016fle\u017eit\u00fdm aspektem zaji\u0161t\u011bn\u00ed rovn\u00e9ho p\u0159\u00edstupu pro v\u0161echny.\" \/>\n<meta name=\"robots\" content=\"index, follow, max-snippet:-1, max-image-preview:large, max-video-preview:-1\" \/>\n<link rel=\"canonical\" href=\"https:\/\/splitcityparking.com\/cs\/parkovaci-mista-pro-invalidy\/\" \/>\n<meta property=\"og:locale\" content=\"cs_CZ\" \/>\n<meta property=\"og:type\" content=\"article\" \/>\n<meta property=\"og:title\" content=\"Parkovac\u00ed m\u00edsta pro invalidy\" \/>\n<meta property=\"og:description\" content=\"Parkov\u00e1n\u00ed pro invalidy je d\u016fle\u017eit\u00fdm aspektem zaji\u0161t\u011bn\u00ed rovn\u00e9ho p\u0159\u00edstupu pro v\u0161echny.\" \/>\n<meta property=\"og:url\" content=\"https:\/\/splitcityparking.com\/cs\/parkovaci-mista-pro-invalidy\/\" \/>\n<meta property=\"og:site_name\" content=\"Split City Parking\" \/>\n<meta property=\"article:published_time\" content=\"2023-02-22T18:10:59+00:00\" \/>\n<meta property=\"article:modified_time\" content=\"2023-11-22T15:43:14+00:00\" \/>\n<meta property=\"og:image\" content=\"https:\/\/splitcityparking.com\/wp-content\/uploads\/2023\/01\/Split-City-Parking_HR-Parkirna-mjesta-za-osobe-s-invaliditetom-1.jpg\" \/>\n\t<meta property=\"og:image:width\" content=\"2048\" \/>\n\t<meta property=\"og:image:height\" content=\"1536\" \/>\n\t<meta property=\"og:image:type\" content=\"image\/jpeg\" \/>\n<meta name=\"author\" content=\"parking\" \/>\n<meta name=\"twitter:card\" content=\"summary_large_image\" \/>\n<meta name=\"twitter:label1\" content=\"Napsal(a)\" \/>\n\t<meta name=\"twitter:data1\" content=\"parking\" \/>\n\t<meta name=\"twitter:label2\" content=\"Odhadovan\u00e1 doba \u010dten\u00ed\" \/>\n\t<meta name=\"twitter:data2\" content=\"6 minut\" \/>\n<script type=\"application\/ld+json\" class=\"yoast-schema-graph\">{\"@context\":\"https:\\\/\\\/schema.org\",\"@graph\":[{\"@type\":\"Article\",\"@id\":\"https:\\\/\\\/splitcityparking.com\\\/cs\\\/parkovaci-mista-pro-invalidy\\\/#article\",\"isPartOf\":{\"@id\":\"https:\\\/\\\/splitcityparking.com\\\/cs\\\/parkovaci-mista-pro-invalidy\\\/\"},\"author\":{\"name\":\"parking\",\"@id\":\"https:\\\/\\\/splitcityparking.com\\\/cs\\\/#\\\/schema\\\/person\\\/67bfeb6a49b0026ad87cee0923224dd6\"},\"headline\":\"Parkovac\u00ed m\u00edsta pro invalidy\",\"datePublished\":\"2023-02-22T18:10:59+00:00\",\"dateModified\":\"2023-11-22T15:43:14+00:00\",\"mainEntityOfPage\":{\"@id\":\"https:\\\/\\\/splitcityparking.com\\\/cs\\\/parkovaci-mista-pro-invalidy\\\/\"},\"wordCount\":1586,\"commentCount\":0,\"image\":{\"@id\":\"https:\\\/\\\/splitcityparking.com\\\/cs\\\/parkovaci-mista-pro-invalidy\\\/#primaryimage\"},\"thumbnailUrl\":\"https:\\\/\\\/splitcityparking.com\\\/wp-content\\\/uploads\\\/2023\\\/01\\\/Split-City-Parking_HR-Parkirna-mjesta-za-osobe-s-invaliditetom-1.jpg\",\"articleSection\":[\"Uncategorized\"],\"inLanguage\":\"cs\",\"potentialAction\":[{\"@type\":\"CommentAction\",\"name\":\"Comment\",\"target\":[\"https:\\\/\\\/splitcityparking.com\\\/cs\\\/parkovaci-mista-pro-invalidy\\\/#respond\"]}]},{\"@type\":\"WebPage\",\"@id\":\"https:\\\/\\\/splitcityparking.com\\\/cs\\\/parkovaci-mista-pro-invalidy\\\/\",\"url\":\"https:\\\/\\\/splitcityparking.com\\\/cs\\\/parkovaci-mista-pro-invalidy\\\/\",\"name\":\"Parkovac\u00ed m\u00edsta pro invalidy\",\"isPartOf\":{\"@id\":\"https:\\\/\\\/splitcityparking.com\\\/cs\\\/#website\"},\"primaryImageOfPage\":{\"@id\":\"https:\\\/\\\/splitcityparking.com\\\/cs\\\/parkovaci-mista-pro-invalidy\\\/#primaryimage\"},\"image\":{\"@id\":\"https:\\\/\\\/splitcityparking.com\\\/cs\\\/parkovaci-mista-pro-invalidy\\\/#primaryimage\"},\"thumbnailUrl\":\"https:\\\/\\\/splitcityparking.com\\\/wp-content\\\/uploads\\\/2023\\\/01\\\/Split-City-Parking_HR-Parkirna-mjesta-za-osobe-s-invaliditetom-1.jpg\",\"datePublished\":\"2023-02-22T18:10:59+00:00\",\"dateModified\":\"2023-11-22T15:43:14+00:00\",\"author\":{\"@id\":\"https:\\\/\\\/splitcityparking.com\\\/cs\\\/#\\\/schema\\\/person\\\/67bfeb6a49b0026ad87cee0923224dd6\"},\"description\":\"Parkov\u00e1n\u00ed pro invalidy je d\u016fle\u017eit\u00fdm aspektem zaji\u0161t\u011bn\u00ed rovn\u00e9ho p\u0159\u00edstupu pro v\u0161echny.\",\"breadcrumb\":{\"@id\":\"https:\\\/\\\/splitcityparking.com\\\/cs\\\/parkovaci-mista-pro-invalidy\\\/#breadcrumb\"},\"inLanguage\":\"cs\",\"potentialAction\":[{\"@type\":\"ReadAction\",\"target\":[\"https:\\\/\\\/splitcityparking.com\\\/cs\\\/parkovaci-mista-pro-invalidy\\\/\"]}]},{\"@type\":\"ImageObject\",\"inLanguage\":\"cs\",\"@id\":\"https:\\\/\\\/splitcityparking.com\\\/cs\\\/parkovaci-mista-pro-invalidy\\\/#primaryimage\",\"url\":\"https:\\\/\\\/splitcityparking.com\\\/wp-content\\\/uploads\\\/2023\\\/01\\\/Split-City-Parking_HR-Parkirna-mjesta-za-osobe-s-invaliditetom-1.jpg\",\"contentUrl\":\"https:\\\/\\\/splitcityparking.com\\\/wp-content\\\/uploads\\\/2023\\\/01\\\/Split-City-Parking_HR-Parkirna-mjesta-za-osobe-s-invaliditetom-1.jpg\",\"width\":2048,\"height\":1536,\"caption\":\"Split City Parking\"},{\"@type\":\"BreadcrumbList\",\"@id\":\"https:\\\/\\\/splitcityparking.com\\\/cs\\\/parkovaci-mista-pro-invalidy\\\/#breadcrumb\",\"itemListElement\":[{\"@type\":\"ListItem\",\"position\":1,\"name\":\"Home\",\"item\":\"https:\\\/\\\/splitcityparking.com\\\/cs\\\/\"},{\"@type\":\"ListItem\",\"position\":2,\"name\":\"Parkovac\u00ed m\u00edsta pro invalidy\"}]},{\"@type\":\"WebSite\",\"@id\":\"https:\\\/\\\/splitcityparking.com\\\/cs\\\/#website\",\"url\":\"https:\\\/\\\/splitcityparking.com\\\/cs\\\/\",\"name\":\"Split City Parking\",\"description\":\"Parking and parking garages in Split. Reserve now and secure your parking space in our garage!\",\"potentialAction\":[{\"@type\":\"SearchAction\",\"target\":{\"@type\":\"EntryPoint\",\"urlTemplate\":\"https:\\\/\\\/splitcityparking.com\\\/cs\\\/?s={search_term_string}\"},\"query-input\":{\"@type\":\"PropertyValueSpecification\",\"valueRequired\":true,\"valueName\":\"search_term_string\"}}],\"inLanguage\":\"cs\"},{\"@type\":\"Person\",\"@id\":\"https:\\\/\\\/splitcityparking.com\\\/cs\\\/#\\\/schema\\\/person\\\/67bfeb6a49b0026ad87cee0923224dd6\",\"name\":\"parking\",\"image\":{\"@type\":\"ImageObject\",\"inLanguage\":\"cs\",\"@id\":\"https:\\\/\\\/secure.gravatar.com\\\/avatar\\\/5a8a4db074faa17539b9bbbae12ed6d18176060e70861db07ee16c5f81b3b911?s=96&d=mm&r=g\",\"url\":\"https:\\\/\\\/secure.gravatar.com\\\/avatar\\\/5a8a4db074faa17539b9bbbae12ed6d18176060e70861db07ee16c5f81b3b911?s=96&d=mm&r=g\",\"contentUrl\":\"https:\\\/\\\/secure.gravatar.com\\\/avatar\\\/5a8a4db074faa17539b9bbbae12ed6d18176060e70861db07ee16c5f81b3b911?s=96&d=mm&r=g\",\"caption\":\"parking\"},\"sameAs\":[\"https:\\\/\\\/splitcityparking.com\"]}]}<\/script>\n<!-- \/ Yoast SEO plugin. -->","yoast_head_json":{"title":"Parkovac\u00ed m\u00edsta pro invalidy","description":"Parkov\u00e1n\u00ed pro invalidy je d\u016fle\u017eit\u00fdm aspektem zaji\u0161t\u011bn\u00ed rovn\u00e9ho p\u0159\u00edstupu pro v\u0161echny.","robots":{"index":"index","follow":"follow","max-snippet":"max-snippet:-1","max-image-preview":"max-image-preview:large","max-video-preview":"max-video-preview:-1"},"canonical":"https:\/\/splitcityparking.com\/cs\/parkovaci-mista-pro-invalidy\/","og_locale":"cs_CZ","og_type":"article","og_title":"Parkovac\u00ed m\u00edsta pro invalidy","og_description":"Parkov\u00e1n\u00ed pro invalidy je d\u016fle\u017eit\u00fdm aspektem zaji\u0161t\u011bn\u00ed rovn\u00e9ho p\u0159\u00edstupu pro v\u0161echny.","og_url":"https:\/\/splitcityparking.com\/cs\/parkovaci-mista-pro-invalidy\/","og_site_name":"Split City Parking","article_published_time":"2023-02-22T18:10:59+00:00","article_modified_time":"2023-11-22T15:43:14+00:00","og_image":[{"width":2048,"height":1536,"url":"https:\/\/splitcityparking.com\/wp-content\/uploads\/2023\/01\/Split-City-Parking_HR-Parkirna-mjesta-za-osobe-s-invaliditetom-1.jpg","type":"image\/jpeg"}],"author":"parking","twitter_card":"summary_large_image","twitter_misc":{"Napsal(a)":"parking","Odhadovan\u00e1 doba \u010dten\u00ed":"6 minut"},"schema":{"@context":"https:\/\/schema.org","@graph":[{"@type":"Article","@id":"https:\/\/splitcityparking.com\/cs\/parkovaci-mista-pro-invalidy\/#article","isPartOf":{"@id":"https:\/\/splitcityparking.com\/cs\/parkovaci-mista-pro-invalidy\/"},"author":{"name":"parking","@id":"https:\/\/splitcityparking.com\/cs\/#\/schema\/person\/67bfeb6a49b0026ad87cee0923224dd6"},"headline":"Parkovac\u00ed m\u00edsta pro invalidy","datePublished":"2023-02-22T18:10:59+00:00","dateModified":"2023-11-22T15:43:14+00:00","mainEntityOfPage":{"@id":"https:\/\/splitcityparking.com\/cs\/parkovaci-mista-pro-invalidy\/"},"wordCount":1586,"commentCount":0,"image":{"@id":"https:\/\/splitcityparking.com\/cs\/parkovaci-mista-pro-invalidy\/#primaryimage"},"thumbnailUrl":"https:\/\/splitcityparking.com\/wp-content\/uploads\/2023\/01\/Split-City-Parking_HR-Parkirna-mjesta-za-osobe-s-invaliditetom-1.jpg","articleSection":["Uncategorized"],"inLanguage":"cs","potentialAction":[{"@type":"CommentAction","name":"Comment","target":["https:\/\/splitcityparking.com\/cs\/parkovaci-mista-pro-invalidy\/#respond"]}]},{"@type":"WebPage","@id":"https:\/\/splitcityparking.com\/cs\/parkovaci-mista-pro-invalidy\/","url":"https:\/\/splitcityparking.com\/cs\/parkovaci-mista-pro-invalidy\/","name":"Parkovac\u00ed m\u00edsta pro invalidy","isPartOf":{"@id":"https:\/\/splitcityparking.com\/cs\/#website"},"primaryImageOfPage":{"@id":"https:\/\/splitcityparking.com\/cs\/parkovaci-mista-pro-invalidy\/#primaryimage"},"image":{"@id":"https:\/\/splitcityparking.com\/cs\/parkovaci-mista-pro-invalidy\/#primaryimage"},"thumbnailUrl":"https:\/\/splitcityparking.com\/wp-content\/uploads\/2023\/01\/Split-City-Parking_HR-Parkirna-mjesta-za-osobe-s-invaliditetom-1.jpg","datePublished":"2023-02-22T18:10:59+00:00","dateModified":"2023-11-22T15:43:14+00:00","author":{"@id":"https:\/\/splitcityparking.com\/cs\/#\/schema\/person\/67bfeb6a49b0026ad87cee0923224dd6"},"description":"Parkov\u00e1n\u00ed pro invalidy je d\u016fle\u017eit\u00fdm aspektem zaji\u0161t\u011bn\u00ed rovn\u00e9ho p\u0159\u00edstupu pro v\u0161echny.","breadcrumb":{"@id":"https:\/\/splitcityparking.com\/cs\/parkovaci-mista-pro-invalidy\/#breadcrumb"},"inLanguage":"cs","potentialAction":[{"@type":"ReadAction","target":["https:\/\/splitcityparking.com\/cs\/parkovaci-mista-pro-invalidy\/"]}]},{"@type":"ImageObject","inLanguage":"cs","@id":"https:\/\/splitcityparking.com\/cs\/parkovaci-mista-pro-invalidy\/#primaryimage","url":"https:\/\/splitcityparking.com\/wp-content\/uploads\/2023\/01\/Split-City-Parking_HR-Parkirna-mjesta-za-osobe-s-invaliditetom-1.jpg","contentUrl":"https:\/\/splitcityparking.com\/wp-content\/uploads\/2023\/01\/Split-City-Parking_HR-Parkirna-mjesta-za-osobe-s-invaliditetom-1.jpg","width":2048,"height":1536,"caption":"Split City Parking"},{"@type":"BreadcrumbList","@id":"https:\/\/splitcityparking.com\/cs\/parkovaci-mista-pro-invalidy\/#breadcrumb","itemListElement":[{"@type":"ListItem","position":1,"name":"Home","item":"https:\/\/splitcityparking.com\/cs\/"},{"@type":"ListItem","position":2,"name":"Parkovac\u00ed m\u00edsta pro invalidy"}]},{"@type":"WebSite","@id":"https:\/\/splitcityparking.com\/cs\/#website","url":"https:\/\/splitcityparking.com\/cs\/","name":"Split City Parking","description":"Parking and parking garages in Split. Reserve now and secure your parking space in our garage!","potentialAction":[{"@type":"SearchAction","target":{"@type":"EntryPoint","urlTemplate":"https:\/\/splitcityparking.com\/cs\/?s={search_term_string}"},"query-input":{"@type":"PropertyValueSpecification","valueRequired":true,"valueName":"search_term_string"}}],"inLanguage":"cs"},{"@type":"Person","@id":"https:\/\/splitcityparking.com\/cs\/#\/schema\/person\/67bfeb6a49b0026ad87cee0923224dd6","name":"parking","image":{"@type":"ImageObject","inLanguage":"cs","@id":"https:\/\/secure.gravatar.com\/avatar\/5a8a4db074faa17539b9bbbae12ed6d18176060e70861db07ee16c5f81b3b911?s=96&d=mm&r=g","url":"https:\/\/secure.gravatar.com\/avatar\/5a8a4db074faa17539b9bbbae12ed6d18176060e70861db07ee16c5f81b3b911?s=96&d=mm&r=g","contentUrl":"https:\/\/secure.gravatar.com\/avatar\/5a8a4db074faa17539b9bbbae12ed6d18176060e70861db07ee16c5f81b3b911?s=96&d=mm&r=g","caption":"parking"},"sameAs":["https:\/\/splitcityparking.com"]}]}},"_links":{"self":[{"href":"https:\/\/splitcityparking.com\/cs\/wp-json\/wp\/v2\/posts\/4756","targetHints":{"allow":["GET"]}}],"collection":[{"href":"https:\/\/splitcityparking.com\/cs\/wp-json\/wp\/v2\/posts"}],"about":[{"href":"https:\/\/splitcityparking.com\/cs\/wp-json\/wp\/v2\/types\/post"}],"author":[{"embeddable":true,"href":"https:\/\/splitcityparking.com\/cs\/wp-json\/wp\/v2\/users\/1"}],"replies":[{"embeddable":true,"href":"https:\/\/splitcityparking.com\/cs\/wp-json\/wp\/v2\/comments?post=4756"}],"version-history":[{"count":1,"href":"https:\/\/splitcityparking.com\/cs\/wp-json\/wp\/v2\/posts\/4756\/revisions"}],"predecessor-version":[{"id":8920,"href":"https:\/\/splitcityparking.com\/cs\/wp-json\/wp\/v2\/posts\/4756\/revisions\/8920"}],"wp:featuredmedia":[{"embeddable":true,"href":"https:\/\/splitcityparking.com\/cs\/wp-json\/wp\/v2\/media\/4677"}],"wp:attachment":[{"href":"https:\/\/splitcityparking.com\/cs\/wp-json\/wp\/v2\/media?parent=4756"}],"wp:term":[{"taxonomy":"category","embeddable":true,"href":"https:\/\/splitcityparking.com\/cs\/wp-json\/wp\/v2\/categories?post=4756"},{"taxonomy":"post_tag","embeddable":true,"href":"https:\/\/splitcityparking.com\/cs\/wp-json\/wp\/v2\/tags?post=4756"}],"curies":[{"name":"wp","href":"https:\/\/api.w.org\/{rel}","templated":true}]}}