{"id":9130,"date":"2023-11-22T07:24:15","date_gmt":"2023-11-22T07:24:15","guid":{"rendered":"https:\/\/splitcityparking.com\/parkovani-a-verejna-doprava-ve-splitu\/"},"modified":"2026-01-29T10:02:21","modified_gmt":"2026-01-29T10:02:21","slug":"parkovani-a-verejna-doprava-ve-splitu","status":"publish","type":"post","link":"https:\/\/splitcityparking.com\/cs\/parkovani-a-verejna-doprava-ve-splitu\/","title":{"rendered":"Parkov\u00e1n\u00ed a ve\u0159ejn\u00e1 doprava ve Splitu"},"content":{"rendered":"\t\t<div data-elementor-type=\"wp-post\" data-elementor-id=\"9130\" class=\"elementor elementor-9130 elementor-9132\" data-elementor-post-type=\"post\">\n\t\t\t\t\t\t<section class=\"elementor-section elementor-top-section elementor-element elementor-element-5312c972 elementor-section-boxed elementor-section-height-default elementor-section-height-default\" data-id=\"5312c972\" data-element_type=\"section\" data-e-type=\"section\">\n\t\t\t\t\t\t<div class=\"elementor-container elementor-column-gap-default\">\n\t\t\t\t\t<div class=\"elementor-column elementor-col-100 elementor-top-column elementor-element elementor-element-4f4fca7c\" data-id=\"4f4fca7c\" data-element_type=\"column\" data-e-type=\"column\">\n\t\t\t<div class=\"elementor-widget-wrap elementor-element-populated\">\n\t\t\t\t\t\t<div class=\"elementor-element elementor-element-110b90f5 elementor-widget elementor-widget-text-editor\" data-id=\"110b90f5\" data-element_type=\"widget\" data-e-type=\"widget\" data-widget_type=\"text-editor.default\">\n\t\t\t\t\t\t\t\t\t<h2>P\u0159ehled historie a v\u00fdznamu Splitu<\/h2><p>Split, druh\u00e9 nejv\u011bt\u0161\u00ed m\u011bsto v Chorvatsku, je zn\u00e1m\u00e9 svou bohatou histori\u00ed a kulturn\u00edm d\u011bdictv\u00edm.<br \/>Jako d\u016fle\u017eit\u00e9 obchodn\u00ed a n\u00e1mo\u0159n\u00ed centrum je Split dnes \u017eivotn\u011b d\u016fle\u017eit\u00fdm hospod\u00e1\u0159sk\u00fdm centrem a obl\u00edbenou turistickou destinac\u00ed.<\/p><h2>Probl\u00e9my s dopravou a parkov\u00e1n\u00edm<\/h2><p>S n\u00e1r\u016fstem po\u010dtu obyvatel a turist\u016f \u010del\u00ed Split probl\u00e9m\u016fm v doprav\u011b a parkov\u00e1n\u00ed. Ulice star\u00e9ho m\u011bsta, kter\u00e9 nejsou p\u0159izp\u016fsobeny hust\u00e9mu provozu, zp\u016fsobuj\u00ed z\u00e1cpy a probl\u00e9my s parkov\u00e1n\u00edm. <a href=\"https:\/\/splitcityparking.com\/cs\/parkovani-ve-splitu-u-stareho-mesta\/\">Parkov\u00e1n\u00ed ve Splitu<\/a> je jednou z nejv\u011bt\u0161\u00edch m\u011bstsk\u00fdch v\u00fdzev, kter\u00fdm m\u011bsto \u010del\u00ed. J\u00e1drem tohoto probl\u00e9mu je kombinace omezen\u00e9ho prostoru, n\u00e1r\u016fstu po\u010dtu vozidel a r\u016fstu cestovn\u00edho ruchu.<\/p><h2>Balancov\u00e1n\u00ed mezi historickou identitou a modern\u00edmi pot\u0159ebami<\/h2><p>M\u011bsto se pot\u00fdk\u00e1 s v\u00fdzvou, jak zachovat svou historickou identitu a z\u00e1rove\u0148 vyhov\u011bt pot\u0159eb\u00e1m modern\u00ed dopravy.<br \/>Slo\u017eit\u00e1 s\u00ed\u0165 ve\u0159ejn\u00e9 dopravy a soukrom\u00fdch vozidel vytv\u00e1\u0159\u00ed z\u00e1cpy, zejm\u00e9na b\u011bhem turistick\u00e9 sez\u00f3ny.<br \/>Aktu\u00e1ln\u00ed stav dopravy a kl\u00ed\u010dov\u00e9 v\u00fdzvy<br \/>Hlavn\u00ed dopravn\u00ed tepny jsou \u010dasto p\u0159epln\u011bn\u00e9 a dopravn\u00ed \u0161pi\u010dky se vyzna\u010duj\u00ed pomal\u00fdm pohybem vozidel.<br \/>Problematick\u00e9 jsou zejm\u00e9na dopravn\u00ed uzly, jako je k\u0159i\u017eovatka Polji\u010dka cesta a Ulica slobode.<\/p><h2>Nedostatek parkovac\u00edch kapacit a dopad na m\u011bsto<\/h2><p>Nedostatek parkovac\u00edch m\u00edst, zejm\u00e9na v turistick\u00fdch oblastech a centru m\u011bsta, vytv\u00e1\u0159\u00ed dopravn\u00ed z\u00e1cpy a neleg\u00e1ln\u00ed parkov\u00e1n\u00ed.<br \/>Davy jsou nejv\u00fdrazn\u011bj\u0161\u00ed r\u00e1no a odpoledne, kdy lid\u00e9 cestuj\u00ed do pr\u00e1ce nebo se vracej\u00ed dom\u016f. Tyto dopravn\u00ed \u0161pi\u010dky se vyzna\u010duj\u00ed pomal\u00fdm pohybem vozidel, zejm\u00e9na na p\u0159\u00edjezdech do centra m\u011bsta a v\u00fdjezdech do p\u0159\u00edm\u011bstsk\u00fdch oblast\u00ed. Ulice jako Polji\u010dka cesta, Vukovarska ulice a \u010d\u00e1sti Vlasteneck\u00e9 v\u00e1lky a Sboru n\u00e1rodn\u00ed gardy jsou pravideln\u011b zaplavov\u00e1ny auty. Rezervujte si bezpe\u010dn\u00e9 a bezstarostn\u00e9 parkov\u00e1n\u00ed v gar\u00e1\u017ei Firule-Split City Parking.<br \/>Jedn\u00edm z hlavn\u00edch dopravn\u00edch uzl\u016f je k\u0159i\u017eovatka Polji\u010dka cesta a Ulica slobode, kde se zejm\u00e9na v rann\u00edch hodin\u00e1ch \u010dasto tvo\u0159\u00ed dlouh\u00e9 kolony. Split m\u00e1 nav\u00edc probl\u00e9m s nedostatkem parkovac\u00edch m\u00edst, co\u017e je\u0161t\u011b v\u00edce komplikuje dopravn\u00ed situaci. V centru m\u011bsta, zejm\u00e9na v bl\u00edzkosti Diokleci\u00e1nova pal\u00e1ce a Rivy, je obt\u00ed\u017en\u00e9 naj\u00edt voln\u00e9 parkovac\u00ed m\u00edsto, co\u017e \u010dasto vede k dopravn\u00edm z\u00e1cp\u00e1m a neleg\u00e1ln\u00edmu parkov\u00e1n\u00ed.<\/p><p>M\u00edstn\u00ed obyvatel\u00e9 se \u010dasto pot\u00fdkaj\u00ed s probl\u00e9mem parkov\u00e1n\u00ed v bl\u00edzkosti sv\u00fdch dom\u016f, zejm\u00e9na ve star\u0161\u00edch \u00fazk\u00fdch uli\u010dk\u00e1ch, kter\u00e9 nejsou dimenzov\u00e1ny na velk\u00e9 mno\u017estv\u00ed parkuj\u00edc\u00edch vozidel. To m\u00e1 za n\u00e1sledek chaotick\u00e9 parkov\u00e1n\u00ed na chodn\u00edc\u00edch a v p\u011b\u0161\u00edch z\u00f3n\u00e1ch, co\u017e zt\u011b\u017euje pohyb chodc\u016f a m\u016f\u017ee v\u00e9st k poru\u0161ov\u00e1n\u00ed dopravn\u00edch p\u0159edpis\u016f.<br \/>Turist\u00e9, kte\u0159\u00ed v\u011bt\u0161inou nejsou obezn\u00e1meni s pravidly a z\u00f3nami parkov\u00e1n\u00ed, se \u010dasto dost\u00e1vaj\u00ed do situac\u00ed, kdy nemohou naj\u00edt parkovac\u00ed m\u00edsto, nebo v hor\u0161\u00edm p\u0159\u00edpad\u011b jim hroz\u00ed pokuty za neleg\u00e1ln\u00ed parkov\u00e1n\u00ed. To m\u016f\u017ee negativn\u011b ovlivnit jejich z\u00e1\u017eitek z pobytu ve m\u011bst\u011b a vytv\u00e1\u0159\u00ed dal\u0161\u00ed stres.<\/p><h2>Iniciativy m\u011bsta k vy\u0159e\u0161en\u00ed probl\u00e9mu<\/h2><p>M\u011bsto Split podnik\u00e1 kroky, jako je modernizace ve\u0159ejn\u00e9 dopravy a v\u00fdstavba nov\u00fdch parkovi\u0161\u0165.<br \/>Prob\u00edhaj\u00ed pl\u00e1ny na rozvoj infrastruktury pro cyklisty a chodce a zlep\u0161en\u00ed ve\u0159ejn\u00e9 dopravy.<\/p><h2>Z\u00e1v\u011br a pl\u00e1ny do budoucna<\/h2><p>Z\u00e1v\u011brem lze \u0159\u00edci, \u017ee dopravn\u00ed a parkovac\u00ed probl\u00e9my ve Splitu odr\u00e1\u017eej\u00ed r\u016fst a rozvoj tohoto historick\u00e9ho m\u011bsta. Davy lid\u00ed, nedostatek parkovac\u00edch m\u00edst zejm\u00e9na v centru m\u011bsta a turistick\u00fdch oblastech a tlak na dopravn\u00ed infrastrukturu nazna\u010duj\u00ed nutnost promy\u0161len\u00e9ho pl\u00e1nov\u00e1n\u00ed. Budoucnost Splitu z\u00e1vis\u00ed na efektivn\u00edm \u0159\u00edzen\u00ed dopravy a parkov\u00e1n\u00ed, co\u017e zahrnuje budov\u00e1n\u00ed nov\u00e9 infrastruktury, zlep\u0161ov\u00e1n\u00ed ve\u0159ejn\u00e9 dopravy a podporu alternativn\u00edch forem dopravy. Tyto kroky jsou kl\u00ed\u010dov\u00e9 nejen pro zachov\u00e1n\u00ed historick\u00e9ho a kulturn\u00edho d\u011bdictv\u00ed m\u011bsta, ale tak\u00e9 pro zaji\u0161t\u011bn\u00ed kvality \u017eivota obyvatel a pozitivn\u00edho z\u00e1\u017eitku pro n\u00e1v\u0161t\u011bvn\u00edky.<\/p>\t\t\t\t\t\t\t\t<\/div>\n\t\t\t\t\t<\/div>\n\t\t<\/div>\n\t\t\t\t\t<\/div>\n\t\t<\/section>\n\t\t\t\t<\/div>\n\t\t","protected":false},"excerpt":{"rendered":"<p>P\u0159ehled historie a v\u00fdznamu Splitu Split, druh\u00e9 nejv\u011bt\u0161\u00ed m\u011bsto v Chorvatsku, je zn\u00e1m\u00e9 svou bohatou histori\u00ed a kulturn\u00edm d\u011bdictv\u00edm.Jako d\u016fle\u017eit\u00e9 obchodn\u00ed a n\u00e1mo\u0159n\u00ed centrum je Split dnes \u017eivotn\u011b d\u016fle\u017eit\u00fdm hospod\u00e1\u0159sk\u00fdm centrem a obl\u00edbenou turistickou destinac\u00ed. Probl\u00e9my s dopravou a parkov\u00e1n\u00edm S n\u00e1r\u016fstem po\u010dtu obyvatel a turist\u016f \u010del\u00ed Split probl\u00e9m\u016fm v doprav\u011b a parkov\u00e1n\u00ed. Ulice star\u00e9ho [&hellip;]<\/p>\n","protected":false},"author":1,"featured_media":8729,"comment_status":"open","ping_status":"open","sticky":false,"template":"","format":"standard","meta":{"footnotes":""},"categories":[157],"tags":[],"class_list":["post-9130","post","type-post","status-publish","format-standard","has-post-thumbnail","hentry","category-uncategorized"],"yoast_head":"<!-- This site is optimized with the Yoast SEO plugin v27.4 - https:\/\/yoast.com\/product\/yoast-seo-wordpress\/ -->\n<title>Parkov\u00e1n\u00ed a ve\u0159ejn\u00e1 doprava ve Splitu<\/title>\n<meta name=\"description\" content=\"Prozkoumejte efektivn\u00ed \u0159e\u0161en\u00ed parkov\u00e1n\u00ed a mo\u017enosti ve\u0159ejn\u00e9 dopravy ve Splitu. Z\u00edskejte p\u0159ehled o vhodn\u00fdch parkovac\u00edch m\u00edstech a nejlep\u0161\u00edch zp\u016fsobech, jak se pohybovat po m\u011bst\u011b pomoc\u00ed m\u00edstn\u00ed dopravy. Ide\u00e1ln\u00ed pro turisty i obyvatele, kte\u0159\u00ed cht\u011bj\u00ed optimalizovat sv\u00e9 cestov\u00e1n\u00ed ve Splitu.\" \/>\n<meta name=\"robots\" content=\"index, follow, max-snippet:-1, max-image-preview:large, max-video-preview:-1\" \/>\n<link rel=\"canonical\" href=\"https:\/\/splitcityparking.com\/cs\/parkovani-a-verejna-doprava-ve-splitu\/\" \/>\n<meta property=\"og:locale\" content=\"cs_CZ\" \/>\n<meta property=\"og:type\" content=\"article\" \/>\n<meta property=\"og:title\" content=\"Parkov\u00e1n\u00ed a ve\u0159ejn\u00e1 doprava ve Splitu\" \/>\n<meta property=\"og:description\" content=\"Prozkoumejte efektivn\u00ed \u0159e\u0161en\u00ed parkov\u00e1n\u00ed a mo\u017enosti ve\u0159ejn\u00e9 dopravy ve Splitu. Z\u00edskejte p\u0159ehled o vhodn\u00fdch parkovac\u00edch m\u00edstech a nejlep\u0161\u00edch zp\u016fsobech, jak se pohybovat po m\u011bst\u011b pomoc\u00ed m\u00edstn\u00ed dopravy. Ide\u00e1ln\u00ed pro turisty i obyvatele, kte\u0159\u00ed cht\u011bj\u00ed optimalizovat sv\u00e9 cestov\u00e1n\u00ed ve Splitu.\" \/>\n<meta property=\"og:url\" content=\"https:\/\/splitcityparking.com\/cs\/parkovani-a-verejna-doprava-ve-splitu\/\" \/>\n<meta property=\"og:site_name\" content=\"Split City Parking\" \/>\n<meta property=\"article:published_time\" content=\"2023-11-22T07:24:15+00:00\" \/>\n<meta property=\"article:modified_time\" content=\"2026-01-29T10:02:21+00:00\" \/>\n<meta property=\"og:image\" content=\"https:\/\/splitcityparking.com\/wp-content\/uploads\/2023\/11\/aerial-shot-of-downtown-split-under-a-clear-blue-sky-croatia-.jpg\" \/>\n\t<meta property=\"og:image:width\" content=\"2000\" \/>\n\t<meta property=\"og:image:height\" content=\"1334\" \/>\n\t<meta property=\"og:image:type\" content=\"image\/jpeg\" \/>\n<meta name=\"author\" content=\"parking\" \/>\n<meta name=\"twitter:card\" content=\"summary_large_image\" \/>\n<meta name=\"twitter:label1\" content=\"Napsal(a)\" \/>\n\t<meta name=\"twitter:data1\" content=\"parking\" \/>\n\t<meta name=\"twitter:label2\" content=\"Odhadovan\u00e1 doba \u010dten\u00ed\" \/>\n\t<meta name=\"twitter:data2\" content=\"3 minuty\" \/>\n<script type=\"application\/ld+json\" class=\"yoast-schema-graph\">{\"@context\":\"https:\\\/\\\/schema.org\",\"@graph\":[{\"@type\":\"Article\",\"@id\":\"https:\\\/\\\/splitcityparking.com\\\/cs\\\/parkovani-a-verejna-doprava-ve-splitu\\\/#article\",\"isPartOf\":{\"@id\":\"https:\\\/\\\/splitcityparking.com\\\/cs\\\/parkovani-a-verejna-doprava-ve-splitu\\\/\"},\"author\":{\"name\":\"parking\",\"@id\":\"https:\\\/\\\/splitcityparking.com\\\/cs\\\/#\\\/schema\\\/person\\\/67bfeb6a49b0026ad87cee0923224dd6\"},\"headline\":\"Parkov\u00e1n\u00ed a ve\u0159ejn\u00e1 doprava ve Splitu\",\"datePublished\":\"2023-11-22T07:24:15+00:00\",\"dateModified\":\"2026-01-29T10:02:21+00:00\",\"mainEntityOfPage\":{\"@id\":\"https:\\\/\\\/splitcityparking.com\\\/cs\\\/parkovani-a-verejna-doprava-ve-splitu\\\/\"},\"wordCount\":769,\"commentCount\":0,\"image\":{\"@id\":\"https:\\\/\\\/splitcityparking.com\\\/cs\\\/parkovani-a-verejna-doprava-ve-splitu\\\/#primaryimage\"},\"thumbnailUrl\":\"https:\\\/\\\/splitcityparking.com\\\/wp-content\\\/uploads\\\/2023\\\/11\\\/aerial-shot-of-downtown-split-under-a-clear-blue-sky-croatia-.jpg\",\"articleSection\":[\"Uncategorized\"],\"inLanguage\":\"cs\",\"potentialAction\":[{\"@type\":\"CommentAction\",\"name\":\"Comment\",\"target\":[\"https:\\\/\\\/splitcityparking.com\\\/cs\\\/parkovani-a-verejna-doprava-ve-splitu\\\/#respond\"]}]},{\"@type\":\"WebPage\",\"@id\":\"https:\\\/\\\/splitcityparking.com\\\/cs\\\/parkovani-a-verejna-doprava-ve-splitu\\\/\",\"url\":\"https:\\\/\\\/splitcityparking.com\\\/cs\\\/parkovani-a-verejna-doprava-ve-splitu\\\/\",\"name\":\"Parkov\u00e1n\u00ed a ve\u0159ejn\u00e1 doprava ve Splitu\",\"isPartOf\":{\"@id\":\"https:\\\/\\\/splitcityparking.com\\\/cs\\\/#website\"},\"primaryImageOfPage\":{\"@id\":\"https:\\\/\\\/splitcityparking.com\\\/cs\\\/parkovani-a-verejna-doprava-ve-splitu\\\/#primaryimage\"},\"image\":{\"@id\":\"https:\\\/\\\/splitcityparking.com\\\/cs\\\/parkovani-a-verejna-doprava-ve-splitu\\\/#primaryimage\"},\"thumbnailUrl\":\"https:\\\/\\\/splitcityparking.com\\\/wp-content\\\/uploads\\\/2023\\\/11\\\/aerial-shot-of-downtown-split-under-a-clear-blue-sky-croatia-.jpg\",\"datePublished\":\"2023-11-22T07:24:15+00:00\",\"dateModified\":\"2026-01-29T10:02:21+00:00\",\"author\":{\"@id\":\"https:\\\/\\\/splitcityparking.com\\\/cs\\\/#\\\/schema\\\/person\\\/67bfeb6a49b0026ad87cee0923224dd6\"},\"description\":\"Prozkoumejte efektivn\u00ed \u0159e\u0161en\u00ed parkov\u00e1n\u00ed a mo\u017enosti ve\u0159ejn\u00e9 dopravy ve Splitu. Z\u00edskejte p\u0159ehled o vhodn\u00fdch parkovac\u00edch m\u00edstech a nejlep\u0161\u00edch zp\u016fsobech, jak se pohybovat po m\u011bst\u011b pomoc\u00ed m\u00edstn\u00ed dopravy. Ide\u00e1ln\u00ed pro turisty i obyvatele, kte\u0159\u00ed cht\u011bj\u00ed optimalizovat sv\u00e9 cestov\u00e1n\u00ed ve Splitu.\",\"breadcrumb\":{\"@id\":\"https:\\\/\\\/splitcityparking.com\\\/cs\\\/parkovani-a-verejna-doprava-ve-splitu\\\/#breadcrumb\"},\"inLanguage\":\"cs\",\"potentialAction\":[{\"@type\":\"ReadAction\",\"target\":[\"https:\\\/\\\/splitcityparking.com\\\/cs\\\/parkovani-a-verejna-doprava-ve-splitu\\\/\"]}]},{\"@type\":\"ImageObject\",\"inLanguage\":\"cs\",\"@id\":\"https:\\\/\\\/splitcityparking.com\\\/cs\\\/parkovani-a-verejna-doprava-ve-splitu\\\/#primaryimage\",\"url\":\"https:\\\/\\\/splitcityparking.com\\\/wp-content\\\/uploads\\\/2023\\\/11\\\/aerial-shot-of-downtown-split-under-a-clear-blue-sky-croatia-.jpg\",\"contentUrl\":\"https:\\\/\\\/splitcityparking.com\\\/wp-content\\\/uploads\\\/2023\\\/11\\\/aerial-shot-of-downtown-split-under-a-clear-blue-sky-croatia-.jpg\",\"width\":2000,\"height\":1334,\"caption\":\"Aerial shot of downtown Split under a clear blue sky, Croatia.\"},{\"@type\":\"BreadcrumbList\",\"@id\":\"https:\\\/\\\/splitcityparking.com\\\/cs\\\/parkovani-a-verejna-doprava-ve-splitu\\\/#breadcrumb\",\"itemListElement\":[{\"@type\":\"ListItem\",\"position\":1,\"name\":\"Home\",\"item\":\"https:\\\/\\\/splitcityparking.com\\\/cs\\\/\"},{\"@type\":\"ListItem\",\"position\":2,\"name\":\"Parkov\u00e1n\u00ed a ve\u0159ejn\u00e1 doprava ve Splitu\"}]},{\"@type\":\"WebSite\",\"@id\":\"https:\\\/\\\/splitcityparking.com\\\/cs\\\/#website\",\"url\":\"https:\\\/\\\/splitcityparking.com\\\/cs\\\/\",\"name\":\"Split City Parking\",\"description\":\"Parking and parking garages in Split. Reserve now and secure your parking space in our garage!\",\"potentialAction\":[{\"@type\":\"SearchAction\",\"target\":{\"@type\":\"EntryPoint\",\"urlTemplate\":\"https:\\\/\\\/splitcityparking.com\\\/cs\\\/?s={search_term_string}\"},\"query-input\":{\"@type\":\"PropertyValueSpecification\",\"valueRequired\":true,\"valueName\":\"search_term_string\"}}],\"inLanguage\":\"cs\"},{\"@type\":\"Person\",\"@id\":\"https:\\\/\\\/splitcityparking.com\\\/cs\\\/#\\\/schema\\\/person\\\/67bfeb6a49b0026ad87cee0923224dd6\",\"name\":\"parking\",\"image\":{\"@type\":\"ImageObject\",\"inLanguage\":\"cs\",\"@id\":\"https:\\\/\\\/secure.gravatar.com\\\/avatar\\\/5a8a4db074faa17539b9bbbae12ed6d18176060e70861db07ee16c5f81b3b911?s=96&d=mm&r=g\",\"url\":\"https:\\\/\\\/secure.gravatar.com\\\/avatar\\\/5a8a4db074faa17539b9bbbae12ed6d18176060e70861db07ee16c5f81b3b911?s=96&d=mm&r=g\",\"contentUrl\":\"https:\\\/\\\/secure.gravatar.com\\\/avatar\\\/5a8a4db074faa17539b9bbbae12ed6d18176060e70861db07ee16c5f81b3b911?s=96&d=mm&r=g\",\"caption\":\"parking\"},\"sameAs\":[\"https:\\\/\\\/splitcityparking.com\"]}]}<\/script>\n<!-- \/ Yoast SEO plugin. -->","yoast_head_json":{"title":"Parkov\u00e1n\u00ed a ve\u0159ejn\u00e1 doprava ve Splitu","description":"Prozkoumejte efektivn\u00ed \u0159e\u0161en\u00ed parkov\u00e1n\u00ed a mo\u017enosti ve\u0159ejn\u00e9 dopravy ve Splitu. Z\u00edskejte p\u0159ehled o vhodn\u00fdch parkovac\u00edch m\u00edstech a nejlep\u0161\u00edch zp\u016fsobech, jak se pohybovat po m\u011bst\u011b pomoc\u00ed m\u00edstn\u00ed dopravy. Ide\u00e1ln\u00ed pro turisty i obyvatele, kte\u0159\u00ed cht\u011bj\u00ed optimalizovat sv\u00e9 cestov\u00e1n\u00ed ve Splitu.","robots":{"index":"index","follow":"follow","max-snippet":"max-snippet:-1","max-image-preview":"max-image-preview:large","max-video-preview":"max-video-preview:-1"},"canonical":"https:\/\/splitcityparking.com\/cs\/parkovani-a-verejna-doprava-ve-splitu\/","og_locale":"cs_CZ","og_type":"article","og_title":"Parkov\u00e1n\u00ed a ve\u0159ejn\u00e1 doprava ve Splitu","og_description":"Prozkoumejte efektivn\u00ed \u0159e\u0161en\u00ed parkov\u00e1n\u00ed a mo\u017enosti ve\u0159ejn\u00e9 dopravy ve Splitu. Z\u00edskejte p\u0159ehled o vhodn\u00fdch parkovac\u00edch m\u00edstech a nejlep\u0161\u00edch zp\u016fsobech, jak se pohybovat po m\u011bst\u011b pomoc\u00ed m\u00edstn\u00ed dopravy. Ide\u00e1ln\u00ed pro turisty i obyvatele, kte\u0159\u00ed cht\u011bj\u00ed optimalizovat sv\u00e9 cestov\u00e1n\u00ed ve Splitu.","og_url":"https:\/\/splitcityparking.com\/cs\/parkovani-a-verejna-doprava-ve-splitu\/","og_site_name":"Split City Parking","article_published_time":"2023-11-22T07:24:15+00:00","article_modified_time":"2026-01-29T10:02:21+00:00","og_image":[{"width":2000,"height":1334,"url":"https:\/\/splitcityparking.com\/wp-content\/uploads\/2023\/11\/aerial-shot-of-downtown-split-under-a-clear-blue-sky-croatia-.jpg","type":"image\/jpeg"}],"author":"parking","twitter_card":"summary_large_image","twitter_misc":{"Napsal(a)":"parking","Odhadovan\u00e1 doba \u010dten\u00ed":"3 minuty"},"schema":{"@context":"https:\/\/schema.org","@graph":[{"@type":"Article","@id":"https:\/\/splitcityparking.com\/cs\/parkovani-a-verejna-doprava-ve-splitu\/#article","isPartOf":{"@id":"https:\/\/splitcityparking.com\/cs\/parkovani-a-verejna-doprava-ve-splitu\/"},"author":{"name":"parking","@id":"https:\/\/splitcityparking.com\/cs\/#\/schema\/person\/67bfeb6a49b0026ad87cee0923224dd6"},"headline":"Parkov\u00e1n\u00ed a ve\u0159ejn\u00e1 doprava ve Splitu","datePublished":"2023-11-22T07:24:15+00:00","dateModified":"2026-01-29T10:02:21+00:00","mainEntityOfPage":{"@id":"https:\/\/splitcityparking.com\/cs\/parkovani-a-verejna-doprava-ve-splitu\/"},"wordCount":769,"commentCount":0,"image":{"@id":"https:\/\/splitcityparking.com\/cs\/parkovani-a-verejna-doprava-ve-splitu\/#primaryimage"},"thumbnailUrl":"https:\/\/splitcityparking.com\/wp-content\/uploads\/2023\/11\/aerial-shot-of-downtown-split-under-a-clear-blue-sky-croatia-.jpg","articleSection":["Uncategorized"],"inLanguage":"cs","potentialAction":[{"@type":"CommentAction","name":"Comment","target":["https:\/\/splitcityparking.com\/cs\/parkovani-a-verejna-doprava-ve-splitu\/#respond"]}]},{"@type":"WebPage","@id":"https:\/\/splitcityparking.com\/cs\/parkovani-a-verejna-doprava-ve-splitu\/","url":"https:\/\/splitcityparking.com\/cs\/parkovani-a-verejna-doprava-ve-splitu\/","name":"Parkov\u00e1n\u00ed a ve\u0159ejn\u00e1 doprava ve Splitu","isPartOf":{"@id":"https:\/\/splitcityparking.com\/cs\/#website"},"primaryImageOfPage":{"@id":"https:\/\/splitcityparking.com\/cs\/parkovani-a-verejna-doprava-ve-splitu\/#primaryimage"},"image":{"@id":"https:\/\/splitcityparking.com\/cs\/parkovani-a-verejna-doprava-ve-splitu\/#primaryimage"},"thumbnailUrl":"https:\/\/splitcityparking.com\/wp-content\/uploads\/2023\/11\/aerial-shot-of-downtown-split-under-a-clear-blue-sky-croatia-.jpg","datePublished":"2023-11-22T07:24:15+00:00","dateModified":"2026-01-29T10:02:21+00:00","author":{"@id":"https:\/\/splitcityparking.com\/cs\/#\/schema\/person\/67bfeb6a49b0026ad87cee0923224dd6"},"description":"Prozkoumejte efektivn\u00ed \u0159e\u0161en\u00ed parkov\u00e1n\u00ed a mo\u017enosti ve\u0159ejn\u00e9 dopravy ve Splitu. Z\u00edskejte p\u0159ehled o vhodn\u00fdch parkovac\u00edch m\u00edstech a nejlep\u0161\u00edch zp\u016fsobech, jak se pohybovat po m\u011bst\u011b pomoc\u00ed m\u00edstn\u00ed dopravy. Ide\u00e1ln\u00ed pro turisty i obyvatele, kte\u0159\u00ed cht\u011bj\u00ed optimalizovat sv\u00e9 cestov\u00e1n\u00ed ve Splitu.","breadcrumb":{"@id":"https:\/\/splitcityparking.com\/cs\/parkovani-a-verejna-doprava-ve-splitu\/#breadcrumb"},"inLanguage":"cs","potentialAction":[{"@type":"ReadAction","target":["https:\/\/splitcityparking.com\/cs\/parkovani-a-verejna-doprava-ve-splitu\/"]}]},{"@type":"ImageObject","inLanguage":"cs","@id":"https:\/\/splitcityparking.com\/cs\/parkovani-a-verejna-doprava-ve-splitu\/#primaryimage","url":"https:\/\/splitcityparking.com\/wp-content\/uploads\/2023\/11\/aerial-shot-of-downtown-split-under-a-clear-blue-sky-croatia-.jpg","contentUrl":"https:\/\/splitcityparking.com\/wp-content\/uploads\/2023\/11\/aerial-shot-of-downtown-split-under-a-clear-blue-sky-croatia-.jpg","width":2000,"height":1334,"caption":"Aerial shot of downtown Split under a clear blue sky, Croatia."},{"@type":"BreadcrumbList","@id":"https:\/\/splitcityparking.com\/cs\/parkovani-a-verejna-doprava-ve-splitu\/#breadcrumb","itemListElement":[{"@type":"ListItem","position":1,"name":"Home","item":"https:\/\/splitcityparking.com\/cs\/"},{"@type":"ListItem","position":2,"name":"Parkov\u00e1n\u00ed a ve\u0159ejn\u00e1 doprava ve Splitu"}]},{"@type":"WebSite","@id":"https:\/\/splitcityparking.com\/cs\/#website","url":"https:\/\/splitcityparking.com\/cs\/","name":"Split City Parking","description":"Parking and parking garages in Split. Reserve now and secure your parking space in our garage!","potentialAction":[{"@type":"SearchAction","target":{"@type":"EntryPoint","urlTemplate":"https:\/\/splitcityparking.com\/cs\/?s={search_term_string}"},"query-input":{"@type":"PropertyValueSpecification","valueRequired":true,"valueName":"search_term_string"}}],"inLanguage":"cs"},{"@type":"Person","@id":"https:\/\/splitcityparking.com\/cs\/#\/schema\/person\/67bfeb6a49b0026ad87cee0923224dd6","name":"parking","image":{"@type":"ImageObject","inLanguage":"cs","@id":"https:\/\/secure.gravatar.com\/avatar\/5a8a4db074faa17539b9bbbae12ed6d18176060e70861db07ee16c5f81b3b911?s=96&d=mm&r=g","url":"https:\/\/secure.gravatar.com\/avatar\/5a8a4db074faa17539b9bbbae12ed6d18176060e70861db07ee16c5f81b3b911?s=96&d=mm&r=g","contentUrl":"https:\/\/secure.gravatar.com\/avatar\/5a8a4db074faa17539b9bbbae12ed6d18176060e70861db07ee16c5f81b3b911?s=96&d=mm&r=g","caption":"parking"},"sameAs":["https:\/\/splitcityparking.com"]}]}},"_links":{"self":[{"href":"https:\/\/splitcityparking.com\/cs\/wp-json\/wp\/v2\/posts\/9130","targetHints":{"allow":["GET"]}}],"collection":[{"href":"https:\/\/splitcityparking.com\/cs\/wp-json\/wp\/v2\/posts"}],"about":[{"href":"https:\/\/splitcityparking.com\/cs\/wp-json\/wp\/v2\/types\/post"}],"author":[{"embeddable":true,"href":"https:\/\/splitcityparking.com\/cs\/wp-json\/wp\/v2\/users\/1"}],"replies":[{"embeddable":true,"href":"https:\/\/splitcityparking.com\/cs\/wp-json\/wp\/v2\/comments?post=9130"}],"version-history":[{"count":5,"href":"https:\/\/splitcityparking.com\/cs\/wp-json\/wp\/v2\/posts\/9130\/revisions"}],"predecessor-version":[{"id":9146,"href":"https:\/\/splitcityparking.com\/cs\/wp-json\/wp\/v2\/posts\/9130\/revisions\/9146"}],"wp:featuredmedia":[{"embeddable":true,"href":"https:\/\/splitcityparking.com\/cs\/wp-json\/wp\/v2\/media\/8729"}],"wp:attachment":[{"href":"https:\/\/splitcityparking.com\/cs\/wp-json\/wp\/v2\/media?parent=9130"}],"wp:term":[{"taxonomy":"category","embeddable":true,"href":"https:\/\/splitcityparking.com\/cs\/wp-json\/wp\/v2\/categories?post=9130"},{"taxonomy":"post_tag","embeddable":true,"href":"https:\/\/splitcityparking.com\/cs\/wp-json\/wp\/v2\/tags?post=9130"}],"curies":[{"name":"wp","href":"https:\/\/api.w.org\/{rel}","templated":true}]}}