{"id":12743,"date":"2025-09-17T12:36:16","date_gmt":"2025-09-17T12:36:16","guid":{"rendered":"https:\/\/splitcityparking.com\/split-tiempo-y-guia-de-conduccion\/"},"modified":"2025-09-17T12:36:58","modified_gmt":"2025-09-17T12:36:58","slug":"split-tiempo-y-guia-de-conduccion","status":"publish","type":"post","link":"https:\/\/splitcityparking.com\/es\/split-tiempo-y-guia-de-conduccion\/","title":{"rendered":"Split Tiempo y Gu\u00eda de conducci\u00f3n"},"content":{"rendered":"\n<p>Gu\u00eda del tiempo y conducci\u00f3n en Split (con consejos para aparcar cerca del centro)<\/p>\n\n<p>\u00bfPlaneas visitar Split en coche? Aqu\u00ed tienes una gu\u00eda compacta y pr\u00e1ctica sobre el tiempo en la ciudad -qu\u00e9 tiempo hace <em>realmente<\/em> a lo largo del a\u00f1o-, adem\u00e1s de c\u00f3mo afectan las condiciones a la conducci\u00f3n, los d\u00edas de playa, los transbordadores y (sobre todo) d\u00f3nde aparcar para que todo resulte f\u00e1cil. <\/p>\n\n<h2 class=\"wp-block-heading\">El clima de un vistazo (qu\u00e9 esperar seg\u00fan la estaci\u00f3n)<\/h2>\n\n<ul class=\"wp-block-list\">\n<li><strong>Primavera (mar-mayo):<\/strong> Suave, luminosa, r\u00e1pidamente c\u00e1lida. Ideal para hacer senderismo por Marjan y excursiones de un d\u00eda a las islas. Se esperan chubascos ocasionales y d\u00edas ventosos.  <\/li>\n\n\n\n<li><strong>Verano (junio-agosto):<\/strong> Caluroso, soleado y seco. Los rayos UV son fuertes y las tardes suelen estar refrescadas por la brisa marina <strong>maestral<\/strong>. Cuenta con mares c\u00e1lidos y playas\/caminos abarrotados.  <\/li>\n\n\n\n<li><strong>Oto\u00f1o (sep-nov):<\/strong> Agradable para la playa en septiembre, luego m\u00e1s cambiante: algunas rachas h\u00famedas y tormentosas y algunos d\u00edas h\u00famedos bajo el <strong>jugo<\/strong> (viento del SE).<\/li>\n\n\n\n<li><strong>Invierno (diciembre-febrero):<\/strong> Mayormente suave para los est\u00e1ndares europeos a lo largo de la costa, pero las r\u00e1fagas de viento -especialmente del <strong>bura<\/strong> (NE)- pueden hacer que parezca m\u00e1s fresco y pueden interrumpir las carreteras\/puentes al norte de Split.<\/li>\n<\/ul>\n\n<p>Para los valores normales del clima a largo plazo y las temperaturas del mar alrededor de Split (estaci\u00f3n de Marjan), consulta los datos de la oficina meteorol\u00f3gica nacional de Croacia.  <a href=\"https:\/\/meteo.hr\/klima_e.php?Grad=split_marjan&amp;param=k1&amp;section=klima_podaci&amp;utm_source=chatgpt.com\" rel=\"noreferrer noopener\" target=\"_blank\">Meteo.hr+1<\/a><\/p>\n\n<h2 class=\"wp-block-heading\">Viento 101 (por qu\u00e9 los lugare\u00f1os hablan de bura y jugo)<\/h2>\n\n<ul class=\"wp-block-list\">\n<li><strong>Bura (NE):<\/strong> Fr\u00edo, seco, racheado; cielos cristalinos tras su paso. Puede crear vientos cruzados peligrosos, especialmente en puentes expuestos al norte de Split (por ejemplo, Maslenica en la A1 a veces restringe o cierra al tr\u00e1fico en eventos severos). <a href=\"https:\/\/sailingforever.com\/sailing-winds-in-croatia\/?utm_source=chatgpt.com\" target=\"_blank\" rel=\"noreferrer noopener\">Sailing<\/a><a href=\"https:\/\/www.croatiaweek.com\/photos-check-out-the-wild-bura-on-the-croatian-coast\/?utm_source=chatgpt.com\" target=\"_blank\" rel=\"noreferrer noopener\">ForeverSemana de<\/a><a href=\"https:\/\/en.wikipedia.org\/wiki\/Maslenica_Bridge_%28A1%29?utm_source=chatgpt.com\" target=\"_blank\" rel=\"noreferrer noopener\">CroaciaWikipedia<\/a> <\/li>\n\n\n\n<li><strong>Jugo (SE):<\/strong> C\u00e1lido, h\u00famedo, olas arriba; m\u00e1s nubes, lluvias o tormentas ocasionales.<\/li>\n\n\n\n<li><strong>Maestral (NO):<\/strong> Amigable brisa de las tardes de verano que hace que el calor sea m\u00e1s soportable para ir a la playa y pasear por la ciudad. <a href=\"https:\/\/www.helm.yt\/article\/croatia-winds?utm_source=chatgpt.com\" target=\"_blank\" rel=\"noreferrer noopener\">helm.yt<\/a><\/li>\n<\/ul>\n\n<h2 class=\"wp-block-heading\">Temperatura del mar (cuando se puede nadar)<\/h2>\n\n<p>La temperatura del Adri\u00e1tico en Split suele ser <strong>de 22-26 \u00b0C (72-79 \u00b0F<\/strong> ) a finales de junio-septiembre, y desciende hasta los 30 \u00b0C en invierno; las lecturas diarias actuales las publica la DHMZ (busca la estaci\u00f3n \u00abSplit\u00bb). <a href=\"https:\/\/meteo.hr\/podaci_e.php?param=more_e&amp;section=podaci_vrijeme&amp;utm_source=chatgpt.com\" rel=\"noreferrer noopener\" target=\"_blank\">Meteo.es<\/a><\/p>\n\n<h2 class=\"wp-block-heading\">Conducir a Split: normas pr\u00e1cticas y estacionalidad<\/h2>\n\n<p><strong>Lo esencial que debes saber (en toda Croacia):<\/strong><\/p>\n\n<ul class=\"wp-block-list\">\n<li><strong>L\u00edmites de velocidad:<\/strong> 50 km\/h en ciudad, 90 km\/h en carretera, 110 km\/h en autov\u00eda, <strong>130 km\/h en autopista<\/strong>, salvo que se indique lo contrario.<\/li>\n\n\n\n<li><strong>Luces:<\/strong> El uso de las luces de cruce\/DRL es <strong>obligatorio en invierno<\/strong> (\u00faltimo domingo de octubre \u2192 \u00faltimo domingo de marzo) y en condiciones de baja visibilidad\/t\u00faneles en caso contrario. <a href=\"https:\/\/www.maut1.de\/en\/help-and-service\/maut1.de-blog\/croatian-traffic-rules\/?srsltid=AfmBOoqhibwoEDulw-mv8JXpAGGsndT2kfzqqfG4UQ9jH_OFKStFHZYw&amp;utm_source=chatgpt.com\" target=\"_blank\" rel=\"noreferrer noopener\">maut1.de<\/a><\/li>\n\n\n\n<li><strong>Equipamiento de invierno:<\/strong> En los \u00abtramos de invierno\u00bb designados de las carreteras, <strong>es obligatorio llevar equipo de invierno 15 nov \u2192 15 abr<\/strong> (neum\u00e1ticos de invierno o neum\u00e1ticos de verano + cadenas preparadas), independientemente de las condiciones de esos tramos. Los neum\u00e1ticos con clavos no est\u00e1n permitidos. <a href=\"https:\/\/www.croatiaweek.com\/november-driving-changes-in-croatia-what-to-know-to-avoid-fines\/?utm_source=chatgpt.com\" target=\"_blank\" rel=\"noreferrer noopener\">Semana de<\/a><a href=\"https:\/\/www.europe-consommateurs.eu\/en\/travelling-motor-vehicles\/motor-vehicles\/winter-tyres-in-europe.html?utm_source=chatgpt.com\" target=\"_blank\" rel=\"noreferrer noopener\">CroaciaCentro Europeodel<\/a><a href=\"https:\/\/europa.eu\/youreurope\/citizens\/travel\/driving-abroad\/road-rules-and-safety\/croatia\/index_en.htm?utm_source=chatgpt.com\" target=\"_blank\" rel=\"noreferrer noopener\">ConsumidorUni\u00f3n Europea<\/a> <\/li>\n<\/ul>\n\n<p><strong>Notas sobre la ruta:<\/strong> Si vienes por la <strong>autopista A1<\/strong>, la fuerte <strong>bura<\/strong> puede causar restricciones o cierres al norte de Zadar (por ejemplo, Sveti Rok-Posedarje\/Maslenica). Comprueba los avisos del HAK (Autom\u00f3vil Club Croata) antes de salir.   <a href=\"https:\/\/www.croatiaweek.com\/severe-winds-and-snow-closes-numerous-croatian-roads\/?utm_source=chatgpt.com\" rel=\"noreferrer noopener\" target=\"_blank\">Semana de Croacia<\/a><\/p>\n\n<h2 class=\"wp-block-heading\">Aparcamiento y tiempo: hazte el d\u00eda m\u00e1s f\u00e1cil<\/h2>\n\n<ul class=\"wp-block-list\">\n<li><strong>Con el calor del verano:<\/strong> La sombra importa. Un <strong>garaje cubierto<\/strong> mantiene el habit\u00e1culo y los aparatos electr\u00f3nicos m\u00e1s frescos; lleva una sombrilla y una botella de agua en cualquier caso. <\/li>\n\n\n\n<li><strong>Cuando hace viento o hay tormenta:<\/strong> Las r\u00e1fagas empujan la niebla salina y los residuos; un <strong>lugar techado y cerrado<\/strong> protege la pintura y te ahorra luchar contra el viento con las puertas en las calles frente al mar.<\/li>\n\n\n\n<li><strong>Durante los periodos de lluvia:<\/strong> Prev\u00e9 carreteras resbaladizas y tr\u00e1fico m\u00e1s lento; opta por <strong>aparcar en el centro a pie<\/strong> hasta el casco antiguo\/estaci\u00f3n de ferry\/autob\u00fas en lugar de dar vueltas bajo el chaparr\u00f3n.<\/li>\n<\/ul>\n\n<p><strong>Precisamente por eso te ayuda nuestro garaje Split City Parking:<\/strong> est\u00e1 a <strong>10 minutos a<\/strong> pie del Palacio de Diocleciano y de <strong>las terminales de ferry\/autob\u00fas\/tren<\/strong>, y a s\u00f3lo <strong>2 minutos<\/strong> del mar, las playas, los hoteles, el puerto deportivo, el tenis y las piscinas. Encima del garaje encontrar\u00e1s un peque\u00f1o centro comercial con <strong>SPAR<\/strong>, <strong>DM<\/strong>, una <strong>farmacia<\/strong>, un <strong>banco<\/strong> y <strong>cl\u00ednicas m\u00e9dicas<\/strong> (con pruebas COVID incluidas), muy pr\u00e1ctico si el tiempo cambia y necesitas provisiones o una revisi\u00f3n. Reserva con antelaci\u00f3n en <strong>SplitCityParking.com<\/strong>.  <\/p>\n\n<h2 class=\"wp-block-heading\">Cu\u00e1ndo venir (tiempo + multitudes)<\/h2>\n\n<ul class=\"wp-block-list\">\n<li><strong>El mejor equilibrio:<\/strong> <strong>Mayo-junio<\/strong> y <strong>septiembre<\/strong> &#8211; mares c\u00e1lidos (de finales de primavera a principios de oto\u00f1o), temperaturas agradables para caminar, menos atascos que en pleno verano.<\/li>\n\n\n\n<li><strong>Verano punta:<\/strong> <strong>Julio-agosto<\/strong> &#8211; gloriosas playas pero abarrotadas; aparca cerca del centro y camina o utiliza los autobuses\/ferries locales.<\/li>\n\n\n\n<li><strong>Joyas fuera de temporada:<\/strong> <strong>Octubre<\/strong> puede ser encantador, y <strong>diciembre<\/strong> trae d\u00edas templados en la costa y luces festivas (lleva una chaqueta ligera y prev\u00e9 viento\/lluvia ocasionales).<\/li>\n<\/ul>\n\n<h2 class=\"wp-block-heading\">Qu\u00e9 meter en la maleta para el coche (por estaciones)<\/h2>\n\n<ul class=\"wp-block-list\">\n<li><strong>Siempre:<\/strong> Sombrilla, botellas de agua reutilizables, sombreros\/loci\u00f3n anti-UV, chubasquero ligero, soporte y cargador para el tel\u00e9fono, chaleco reflectante + tri\u00e1ngulo de advertencia.<\/li>\n\n\n\n<li><strong>Verano:<\/strong> L\u00edquido limpiaparabrisas extra, pa\u00f1o de microfibra (salitre), chanclas\/toallas para los chapuzones espont\u00e1neos.<\/li>\n\n\n\n<li><strong>Hombro\/invierno:<\/strong> Paraguas compacto, capa de abrigo y, si viajas por el interior\/altiplano en invierno, <strong>cadenas<\/strong> (en caso necesario). <a href=\"https:\/\/www.europe-consommateurs.eu\/en\/travelling-motor-vehicles\/motor-vehicles\/winter-tyres-in-europe.html?utm_source=chatgpt.com\" target=\"_blank\" rel=\"noreferrer noopener\">Centro Europeo del Consumidor<\/a><\/li>\n<\/ul>\n\n<h2 class=\"wp-block-heading\">Los d\u00edas de la ciudad simplificados: tu libro de jugadas para aparcar<\/h2>\n\n<ol class=\"wp-block-list\">\n<li><strong>Aparca una vez cerca de todo.<\/strong>  Desde nuestro garaje puedes ir andando al Palacio, al paseo mar\u00edtimo de Riva, al puerto de transbordadores y a las estaciones centrales de autob\u00fas y tren en cuesti\u00f3n de minutos, sin necesidad de volver a aparcar.<\/li>\n\n\n\n<li><strong>Plan de playa:<\/strong> Deja el coche en el garaje (a 2 minutos del mar); pasea hasta las playas, caf\u00e9s y piscinas, y luego vuelve para ducharte o cenar en el centro.<\/li>\n\n\n\n<li><strong>Excursiones de un d\u00eda a la isla:<\/strong> Los transbordadores y barcos de excursi\u00f3n est\u00e1n a un paseo; evita el tr\u00e1fico del muelle dejando el coche aparcado en un lugar seguro.<\/li>\n\n\n\n<li><strong>Refuerzos en caso de mal tiempo:<\/strong> Si llueve o entra jugo, pivota: museo\/s\u00f3tanos del Palacio, ir de caf\u00e9 en caf\u00e9, recados en el centro comercial de arriba (SPAR\/DM\/farmacia\/cl\u00ednicas), y luego una cena relajada, todo a pie.<\/li>\n<\/ol>\n\n<p>Consejo sutil: <strong>comprueba la disponibilidad en SplitCityParking.com<\/strong> antes de fines de semana ajetreados, eventos o tormentas.<\/p>\n\n<h3 class=\"wp-block-heading\">Respuestas r\u00e1pidas<\/h3>\n\n<ul class=\"wp-block-list\">\n<li><strong>\u00bfSe puede ir andando a Split desde el garaje?<\/strong>  S\u00ed &#8211; ~10 minutos al centro hist\u00f3rico; ~2 minutos al mar y a las instalaciones deportivas.<\/li>\n\n\n\n<li><strong>\u00bfY si hace viento?<\/strong>  Elige aparcamiento cubierto y consulta las actualizaciones del HAK si vas a hacer tramos largos por autopista; el bura puede afectar a los puentes al norte de Split.  <a href=\"https:\/\/www.croatiaweek.com\/severe-winds-and-snow-closes-numerous-croatian-roads\/?utm_source=chatgpt.com\" target=\"_blank\" rel=\"noreferrer noopener\">Croacia Semana+1<\/a><\/li>\n\n\n\n<li><strong>\u00bfNecesito neum\u00e1ticos de invierno?<\/strong> En los tramos se\u00f1alizados de invierno <strong>del 15 de noviembre al 15 de abril<\/strong>: neum\u00e1ticos de invierno (o de verano + cadenas a punto). En la costa, las condiciones suelen ser suaves, pero la norma se sigue aplicando en esos tramos se\u00f1alizados. <a href=\"https:\/\/www.croatiaweek.com\/november-driving-changes-in-croatia-what-to-know-to-avoid-fines\/?utm_source=chatgpt.com\" target=\"_blank\" rel=\"noreferrer noopener\">Semana de<\/a><a href=\"https:\/\/www.europe-consommateurs.eu\/en\/travelling-motor-vehicles\/motor-vehicles\/winter-tyres-in-europe.html?utm_source=chatgpt.com\" target=\"_blank\" rel=\"noreferrer noopener\">CroaciaCentro Europeodel Consumidor<\/a> <\/li>\n\n\n\n<li><strong>\u00bfLuces encendidas durante el d\u00eda?<\/strong>  Necesario durante los meses de invierno y siempre en t\u00faneles\/baja visibilidad.  <a href=\"https:\/\/www.maut1.de\/en\/help-and-service\/maut1.de-blog\/croatian-traffic-rules\/?srsltid=AfmBOoqhibwoEDulw-mv8JXpAGGsndT2kfzqqfG4UQ9jH_OFKStFHZYw&amp;utm_source=chatgpt.com\" target=\"_blank\" rel=\"noreferrer noopener\">maut1.de<\/a><\/li>\n<\/ul>\n\n<p>Si quieres, puedo adaptar este post con tablas mensuales de \u00abtemperaturas medias y d\u00edas lluviosos\u00bb y una lista de comprobaci\u00f3n imprimible para hacer la maleta; s\u00f3lo tienes que decirlo. Y, por supuesto, <strong>aparca de forma inteligente y pasea<\/strong>: reserva tu plaza en <strong>SplitCityParking.com<\/strong>. <\/p>\n\n<h2 class=\"wp-block-heading\">Consulta las condiciones y previsiones en directo (enlaces oficiales)<\/h2>\n\n<p><strong>Tiempo en la ciudad (Split):<\/strong><\/p>\n\n<ul class=\"wp-block-list\">\n<li>Previsi\u00f3n DHMZ de 3 d\u00edas para Split &#8211; temperatura y viento por hora:<br\/><a>https:\/\/meteo.hr\/prognoze_e.php?Code=Split&amp;id=prognoza&amp;param=3d&amp;section=prognoze_model<\/a><\/li>\n\n\n\n<li>Previsi\u00f3n DHMZ 7 d\u00edas para Split &#8211; gr\u00e1ficos sin\u00f3pticos:<br\/><a>https:\/\/meteo.hr\/prognoze_e.php?Code=14445&amp;el=hrvatska&amp;id=prognoza&amp;param=7d&amp;section=prognoze_model<\/a><\/li>\n<\/ul>\n\n<p><strong>Mar y viento (Adri\u00e1tico):<\/strong><\/p>\n\n<ul class=\"wp-block-list\">\n<li>DHMZ Previsi\u00f3n mar\u00edtima para embarcaciones peque\u00f1as (Adri\u00e1tico):<br\/><a>https:\/\/meteo.hr\/prognoze_e.php?param=jadran&amp;section=prognoze_specp<\/a><\/li>\n\n\n\n<li>DHMZ Temperatura superficial del mar (incluye lecturas Split):<br\/><a href=\"https:\/\/meteo.hr\/podaci_e.php?param=more_e&amp;section=podaci_vrijeme&amp;utm_source=chatgpt.com\" target=\"_blank\" rel=\"noreferrer noopener\">https:\/\/meteo.hr\/podaci_e.php?param=more_e&amp;section=podaci_vrijeme<\/a><\/li>\n\n\n\n<li>Tablas de \u00edndice UV (DHMZ):<br\/><a>https:\/\/meteo.hr\/prognoze_e.php?param=uvi_maps&amp;section=prognoze_model<\/a><\/li>\n\n\n\n<li>Radar\/sat\u00e9lite\/rayos (centro DHMZ):<br\/><a>https:\/\/meteo.hr\/index_en.php<\/a><\/li>\n<\/ul>\n\n<p><strong>Carreteras y tr\u00e1fico:<\/strong><\/p>\n\n<ul class=\"wp-block-list\">\n<li>HAK (Autom\u00f3vil Club Croata) &#8211; condiciones en directo de carreteras\/puentes, tr\u00e1fico de transbordadores, esperas en las fronteras:<br\/><a>https:\/\/www.hak.hr\/info\/stanje-na-cestama?lang=en<\/a><\/li>\n\n\n\n<li>HAC (Autopistas) &#8211; condiciones del segmento de autopista:<br\/><a>https:\/\/www.hac.hr\/en\/service-information\/highway-conditions<\/a><\/li>\n<\/ul>\n\n<p><\/p>\n","protected":false},"excerpt":{"rendered":"<p>Gu\u00eda del tiempo y conducci\u00f3n en Split (con consejos para aparcar cerca del centro) \u00bfPlaneas visitar Split en coche? Aqu\u00ed tienes una gu\u00eda compacta y pr\u00e1ctica sobre el tiempo en la ciudad -qu\u00e9 tiempo hace realmente a lo largo del a\u00f1o-, adem\u00e1s de c\u00f3mo afectan las condiciones a la conducci\u00f3n, los d\u00edas de playa, los [&hellip;]<\/p>\n","protected":false},"author":1,"featured_media":12725,"comment_status":"open","ping_status":"open","sticky":false,"template":"","format":"standard","meta":{"footnotes":""},"categories":[199],"tags":[],"class_list":["post-12743","post","type-post","status-publish","format-standard","has-post-thumbnail","hentry","category-sin-categoria"],"yoast_head":"<!-- This site is optimized with the Yoast SEO plugin v27.4 - https:\/\/yoast.com\/product\/yoast-seo-wordpress\/ -->\n<title>Split Tiempo y Gu\u00eda de conducci\u00f3n - Split City Parking<\/title>\n<meta name=\"robots\" content=\"index, follow, max-snippet:-1, max-image-preview:large, max-video-preview:-1\" \/>\n<link rel=\"canonical\" href=\"https:\/\/splitcityparking.com\/es\/split-tiempo-y-guia-de-conduccion\/\" \/>\n<meta property=\"og:locale\" content=\"es_ES\" \/>\n<meta property=\"og:type\" content=\"article\" \/>\n<meta property=\"og:title\" content=\"Split Tiempo y Gu\u00eda de conducci\u00f3n - Split City Parking\" \/>\n<meta property=\"og:description\" content=\"Gu\u00eda del tiempo y conducci\u00f3n en Split (con consejos para aparcar cerca del centro) \u00bfPlaneas visitar Split en coche? Aqu\u00ed tienes una gu\u00eda compacta y pr\u00e1ctica sobre el tiempo en la ciudad -qu\u00e9 tiempo hace realmente a lo largo del a\u00f1o-, adem\u00e1s de c\u00f3mo afectan las condiciones a la conducci\u00f3n, los d\u00edas de playa, los [&hellip;]\" \/>\n<meta property=\"og:url\" content=\"https:\/\/splitcityparking.com\/es\/split-tiempo-y-guia-de-conduccion\/\" \/>\n<meta property=\"og:site_name\" content=\"Split City Parking\" \/>\n<meta property=\"article:published_time\" content=\"2025-09-17T12:36:16+00:00\" \/>\n<meta property=\"article:modified_time\" content=\"2025-09-17T12:36:58+00:00\" \/>\n<meta property=\"og:image\" content=\"https:\/\/splitcityparking.com\/wp-content\/uploads\/2025\/09\/waterfront-of-split-city-on-a-sunny-day-croatia-2024-12-07-05-06-28-utc-scaled.jpg\" \/>\n\t<meta property=\"og:image:width\" content=\"2560\" \/>\n\t<meta property=\"og:image:height\" content=\"1707\" \/>\n\t<meta property=\"og:image:type\" content=\"image\/jpeg\" \/>\n<meta name=\"author\" content=\"parking\" \/>\n<meta name=\"twitter:card\" content=\"summary_large_image\" \/>\n<meta name=\"twitter:label1\" content=\"Escrito por\" \/>\n\t<meta name=\"twitter:data1\" content=\"parking\" \/>\n\t<meta name=\"twitter:label2\" content=\"Tiempo de lectura\" \/>\n\t<meta name=\"twitter:data2\" content=\"8 minutos\" \/>\n<script type=\"application\/ld+json\" class=\"yoast-schema-graph\">{\"@context\":\"https:\\\/\\\/schema.org\",\"@graph\":[{\"@type\":\"Article\",\"@id\":\"https:\\\/\\\/splitcityparking.com\\\/es\\\/split-tiempo-y-guia-de-conduccion\\\/#article\",\"isPartOf\":{\"@id\":\"https:\\\/\\\/splitcityparking.com\\\/es\\\/split-tiempo-y-guia-de-conduccion\\\/\"},\"author\":{\"name\":\"parking\",\"@id\":\"https:\\\/\\\/splitcityparking.com\\\/es\\\/#\\\/schema\\\/person\\\/67bfeb6a49b0026ad87cee0923224dd6\"},\"headline\":\"Split Tiempo y Gu\u00eda de conducci\u00f3n\",\"datePublished\":\"2025-09-17T12:36:16+00:00\",\"dateModified\":\"2025-09-17T12:36:58+00:00\",\"mainEntityOfPage\":{\"@id\":\"https:\\\/\\\/splitcityparking.com\\\/es\\\/split-tiempo-y-guia-de-conduccion\\\/\"},\"wordCount\":1534,\"commentCount\":0,\"image\":{\"@id\":\"https:\\\/\\\/splitcityparking.com\\\/es\\\/split-tiempo-y-guia-de-conduccion\\\/#primaryimage\"},\"thumbnailUrl\":\"https:\\\/\\\/splitcityparking.com\\\/wp-content\\\/uploads\\\/2025\\\/09\\\/waterfront-of-split-city-on-a-sunny-day-croatia-2024-12-07-05-06-28-utc-scaled.jpg\",\"inLanguage\":\"es\",\"potentialAction\":[{\"@type\":\"CommentAction\",\"name\":\"Comment\",\"target\":[\"https:\\\/\\\/splitcityparking.com\\\/es\\\/split-tiempo-y-guia-de-conduccion\\\/#respond\"]}]},{\"@type\":\"WebPage\",\"@id\":\"https:\\\/\\\/splitcityparking.com\\\/es\\\/split-tiempo-y-guia-de-conduccion\\\/\",\"url\":\"https:\\\/\\\/splitcityparking.com\\\/es\\\/split-tiempo-y-guia-de-conduccion\\\/\",\"name\":\"Split Tiempo y Gu\u00eda de conducci\u00f3n - Split City Parking\",\"isPartOf\":{\"@id\":\"https:\\\/\\\/splitcityparking.com\\\/es\\\/#website\"},\"primaryImageOfPage\":{\"@id\":\"https:\\\/\\\/splitcityparking.com\\\/es\\\/split-tiempo-y-guia-de-conduccion\\\/#primaryimage\"},\"image\":{\"@id\":\"https:\\\/\\\/splitcityparking.com\\\/es\\\/split-tiempo-y-guia-de-conduccion\\\/#primaryimage\"},\"thumbnailUrl\":\"https:\\\/\\\/splitcityparking.com\\\/wp-content\\\/uploads\\\/2025\\\/09\\\/waterfront-of-split-city-on-a-sunny-day-croatia-2024-12-07-05-06-28-utc-scaled.jpg\",\"datePublished\":\"2025-09-17T12:36:16+00:00\",\"dateModified\":\"2025-09-17T12:36:58+00:00\",\"author\":{\"@id\":\"https:\\\/\\\/splitcityparking.com\\\/es\\\/#\\\/schema\\\/person\\\/67bfeb6a49b0026ad87cee0923224dd6\"},\"breadcrumb\":{\"@id\":\"https:\\\/\\\/splitcityparking.com\\\/es\\\/split-tiempo-y-guia-de-conduccion\\\/#breadcrumb\"},\"inLanguage\":\"es\",\"potentialAction\":[{\"@type\":\"ReadAction\",\"target\":[\"https:\\\/\\\/splitcityparking.com\\\/es\\\/split-tiempo-y-guia-de-conduccion\\\/\"]}]},{\"@type\":\"ImageObject\",\"inLanguage\":\"es\",\"@id\":\"https:\\\/\\\/splitcityparking.com\\\/es\\\/split-tiempo-y-guia-de-conduccion\\\/#primaryimage\",\"url\":\"https:\\\/\\\/splitcityparking.com\\\/wp-content\\\/uploads\\\/2025\\\/09\\\/waterfront-of-split-city-on-a-sunny-day-croatia-2024-12-07-05-06-28-utc-scaled.jpg\",\"contentUrl\":\"https:\\\/\\\/splitcityparking.com\\\/wp-content\\\/uploads\\\/2025\\\/09\\\/waterfront-of-split-city-on-a-sunny-day-croatia-2024-12-07-05-06-28-utc-scaled.jpg\",\"width\":2560,\"height\":1707},{\"@type\":\"BreadcrumbList\",\"@id\":\"https:\\\/\\\/splitcityparking.com\\\/es\\\/split-tiempo-y-guia-de-conduccion\\\/#breadcrumb\",\"itemListElement\":[{\"@type\":\"ListItem\",\"position\":1,\"name\":\"Inicio\",\"item\":\"https:\\\/\\\/splitcityparking.com\\\/es\\\/aparcamiento-urbano-dividido\\\/\"},{\"@type\":\"ListItem\",\"position\":2,\"name\":\"Split Tiempo y Gu\u00eda de conducci\u00f3n\"}]},{\"@type\":\"WebSite\",\"@id\":\"https:\\\/\\\/splitcityparking.com\\\/es\\\/#website\",\"url\":\"https:\\\/\\\/splitcityparking.com\\\/es\\\/\",\"name\":\"Split City Parking\",\"description\":\"Parking and parking garages in Split. Reserve now and secure your parking space in our garage!\",\"potentialAction\":[{\"@type\":\"SearchAction\",\"target\":{\"@type\":\"EntryPoint\",\"urlTemplate\":\"https:\\\/\\\/splitcityparking.com\\\/es\\\/?s={search_term_string}\"},\"query-input\":{\"@type\":\"PropertyValueSpecification\",\"valueRequired\":true,\"valueName\":\"search_term_string\"}}],\"inLanguage\":\"es\"},{\"@type\":\"Person\",\"@id\":\"https:\\\/\\\/splitcityparking.com\\\/es\\\/#\\\/schema\\\/person\\\/67bfeb6a49b0026ad87cee0923224dd6\",\"name\":\"parking\",\"image\":{\"@type\":\"ImageObject\",\"inLanguage\":\"es\",\"@id\":\"https:\\\/\\\/secure.gravatar.com\\\/avatar\\\/5a8a4db074faa17539b9bbbae12ed6d18176060e70861db07ee16c5f81b3b911?s=96&d=mm&r=g\",\"url\":\"https:\\\/\\\/secure.gravatar.com\\\/avatar\\\/5a8a4db074faa17539b9bbbae12ed6d18176060e70861db07ee16c5f81b3b911?s=96&d=mm&r=g\",\"contentUrl\":\"https:\\\/\\\/secure.gravatar.com\\\/avatar\\\/5a8a4db074faa17539b9bbbae12ed6d18176060e70861db07ee16c5f81b3b911?s=96&d=mm&r=g\",\"caption\":\"parking\"},\"sameAs\":[\"https:\\\/\\\/splitcityparking.com\"]}]}<\/script>\n<!-- \/ Yoast SEO plugin. -->","yoast_head_json":{"title":"Split Tiempo y Gu\u00eda de conducci\u00f3n - Split City Parking","robots":{"index":"index","follow":"follow","max-snippet":"max-snippet:-1","max-image-preview":"max-image-preview:large","max-video-preview":"max-video-preview:-1"},"canonical":"https:\/\/splitcityparking.com\/es\/split-tiempo-y-guia-de-conduccion\/","og_locale":"es_ES","og_type":"article","og_title":"Split Tiempo y Gu\u00eda de conducci\u00f3n - Split City Parking","og_description":"Gu\u00eda del tiempo y conducci\u00f3n en Split (con consejos para aparcar cerca del centro) \u00bfPlaneas visitar Split en coche? Aqu\u00ed tienes una gu\u00eda compacta y pr\u00e1ctica sobre el tiempo en la ciudad -qu\u00e9 tiempo hace realmente a lo largo del a\u00f1o-, adem\u00e1s de c\u00f3mo afectan las condiciones a la conducci\u00f3n, los d\u00edas de playa, los [&hellip;]","og_url":"https:\/\/splitcityparking.com\/es\/split-tiempo-y-guia-de-conduccion\/","og_site_name":"Split City Parking","article_published_time":"2025-09-17T12:36:16+00:00","article_modified_time":"2025-09-17T12:36:58+00:00","og_image":[{"width":2560,"height":1707,"url":"https:\/\/splitcityparking.com\/wp-content\/uploads\/2025\/09\/waterfront-of-split-city-on-a-sunny-day-croatia-2024-12-07-05-06-28-utc-scaled.jpg","type":"image\/jpeg"}],"author":"parking","twitter_card":"summary_large_image","twitter_misc":{"Escrito por":"parking","Tiempo de lectura":"8 minutos"},"schema":{"@context":"https:\/\/schema.org","@graph":[{"@type":"Article","@id":"https:\/\/splitcityparking.com\/es\/split-tiempo-y-guia-de-conduccion\/#article","isPartOf":{"@id":"https:\/\/splitcityparking.com\/es\/split-tiempo-y-guia-de-conduccion\/"},"author":{"name":"parking","@id":"https:\/\/splitcityparking.com\/es\/#\/schema\/person\/67bfeb6a49b0026ad87cee0923224dd6"},"headline":"Split Tiempo y Gu\u00eda de conducci\u00f3n","datePublished":"2025-09-17T12:36:16+00:00","dateModified":"2025-09-17T12:36:58+00:00","mainEntityOfPage":{"@id":"https:\/\/splitcityparking.com\/es\/split-tiempo-y-guia-de-conduccion\/"},"wordCount":1534,"commentCount":0,"image":{"@id":"https:\/\/splitcityparking.com\/es\/split-tiempo-y-guia-de-conduccion\/#primaryimage"},"thumbnailUrl":"https:\/\/splitcityparking.com\/wp-content\/uploads\/2025\/09\/waterfront-of-split-city-on-a-sunny-day-croatia-2024-12-07-05-06-28-utc-scaled.jpg","inLanguage":"es","potentialAction":[{"@type":"CommentAction","name":"Comment","target":["https:\/\/splitcityparking.com\/es\/split-tiempo-y-guia-de-conduccion\/#respond"]}]},{"@type":"WebPage","@id":"https:\/\/splitcityparking.com\/es\/split-tiempo-y-guia-de-conduccion\/","url":"https:\/\/splitcityparking.com\/es\/split-tiempo-y-guia-de-conduccion\/","name":"Split Tiempo y Gu\u00eda de conducci\u00f3n - Split City Parking","isPartOf":{"@id":"https:\/\/splitcityparking.com\/es\/#website"},"primaryImageOfPage":{"@id":"https:\/\/splitcityparking.com\/es\/split-tiempo-y-guia-de-conduccion\/#primaryimage"},"image":{"@id":"https:\/\/splitcityparking.com\/es\/split-tiempo-y-guia-de-conduccion\/#primaryimage"},"thumbnailUrl":"https:\/\/splitcityparking.com\/wp-content\/uploads\/2025\/09\/waterfront-of-split-city-on-a-sunny-day-croatia-2024-12-07-05-06-28-utc-scaled.jpg","datePublished":"2025-09-17T12:36:16+00:00","dateModified":"2025-09-17T12:36:58+00:00","author":{"@id":"https:\/\/splitcityparking.com\/es\/#\/schema\/person\/67bfeb6a49b0026ad87cee0923224dd6"},"breadcrumb":{"@id":"https:\/\/splitcityparking.com\/es\/split-tiempo-y-guia-de-conduccion\/#breadcrumb"},"inLanguage":"es","potentialAction":[{"@type":"ReadAction","target":["https:\/\/splitcityparking.com\/es\/split-tiempo-y-guia-de-conduccion\/"]}]},{"@type":"ImageObject","inLanguage":"es","@id":"https:\/\/splitcityparking.com\/es\/split-tiempo-y-guia-de-conduccion\/#primaryimage","url":"https:\/\/splitcityparking.com\/wp-content\/uploads\/2025\/09\/waterfront-of-split-city-on-a-sunny-day-croatia-2024-12-07-05-06-28-utc-scaled.jpg","contentUrl":"https:\/\/splitcityparking.com\/wp-content\/uploads\/2025\/09\/waterfront-of-split-city-on-a-sunny-day-croatia-2024-12-07-05-06-28-utc-scaled.jpg","width":2560,"height":1707},{"@type":"BreadcrumbList","@id":"https:\/\/splitcityparking.com\/es\/split-tiempo-y-guia-de-conduccion\/#breadcrumb","itemListElement":[{"@type":"ListItem","position":1,"name":"Inicio","item":"https:\/\/splitcityparking.com\/es\/aparcamiento-urbano-dividido\/"},{"@type":"ListItem","position":2,"name":"Split Tiempo y Gu\u00eda de conducci\u00f3n"}]},{"@type":"WebSite","@id":"https:\/\/splitcityparking.com\/es\/#website","url":"https:\/\/splitcityparking.com\/es\/","name":"Split City Parking","description":"Parking and parking garages in Split. Reserve now and secure your parking space in our garage!","potentialAction":[{"@type":"SearchAction","target":{"@type":"EntryPoint","urlTemplate":"https:\/\/splitcityparking.com\/es\/?s={search_term_string}"},"query-input":{"@type":"PropertyValueSpecification","valueRequired":true,"valueName":"search_term_string"}}],"inLanguage":"es"},{"@type":"Person","@id":"https:\/\/splitcityparking.com\/es\/#\/schema\/person\/67bfeb6a49b0026ad87cee0923224dd6","name":"parking","image":{"@type":"ImageObject","inLanguage":"es","@id":"https:\/\/secure.gravatar.com\/avatar\/5a8a4db074faa17539b9bbbae12ed6d18176060e70861db07ee16c5f81b3b911?s=96&d=mm&r=g","url":"https:\/\/secure.gravatar.com\/avatar\/5a8a4db074faa17539b9bbbae12ed6d18176060e70861db07ee16c5f81b3b911?s=96&d=mm&r=g","contentUrl":"https:\/\/secure.gravatar.com\/avatar\/5a8a4db074faa17539b9bbbae12ed6d18176060e70861db07ee16c5f81b3b911?s=96&d=mm&r=g","caption":"parking"},"sameAs":["https:\/\/splitcityparking.com"]}]}},"_links":{"self":[{"href":"https:\/\/splitcityparking.com\/es\/wp-json\/wp\/v2\/posts\/12743","targetHints":{"allow":["GET"]}}],"collection":[{"href":"https:\/\/splitcityparking.com\/es\/wp-json\/wp\/v2\/posts"}],"about":[{"href":"https:\/\/splitcityparking.com\/es\/wp-json\/wp\/v2\/types\/post"}],"author":[{"embeddable":true,"href":"https:\/\/splitcityparking.com\/es\/wp-json\/wp\/v2\/users\/1"}],"replies":[{"embeddable":true,"href":"https:\/\/splitcityparking.com\/es\/wp-json\/wp\/v2\/comments?post=12743"}],"version-history":[{"count":1,"href":"https:\/\/splitcityparking.com\/es\/wp-json\/wp\/v2\/posts\/12743\/revisions"}],"predecessor-version":[{"id":12744,"href":"https:\/\/splitcityparking.com\/es\/wp-json\/wp\/v2\/posts\/12743\/revisions\/12744"}],"wp:featuredmedia":[{"embeddable":true,"href":"https:\/\/splitcityparking.com\/es\/wp-json\/wp\/v2\/media\/12725"}],"wp:attachment":[{"href":"https:\/\/splitcityparking.com\/es\/wp-json\/wp\/v2\/media?parent=12743"}],"wp:term":[{"taxonomy":"category","embeddable":true,"href":"https:\/\/splitcityparking.com\/es\/wp-json\/wp\/v2\/categories?post=12743"},{"taxonomy":"post_tag","embeddable":true,"href":"https:\/\/splitcityparking.com\/es\/wp-json\/wp\/v2\/tags?post=12743"}],"curies":[{"name":"wp","href":"https:\/\/api.w.org\/{rel}","templated":true}]}}