{"id":10113,"date":"2022-11-30T13:45:50","date_gmt":"2022-11-30T13:45:50","guid":{"rendered":"https:\/\/splitcityparking.com\/harom-nap-egy-split-utvonalon\/"},"modified":"2024-11-13T11:36:57","modified_gmt":"2024-11-13T11:36:57","slug":"harom-nap-egy-split-utvonalon","status":"publish","type":"post","link":"https:\/\/splitcityparking.com\/hu\/harom-nap-egy-split-utvonalon\/","title":{"rendered":"H\u00e1rom nap egy Split \u00fatvonalon"},"content":{"rendered":"\t\t<div data-elementor-type=\"wp-post\" data-elementor-id=\"10113\" class=\"elementor elementor-10113 elementor-4371\" data-elementor-post-type=\"post\">\n\t\t\t\t\t\t<section class=\"elementor-section elementor-top-section elementor-element elementor-element-74fa82c elementor-section-boxed elementor-section-height-default elementor-section-height-default\" data-id=\"74fa82c\" data-element_type=\"section\" data-e-type=\"section\">\n\t\t\t\t\t\t<div class=\"elementor-container elementor-column-gap-default\">\n\t\t\t\t\t<div class=\"elementor-column elementor-col-100 elementor-top-column elementor-element elementor-element-b8237c4\" data-id=\"b8237c4\" data-element_type=\"column\" data-e-type=\"column\">\n\t\t\t<div class=\"elementor-widget-wrap elementor-element-populated\">\n\t\t\t\t\t\t<div class=\"elementor-element elementor-element-fd766ac elementor-widget elementor-widget-text-editor\" data-id=\"fd766ac\" data-element_type=\"widget\" data-e-type=\"widget\" data-widget_type=\"text-editor.default\">\n\t\t\t\t\t\t\t\t\t<p><span style=\"font-weight: 400;\">A horv\u00e1torsz\u00e1gi Split Eur\u00f3pa egyik legvar\u00e1zslatosabb v\u00e1rosa. Tele van gazdag t\u00f6rt\u00e9nelemmel, b\u00e1jos utc\u00e1kkal \u00e9s gy\u00f6ny\u00f6r\u0171, karakteres \u00e9p\u00fcletekkel. Split v\u00e1rosa olyan gy\u00f6ny\u00f6r\u0171, hogy nagyon k\u00f6nny\u0171 elveszni benne.    <\/span><\/p>\n<p><span style=\"font-weight: 400;\">Mivel csak h\u00e1rom nap \u00e1ll rendelkez\u00e9sre Split felfedez\u00e9s\u00e9re, fontos, hogy hat\u00e1rozott \u00fatitervet \u00e1ll\u00edtson \u00f6ssze, hogy mindent megn\u00e9zhessen, amit a v\u00e1ros k\u00edn\u00e1l. A t\u00f6rt\u00e9nelmi \u00e9p\u00fcletekt\u0151l a gy\u00f6ny\u00f6r\u0171 spliti strandokig, a gy\u00f6ny\u00f6r\u0171 \u00f3v\u00e1rossal, Splitben minden megtal\u00e1lhat\u00f3, amire csak v\u00e1gyhat. Nincs rosszabb, mint elhagyni a v\u00e1rost, \u00e9s r\u00e1j\u00f6nni, hogy nem l\u00e1tt\u00e1l mindent, amit szerett\u00e9l volna!  <\/span><\/p>\n\t\t\t\t\t\t\t\t<\/div>\n\t\t\t\t\t<\/div>\n\t\t<\/div>\n\t\t\t\t\t<\/div>\n\t\t<\/section>\n\t\t\t\t<section class=\"elementor-section elementor-top-section elementor-element elementor-element-f97fd60 elementor-section-boxed elementor-section-height-default elementor-section-height-default\" data-id=\"f97fd60\" data-element_type=\"section\" data-e-type=\"section\">\n\t\t\t\t\t\t<div class=\"elementor-container elementor-column-gap-default\">\n\t\t\t\t\t<div class=\"elementor-column elementor-col-100 elementor-top-column elementor-element elementor-element-714dad1\" data-id=\"714dad1\" data-element_type=\"column\" data-e-type=\"column\">\n\t\t\t<div class=\"elementor-widget-wrap elementor-element-populated\">\n\t\t\t\t\t\t<div class=\"elementor-element elementor-element-6db10d3 elementor-widget elementor-widget-text-editor\" data-id=\"6db10d3\" data-element_type=\"widget\" data-e-type=\"widget\" data-widget_type=\"text-editor.default\">\n\t\t\t\t\t\t\t\t\t<h2><span style=\"font-weight: 400;\">1. nap: \u00c9lvezze Split r\u00e9gi belv\u00e1ros\u00e1t \u00e9s a Diocletianus-palot\u00e1t!<\/span><\/h2>\n<p><span style=\"font-weight: 400;\">Ha Splitben kezded az utadat, akkor van \u00e9rtelme Split legjobb r\u00e9sz\u00e9vel kezdeni. Az els\u0151 napot kezdheti Split r\u00e9gi k\u00f6zpontj\u00e1nak felfedez\u00e9s\u00e9vel a Diocletianus-palota k\u00f6r\u00fcl, miel\u0151tt \u00fagy d\u00f6ntene, hogy a v\u00e1ros k\u00f6zeli l\u00e1tnival\u00f3khoz v\u00e1ndorol.   <\/span><\/p>\n<p><span style=\"font-weight: 400;\">Ha nem tudod, hol tal\u00e1lsz olcs\u00f3 <\/span><a href=\"https:\/\/splitcityparking.com\/parking-in-split-near-old-town\/\"><span style=\"font-weight: 400;\">parkol\u00f3helyet az \u00f3v\u00e1ros k\u00f6zel\u00e9ben<\/span><\/a><span style=\"font-weight: 400;\">, a Split City Parking a legjobb \u00e1rat k\u00edn\u00e1lja \u00d6nnek a k\u00f6vetkez\u0151 \u00e1ron <\/span><a href=\"https:\/\/splitcityparking.com\/hu\/\"><span style=\"font-weight: 400;\">parkol\u00e1s<\/span><\/a><span style=\"font-weight: 400;\"> a gar\u00e1zsban.<\/span><\/p>\n\t\t\t\t\t\t\t\t<\/div>\n\t\t\t\t<div class=\"elementor-element elementor-element-df3bc45 elementor-widget elementor-widget-image\" data-id=\"df3bc45\" data-element_type=\"widget\" data-e-type=\"widget\" data-widget_type=\"image.default\">\n\t\t\t\t\t\t\t\t\t\t\t\t\t\t\t<img fetchpriority=\"high\" decoding=\"async\" width=\"800\" height=\"450\" src=\"https:\/\/splitcityparking.com\/wp-content\/uploads\/2022\/11\/image1-1024x576.jpg\" class=\"attachment-large size-large wp-image-10115\" alt=\"\" srcset=\"https:\/\/splitcityparking.com\/wp-content\/uploads\/2022\/11\/image1-1024x576.jpg 1024w, https:\/\/splitcityparking.com\/wp-content\/uploads\/2022\/11\/image1-300x169.jpg 300w, https:\/\/splitcityparking.com\/wp-content\/uploads\/2022\/11\/image1-768x432.jpg 768w, https:\/\/splitcityparking.com\/wp-content\/uploads\/2022\/11\/image1.jpg 1440w\" sizes=\"(max-width: 800px) 100vw, 800px\" \/>\t\t\t\t\t\t\t\t\t\t\t\t\t\t\t<\/div>\n\t\t\t\t<div class=\"elementor-element elementor-element-3436ef6 elementor-widget elementor-widget-text-editor\" data-id=\"3436ef6\" data-element_type=\"widget\" data-e-type=\"widget\" data-widget_type=\"text-editor.default\">\n\t\t\t\t\t\t\t\t\t<p>A Diocletianus-palota az egyik leg\u00e9rdekesebb l\u00e1tnival\u00f3 Splitben, amelyet \u00e9rdemes figyelembe venni, mivel Split \u00f3v\u00e1rosa \u00f3kori r\u00f3mai palotak\u00e9nt kezdte \u00e9let\u00e9t. Ez a hatalmas er\u0151d\u00edtett palota a mai v\u00e1rosk\u00f6zpont nagy r\u00e9sz\u00e9t elfoglalta, \u00e9s Diocletianus cs\u00e1sz\u00e1r sz\u00e1m\u00e1ra \u00e9p\u00fclt.   <\/p>\n<p>Ezut\u00e1n megl\u00e1togathatja a v\u00e1ros t\u00f6bbi l\u00e1tnival\u00f3j\u00e1t, de ne feledkezzen meg n\u00e9h\u00e1ny \u00e1ltal\u00e1nosabb helyr\u0151l sem, amelyeket \u00e9rdemes felkeresni, ha nem tudja <a href=\"https:\/\/splitcityparking.com\/things-to-do-in-split\/\">, mit csin\u00e1ljon Splitben<\/a>, mint p\u00e9ld\u00e1ul az \u00d3v\u00e1rosh\u00e1za \u00e9s a Pjac, m\u00e1s n\u00e9ven a N\u00e9p tere. Ezek a helyek benyom\u00e1st adnak a v\u00e1ros gy\u00f6ny\u00f6r\u0171 velencei \u00e9p\u00edt\u00e9szet\u00e9r\u0151l. <\/p>\n\t\t\t\t\t\t\t\t<\/div>\n\t\t\t\t\t<\/div>\n\t\t<\/div>\n\t\t\t\t\t<\/div>\n\t\t<\/section>\n\t\t\t\t<section class=\"elementor-section elementor-top-section elementor-element elementor-element-2fc95d7 elementor-section-boxed elementor-section-height-default elementor-section-height-default\" data-id=\"2fc95d7\" data-element_type=\"section\" data-e-type=\"section\">\n\t\t\t\t\t\t<div class=\"elementor-container elementor-column-gap-default\">\n\t\t\t\t\t<div class=\"elementor-column elementor-col-100 elementor-top-column elementor-element elementor-element-0be60fb\" data-id=\"0be60fb\" data-element_type=\"column\" data-e-type=\"column\">\n\t\t\t<div class=\"elementor-widget-wrap elementor-element-populated\">\n\t\t\t\t\t\t<div class=\"elementor-element elementor-element-36d9bd4 elementor-widget elementor-widget-text-editor\" data-id=\"36d9bd4\" data-element_type=\"widget\" data-e-type=\"widget\" data-widget_type=\"text-editor.default\">\n\t\t\t\t\t\t\t\t\t<h2><span style=\"font-weight: 400;\">2. nap: T\u00f6lts\u00f6n id\u0151t a Split k\u00f6rny\u00e9ki term\u00e9szetben<\/span><\/h2>\n<p><span style=\"font-weight: 400;\">B\u00e1r Splitben t\u00f6bb id\u0151t is elt\u00f6lthet a v\u00e1rosn\u00e9z\u00e9ssel vagy a spliti strandok \u00e9lvez\u00e9s\u00e9vel, ne hagyja ki a lehet\u0151s\u00e9get, hogy egy \u00fajabb egynapos kir\u00e1ndul\u00e1ssal t\u00f6bbet l\u00e1thasson a r\u00e9gi\u00f3b\u00f3l. Meglep\u0151dhet, hogy h\u00e1nyf\u00e9le egynapos kir\u00e1ndul\u00e1s lehets\u00e9ges Splitb\u0151l.   <\/span><\/p>\n<p><span style=\"font-weight: 400;\">Splitb\u0151l a turist\u00e1k \u00e9s a helyiek egyik kedvenc kir\u00e1ndul\u00f3helye a Plitvicei-tavak Nemzeti Park \u00e9s a Krka Nemzeti Park. E nemzeti parkok mellett a k\u00f6zeli szigetekre tett kir\u00e1ndul\u00e1sok is n\u00e9pszer\u0171ek.   <\/span><\/p>\n<p><span style=\"font-weight: 400;\">A Plitvicei-tavak Horv\u00e1torsz\u00e1g egyik legn\u00e9pszer\u0171bb v\u00edzes\u00e9se, amely az UNESCO v\u00e9delme alatt \u00e1ll, kiv\u00e1l\u00f3an alkalmas egynapos kir\u00e1ndul\u00e1sra, \u00e9s nincs messze Splitt\u0151l.  <\/span><\/p>\n<p><span style=\"font-weight: 400;\">Az egyes v\u00edzes\u00e9sek gy\u00f6ny\u00f6r\u0171 l\u00e1tv\u00e1ny\u00e1t\u00f3l kezdve a t\u00f3 viz\u00e9nek k\u00fcl\u00f6nb\u00f6z\u0151 sz\u00edneiig \u00e9s a k\u00f6rnyez\u0151 csod\u00e1latos term\u00e9szetig a Plitvicei-tavak val\u00f3ban l\u00e9legzetel\u00e1ll\u00edt\u00f3ak. Ha m\u00e1r ott vagy, s\u00e9t\u00e1lhatsz a t\u00f3 feletti s\u00e9t\u00e1nyokon, vagy t\u00far\u00e1zhatsz a f\u00e1k ment\u00e9n, \u00e9s \u00e9lvezheted a cs\u00f3nak\u00e1z\u00e1st a park legnagyobb tav\u00e1n.   <\/span><\/p>\n<p><span style=\"font-weight: 400;\">A Plitvicei-tavak mellett Horv\u00e1torsz\u00e1g a var\u00e1zslatos Krka-v\u00edzes\u00e9seir\u0151l is ismert. Horv\u00e1torsz\u00e1g egyik legl\u00e1togatottabb nemzeti parkja minden bizonnyal a Krka Nemzeti Park, amely \u00e9szaknyugaton, \u0160ibenik v\u00e1ros k\u00f6zel\u00e9ben tal\u00e1lhat\u00f3.   <\/span><\/p>\n\t\t\t\t\t\t\t\t<\/div>\n\t\t\t\t<div class=\"elementor-element elementor-element-8437c23 elementor-widget elementor-widget-image\" data-id=\"8437c23\" data-element_type=\"widget\" data-e-type=\"widget\" data-widget_type=\"image.default\">\n\t\t\t\t\t\t\t\t\t\t\t\t\t\t\t<img decoding=\"async\" width=\"800\" height=\"600\" src=\"https:\/\/splitcityparking.com\/wp-content\/uploads\/2022\/11\/image3.jpg\" class=\"attachment-large size-large wp-image-10116\" alt=\"\" srcset=\"https:\/\/splitcityparking.com\/wp-content\/uploads\/2022\/11\/image3.jpg 800w, https:\/\/splitcityparking.com\/wp-content\/uploads\/2022\/11\/image3-300x225.jpg 300w, https:\/\/splitcityparking.com\/wp-content\/uploads\/2022\/11\/image3-768x576.jpg 768w\" sizes=\"(max-width: 800px) 100vw, 800px\" \/>\t\t\t\t\t\t\t\t\t\t\t\t\t\t\t<\/div>\n\t\t\t\t<div class=\"elementor-element elementor-element-335a649 elementor-widget elementor-widget-text-editor\" data-id=\"335a649\" data-element_type=\"widget\" data-e-type=\"widget\" data-widget_type=\"text-editor.default\">\n\t\t\t\t\t\t\t\t\t<p><span style=\"font-weight: 400;\">Az NP Krka h\u00e9t v\u00edzes\u00e9snek ad otthont, amelyek kis szikl\u00e1kon \u00e1t folynak, buja n\u00f6v\u00e9nyzettel szeg\u00e9lyezve, ami a Krka v\u00edzes\u00e9seket gy\u00f6ny\u00f6r\u0171 l\u00e1tv\u00e1nyoss\u00e1gg\u00e1 teszi. A nemzeti parkba l\u00e1togat\u00f3k nemcsak v\u00edzes\u00e9seket l\u00e1thatnak, hanem \u00e9desv\u00edzi medenc\u00e9kben is \u00faszhatnak.   <\/span><\/p>\n<p><span style=\"font-weight: 400;\">Ha nem tud eljutni a Plitvicei-tavakhoz vagy a Krka Nemzeti Parkba, akkor a Split melletti Marjan-hegyre l\u00e1togathat el kikapcsol\u00f3d\u00e1sra. Ha megm\u00e1ssza a Marjan-hegyet, csod\u00e1latos kil\u00e1t\u00e1s ny\u00edlik Splitre \u00e9s a szigetekre, s\u0151t, t\u00f6bb egyedi kil\u00e1t\u00f3pont is tal\u00e1lhat\u00f3.   <\/span><\/p>\n<p><span style=\"font-weight: 400;\">Mint eml\u00edtett\u00fck, sok turista a k\u00f6zeli szigeteket is sz\u00edvesen l\u00e1togatja. Sz\u00e1mos egynapos \u00e9s f\u00e9lnapos kir\u00e1ndul\u00f3csomag l\u00e9tezik, \u00e9s az emberek \u00e1ltal\u00e1ban egynapos csomagot v\u00e1lasztanak, amely k\u00f6r\u00fclbel\u00fcl 10 \u00f3r\u00e1t vesz ig\u00e9nybe.   <\/span><\/p>\n<p><span style=\"font-weight: 400;\">Az egyik legismertebb kir\u00e1ndul\u00e1si \u00fatvonal a Bol, Hvar \u00e9s a Pakleni-szigetek vagy Bi\u0161evo, K\u00e9k barlang, Vis (Komi\u017ea, Stiniva), Budikovac (K\u00e9k lag\u00fana), Pakleni-szigetek \u00e9s Hvar. Ha \u00fagy d\u00f6nt, hogy ny\u00e1ron Splitbe utazik, mindenk\u00e9ppen aj\u00e1nlott az eml\u00edtett szigetek valamelyik\u00e9n \u00faszni, ha van egy kis szabadideje.   <\/span><\/p>\n<p><span style=\"font-weight: 400;\">Hvar gazdag t\u00f6rt\u00e9nelemmel, kiv\u00e1l\u00f3 konyh\u00e1val, v\u00e1ltozatos \u00e9jszakai \u00e9lettel \u00e9s l\u00e9legzetel\u00e1ll\u00edt\u00f3 term\u00e9szettel rendelkezik, \u00edgy ha van ideje, mindenk\u00e9ppen l\u00e1togasson el erre a szigetre.<\/span><\/p>\n<p><span style=\"font-weight: 400;\">A napi \u00fatvonal mellett l\u00e9tezik egy j\u00f3l ismert f\u00e9lnapos \u00fatvonal is, ahol Split, Trogir \u00e9s Krknja\u0161i &#8211; K\u00e9k Lag\u00fana vagy Krknja\u0161i &#8211; K\u00e9k Lag\u00fana, \u010ciovo \u00e9s \u0160olta is megtekinthet\u0151. Ez egy nagyszer\u0171 m\u00f3dja annak, hogy Horv\u00e1torsz\u00e1g gy\u00f6ny\u00f6r\u0171 r\u00e9szeit megl\u00e1togassuk, \u00e9s k\u00f6zben j\u00f3l \u00e9rezz\u00fck magunkat. <\/span><\/p>\n\t\t\t\t\t\t\t\t<\/div>\n\t\t\t\t\t<\/div>\n\t\t<\/div>\n\t\t\t\t\t<\/div>\n\t\t<\/section>\n\t\t\t\t<section class=\"elementor-section elementor-top-section elementor-element elementor-element-c9e8397 elementor-section-boxed elementor-section-height-default elementor-section-height-default\" data-id=\"c9e8397\" data-element_type=\"section\" data-e-type=\"section\">\n\t\t\t\t\t\t<div class=\"elementor-container elementor-column-gap-default\">\n\t\t\t\t\t<div class=\"elementor-column elementor-col-100 elementor-top-column elementor-element elementor-element-85fafdb\" data-id=\"85fafdb\" data-element_type=\"column\" data-e-type=\"column\">\n\t\t\t<div class=\"elementor-widget-wrap elementor-element-populated\">\n\t\t\t\t\t\t<div class=\"elementor-element elementor-element-7c89945 elementor-widget elementor-widget-text-editor\" data-id=\"7c89945\" data-element_type=\"widget\" data-e-type=\"widget\" data-widget_type=\"text-editor.default\">\n\t\t\t\t\t\t\t\t\t<h2><span style=\"font-weight: 400;\">3. nap: Tapasztalja meg Splitet, mint egy helyi<\/span><\/h2>\n<p><span style=\"font-weight: 400;\">R\u00e1j\u00f6tt\u00e9l, hogy ez az utols\u00f3 napod Splitben, \u00e9s nem tudod. <\/span><a href=\"https:\/\/splitcityparking.com\/what-to-do-in-split-in-one-day\/\"><span style=\"font-weight: 400;\">mit csin\u00e1lj Splitben egy nap alatt<\/span><\/a><span style=\"font-weight: 400;\">? A legjobb m\u00f3dja Split megismer\u00e9s\u00e9nek, ha csatlakozik a Diocletianus-palot\u00e1ban \u00e9s az \u00f3v\u00e1rosban tartott s\u00e9t\u00e1k egyik\u00e9hez. Split e k\u00e9t ter\u00fclete a 4. sz\u00e1zadb\u00f3l sz\u00e1rmazik, \u00e9s a r\u00f3mai cs\u00e1sz\u00e1r otthona volt. Mindkett\u0151 rendk\u00edv\u00fcl j\u00f3l meg\u0151rz\u00f6tt \u00e9s leny\u0171g\u00f6z\u0151.     <\/span><\/p>\n<p><span style=\"font-weight: 400;\">Split t\u00f6rt\u00e9nelm\u00e9nek alapos felfedez\u00e9se ut\u00e1n ideje kil\u00e9pni a r\u00e9gi k\u0151\u00e9p\u00fcletekb\u0151l Split leny\u0171g\u00f6z\u0151 s\u00e9t\u00e1ny\u00e1ra. Ez k\u00f6zvetlen\u00fcl a tenger mellett tal\u00e1lhat\u00f3, \u00e9s az egyik oldalon p\u00e1lmaf\u00e1k, a m\u00e1sikon pedig finom \u00e9ttermek veszik k\u00f6r\u00fcl. A k\u00f6vezett utc\u00e1k \u00e9s a r\u00e9gi \u00e9p\u00fcletek nagyon kellemes s\u00e9t\u00e1t tesznek lehet\u0151v\u00e9.    <\/span><\/p>\n\t\t\t\t\t\t\t\t<\/div>\n\t\t\t\t<div class=\"elementor-element elementor-element-e44b6f3 elementor-widget elementor-widget-image\" data-id=\"e44b6f3\" data-element_type=\"widget\" data-e-type=\"widget\" data-widget_type=\"image.default\">\n\t\t\t\t\t\t\t\t\t\t\t\t\t\t\t<img decoding=\"async\" width=\"800\" height=\"530\" src=\"https:\/\/splitcityparking.com\/wp-content\/uploads\/2022\/11\/image2.jpg\" class=\"attachment-large size-large wp-image-10117\" alt=\"\" srcset=\"https:\/\/splitcityparking.com\/wp-content\/uploads\/2022\/11\/image2.jpg 1024w, https:\/\/splitcityparking.com\/wp-content\/uploads\/2022\/11\/image2-300x199.jpg 300w, https:\/\/splitcityparking.com\/wp-content\/uploads\/2022\/11\/image2-768x509.jpg 768w\" sizes=\"(max-width: 800px) 100vw, 800px\" \/>\t\t\t\t\t\t\t\t\t\t\t\t\t\t\t<\/div>\n\t\t\t\t<div class=\"elementor-element elementor-element-5bae450 elementor-widget elementor-widget-text-editor\" data-id=\"5bae450\" data-element_type=\"widget\" data-e-type=\"widget\" data-widget_type=\"text-editor.default\">\n\t\t\t\t\t\t\t\t\t<p><span style=\"font-weight: 400;\">Ez egy remek alkalom arra, hogy bekapj valamit az \u00fat ment\u00e9n tal\u00e1lhat\u00f3 sz\u00e1mos \u00e9tterem egyik\u00e9ben! Sokuk szabadt\u00e9ri terasszal rendelkezik, \u00e9s friss helyi tenger gy\u00fcm\u00f6lcseit k\u00edn\u00e1lja. Egy k\u00e9s\u0151i eb\u00e9d itt, az egyik oldalon a tengerre, a m\u00e1sikon pedig az \u0151si k\u0151falakra n\u00e9z\u0151 kil\u00e1t\u00e1ssal olyan eml\u00e9keket szerezhet, amelyeket nem fog egyhamar elfelejteni.  <\/span><\/p>\n<p><span style=\"font-weight: 400;\">Egy v\u00e1ros kult\u00far\u00e1j\u00e1nak \u00e9s hagyom\u00e1nyainak megismer\u00e9s\u00e9hez nagyszer\u0171 m\u00f3dja, ha ell\u00e1togat a helyi piacokra, \u00e9s megn\u00e9zi, mit szolg\u00e1lnak fel \u00e9s mit k\u00edn\u00e1lnak. Splitben rengeteg nagyszer\u0171 piac van, amelyek tele vannak helyi \u00edzekkel, szuven\u00edrekkel, ruh\u00e1kkal \u00e9s vir\u00e1gokkal. A k\u00e9t piac, ahov\u00e1 minden helyi j\u00e1r, egy\u00e9rtelm\u0171en a Z\u00f6ld Piac \u00e9s a Halpiac.  <\/span><\/p>\n<p><span style=\"font-weight: 400;\">Ha elt\u00f6lt egy kis id\u0151t azzal, hogy megfigyeli, hogyan \u00e9rintkeznek egym\u00e1ssal a horv\u00e1t lakosok, megtudhat valamit a helyi k\u00f6rnyezetr\u0151l. Az is remek \u00f6tlet, hogy \u00f6sszeszedj n\u00e9h\u00e1ny helyi alapanyagot, hogy egy igaz\u00e1n k\u00fcl\u00f6nleges vacsor\u00e1t k\u00e9sz\u00edthess. A helyi \u00edzek be\u00e9p\u00edt\u00e9se az \u00e9tkez\u00e9sbe sz\u00e9p m\u00f3dja annak, hogy megtapasztalja Splitet, \u00e9s m\u00e9g p\u00e9nzt is sp\u00f3roljon.  <\/span><\/p>\n\t\t\t\t\t\t\t\t<\/div>\n\t\t\t\t\t<\/div>\n\t\t<\/div>\n\t\t\t\t\t<\/div>\n\t\t<\/section>\n\t\t\t\t<section class=\"elementor-section elementor-top-section elementor-element elementor-element-8ea502c elementor-section-boxed elementor-section-height-default elementor-section-height-default\" data-id=\"8ea502c\" data-element_type=\"section\" data-e-type=\"section\">\n\t\t\t\t\t\t<div class=\"elementor-container elementor-column-gap-default\">\n\t\t\t\t\t<div class=\"elementor-column elementor-col-100 elementor-top-column elementor-element elementor-element-16e0d0a\" data-id=\"16e0d0a\" data-element_type=\"column\" data-e-type=\"column\">\n\t\t\t<div class=\"elementor-widget-wrap elementor-element-populated\">\n\t\t\t\t\t\t<div class=\"elementor-element elementor-element-435672a elementor-widget elementor-widget-text-editor\" data-id=\"435672a\" data-element_type=\"widget\" data-e-type=\"widget\" data-widget_type=\"text-editor.default\">\n\t\t\t\t\t\t\t\t\t<h2><span style=\"font-weight: 400;\">Parkol\u00f3k Splitben<\/span><\/h2>\n<p><span style=\"font-weight: 400;\">Azok sz\u00e1m\u00e1ra, akik \u00fagy d\u00f6ntenek, hogy aut\u00f3val utaznak az Adriai-tenger partj\u00e1ra, hogy ott j\u00f3l \u00e9rezz\u00e9k magukat, k\u00fcl\u00f6nb\u00f6z\u0151 parkol\u00e1si lehet\u0151s\u00e9gek \u00e1llnak rendelkez\u00e9sre.<\/span><\/p>\n<p><span style=\"font-weight: 400;\">A vezet\u00e9s el\u0151nye, hogy \u00edgy an\u00e9lk\u00fcl utazhat a v\u00e1rosokba, hogy egy vagyont k\u00f6ltene a t\u00f6megk\u00f6zleked\u00e9sre, mik\u00f6zben megl\u00e1togathatja a kultur\u00e1lis l\u00e1tnival\u00f3k egy r\u00e9sz\u00e9t is. A parkol\u00f3helyek azonban dr\u00e1g\u00e1k \u00e9s nehezen tal\u00e1lhat\u00f3k az olyan nagyv\u00e1rosokban, mint Split. Ez\u00e9rt a Split City Parking  <\/span> <a href=\"https:\/\/splitcityparking.com\/the-cheapest-parking-in-split\/\"><span style=\"font-weight: 400;\"> a legolcs\u00f3bb parkol\u00e1s Splitben<\/span><\/a><span style=\"font-weight: 400;\">.<\/span><\/p>\n\t\t\t\t\t\t\t\t<\/div>\n\t\t\t\t<div class=\"elementor-element elementor-element-f87d1a5 elementor-widget elementor-widget-image\" data-id=\"f87d1a5\" data-element_type=\"widget\" data-e-type=\"widget\" data-widget_type=\"image.default\">\n\t\t\t\t\t\t\t\t\t\t\t\t\t\t\t<img loading=\"lazy\" decoding=\"async\" width=\"800\" height=\"600\" src=\"https:\/\/splitcityparking.com\/wp-content\/uploads\/2022\/11\/image5-1024x768.png\" class=\"attachment-large size-large wp-image-10118\" alt=\"\" srcset=\"https:\/\/splitcityparking.com\/wp-content\/uploads\/2022\/11\/image5-1024x768.png 1024w, https:\/\/splitcityparking.com\/wp-content\/uploads\/2022\/11\/image5-300x225.png 300w, https:\/\/splitcityparking.com\/wp-content\/uploads\/2022\/11\/image5-768x576.png 768w, https:\/\/splitcityparking.com\/wp-content\/uploads\/2022\/11\/image5.png 1032w\" sizes=\"(max-width: 800px) 100vw, 800px\" \/>\t\t\t\t\t\t\t\t\t\t\t\t\t\t\t<\/div>\n\t\t\t\t<div class=\"elementor-element elementor-element-b2e75af elementor-widget elementor-widget-text-editor\" data-id=\"b2e75af\" data-element_type=\"widget\" data-e-type=\"widget\" data-widget_type=\"text-editor.default\">\n\t\t\t\t\t\t\t\t\t<p><span style=\"font-weight: 400;\">Mivel gar\u00e1zsainkban sz\u00e1mos kamera van, amelyek mindenkit megfigyelnek, aki bej\u00f6n \u00e9s t\u00e1vozik, a Split City Parking a k\u00f6vetkez\u0151ket tudja biztos\u00edtani \u00d6nnek <\/span><a href=\"https:\/\/splitcityparking.com\/parking-in-a-garage-vs-outside\/\"><span style=\"font-weight: 400;\">parkol\u00e1s a gar\u00e1zsban<\/span><\/a><span style=\"font-weight: 400;\"> nagyon kedvez\u0151 \u00e1ron, megv\u00e9dve j\u00e1rm\u0171v\u00e9t a tolvajokt\u00f3l \u00e9s vand\u00e1lokt\u00f3l.<\/span><\/p>\n\t\t\t\t\t\t\t\t<\/div>\n\t\t\t\t\t<\/div>\n\t\t<\/div>\n\t\t\t\t\t<\/div>\n\t\t<\/section>\n\t\t\t\t<section class=\"elementor-section elementor-top-section elementor-element elementor-element-784f45a elementor-section-boxed elementor-section-height-default elementor-section-height-default\" data-id=\"784f45a\" data-element_type=\"section\" data-e-type=\"section\">\n\t\t\t\t\t\t<div class=\"elementor-container elementor-column-gap-default\">\n\t\t\t\t\t<div class=\"elementor-column elementor-col-100 elementor-top-column elementor-element elementor-element-42d8340\" data-id=\"42d8340\" data-element_type=\"column\" data-e-type=\"column\">\n\t\t\t<div class=\"elementor-widget-wrap elementor-element-populated\">\n\t\t\t\t\t\t<div class=\"elementor-element elementor-element-6da291f elementor-widget elementor-widget-text-editor\" data-id=\"6da291f\" data-element_type=\"widget\" data-e-type=\"widget\" data-widget_type=\"text-editor.default\">\n\t\t\t\t\t\t\t\t\t<h2><span style=\"font-weight: 400;\">GYIK<\/span><\/h2>\n<h3><span style=\"font-weight: 400;\">El\u00e9g 3 nap Splitben?<\/span><\/h3>\n<p><span style=\"font-weight: 400;\">H\u00e1rom nap Splitben lehet\u0151v\u00e9 teszi, hogy teljes m\u00e9rt\u00e9kben megismerje az \u00f3v\u00e1rost, Split gy\u00f6ny\u00f6r\u0171 strandjait \u00e9s egy\u00e9b l\u00e1tnival\u00f3it.<\/span><\/p>\n<h3><span style=\"font-weight: 400;\">Mit lehet tenni Splitben egy nap alatt?<\/span><\/h3>\n<p><span style=\"font-weight: 400;\">Splitben egy nap alatt v\u00e9gigs\u00e9t\u00e1lhatsz az \u00f3v\u00e1roson, \u00e9s ut\u00e1na pihenhetsz az egyik b\u00e1rban, amelynek terasz\u00e1r\u00f3l gy\u00f6ny\u00f6r\u0171 kil\u00e1t\u00e1s ny\u00edlik Splitre \u00e9s a panor\u00e1m\u00e1ra.<\/span><\/p>\n<h3><span style=\"font-weight: 400;\">Hol a legolcs\u00f3bb a h\u00e1romnapos parkol\u00e1s Splitben?<\/span><\/h3>\n<p><span style=\"font-weight: 400;\">Splitben a legolcs\u00f3bban a Split City Parking gar\u00e1zs\u00e1ban lehet parkolni, amely Split k\u00f6zpontj\u00e1nak k\u00f6zel\u00e9ben tal\u00e1lhat\u00f3.<\/span><\/p>\n\t\t\t\t\t\t\t\t<\/div>\n\t\t\t\t\t<\/div>\n\t\t<\/div>\n\t\t\t\t\t<\/div>\n\t\t<\/section>\n\t\t\t\t<\/div>\n\t\t","protected":false},"excerpt":{"rendered":"<p>A horv\u00e1torsz\u00e1gi Split Eur\u00f3pa egyik legvar\u00e1zslatosabb v\u00e1rosa. Tele van gazdag t\u00f6rt\u00e9nelemmel, b\u00e1jos utc\u00e1kkal \u00e9s gy\u00f6ny\u00f6r\u0171, karakteres \u00e9p\u00fcletekkel. Split v\u00e1rosa olyan gy\u00f6ny\u00f6r\u0171, hogy nagyon k\u00f6nny\u0171 elveszni benne. Mivel csak h\u00e1rom nap \u00e1ll rendelkez\u00e9sre Split felfedez\u00e9s\u00e9re, fontos, hogy hat\u00e1rozott \u00fatitervet \u00e1ll\u00edtson \u00f6ssze, hogy mindent megn\u00e9zhessen, amit a v\u00e1ros k\u00edn\u00e1l. A t\u00f6rt\u00e9nelmi \u00e9p\u00fcletekt\u0151l a gy\u00f6ny\u00f6r\u0171 spliti strandokig, a [&hellip;]<\/p>\n","protected":false},"author":1,"featured_media":10114,"comment_status":"open","ping_status":"open","sticky":false,"template":"","format":"standard","meta":{"footnotes":""},"categories":[168],"tags":[],"class_list":["post-10113","post","type-post","status-publish","format-standard","has-post-thumbnail","hentry","category-uncategorized-hu"],"yoast_head":"<!-- This site is optimized with the Yoast SEO plugin v27.4 - https:\/\/yoast.com\/product\/yoast-seo-wordpress\/ -->\n<title>3 nap Splitben \u00fatiterv<\/title>\n<meta name=\"description\" content=\"Mivel csak h\u00e1rom nap \u00e1ll rendelkez\u00e9sre Split felfedez\u00e9s\u00e9re, fontos, hogy hat\u00e1rozott \u00fatitervet \u00e1ll\u00edtson \u00f6ssze, hogy mindent megn\u00e9zhessen, amit a v\u00e1ros k\u00edn\u00e1l.\" \/>\n<meta name=\"robots\" content=\"index, follow, max-snippet:-1, max-image-preview:large, max-video-preview:-1\" \/>\n<link rel=\"canonical\" href=\"https:\/\/splitcityparking.com\/hu\/harom-nap-egy-split-utvonalon\/\" \/>\n<meta property=\"og:locale\" content=\"hu_HU\" \/>\n<meta property=\"og:type\" content=\"article\" \/>\n<meta property=\"og:title\" content=\"3 nap Splitben \u00fatiterv\" \/>\n<meta property=\"og:description\" content=\"Mivel csak h\u00e1rom nap \u00e1ll rendelkez\u00e9sre Split felfedez\u00e9s\u00e9re, fontos, hogy hat\u00e1rozott \u00fatitervet \u00e1ll\u00edtson \u00f6ssze, hogy mindent megn\u00e9zhessen, amit a v\u00e1ros k\u00edn\u00e1l.\" \/>\n<meta property=\"og:url\" content=\"https:\/\/splitcityparking.com\/hu\/harom-nap-egy-split-utvonalon\/\" \/>\n<meta property=\"og:site_name\" content=\"Split City Parking\" \/>\n<meta property=\"article:published_time\" content=\"2022-11-30T13:45:50+00:00\" \/>\n<meta property=\"article:modified_time\" content=\"2024-11-13T11:36:57+00:00\" \/>\n<meta property=\"og:image\" content=\"https:\/\/splitcityparking.com\/wp-content\/uploads\/2022\/11\/image4.jpg\" \/>\n\t<meta property=\"og:image:width\" content=\"1600\" \/>\n\t<meta property=\"og:image:height\" content=\"900\" \/>\n\t<meta property=\"og:image:type\" content=\"image\/jpeg\" \/>\n<meta name=\"author\" content=\"parking\" \/>\n<meta name=\"twitter:card\" content=\"summary_large_image\" \/>\n<meta name=\"twitter:label1\" content=\"Szerz\u0151:\" \/>\n\t<meta name=\"twitter:data1\" content=\"parking\" \/>\n\t<meta name=\"twitter:label2\" content=\"Becs\u00fclt olvas\u00e1si id\u0151\" \/>\n\t<meta name=\"twitter:data2\" content=\"8 perc\" \/>\n<script type=\"application\/ld+json\" class=\"yoast-schema-graph\">{\"@context\":\"https:\\\/\\\/schema.org\",\"@graph\":[{\"@type\":\"Article\",\"@id\":\"https:\\\/\\\/splitcityparking.com\\\/hu\\\/harom-nap-egy-split-utvonalon\\\/#article\",\"isPartOf\":{\"@id\":\"https:\\\/\\\/splitcityparking.com\\\/hu\\\/harom-nap-egy-split-utvonalon\\\/\"},\"author\":{\"name\":\"parking\",\"@id\":\"https:\\\/\\\/splitcityparking.com\\\/hu\\\/#\\\/schema\\\/person\\\/67bfeb6a49b0026ad87cee0923224dd6\"},\"headline\":\"H\u00e1rom nap egy Split \u00fatvonalon\",\"datePublished\":\"2022-11-30T13:45:50+00:00\",\"dateModified\":\"2024-11-13T11:36:57+00:00\",\"mainEntityOfPage\":{\"@id\":\"https:\\\/\\\/splitcityparking.com\\\/hu\\\/harom-nap-egy-split-utvonalon\\\/\"},\"wordCount\":1538,\"commentCount\":0,\"image\":{\"@id\":\"https:\\\/\\\/splitcityparking.com\\\/hu\\\/harom-nap-egy-split-utvonalon\\\/#primaryimage\"},\"thumbnailUrl\":\"https:\\\/\\\/splitcityparking.com\\\/wp-content\\\/uploads\\\/2022\\\/11\\\/image4.jpg\",\"articleSection\":[\"Uncategorized @hu\"],\"inLanguage\":\"hu\",\"potentialAction\":[{\"@type\":\"CommentAction\",\"name\":\"Comment\",\"target\":[\"https:\\\/\\\/splitcityparking.com\\\/hu\\\/harom-nap-egy-split-utvonalon\\\/#respond\"]}]},{\"@type\":\"WebPage\",\"@id\":\"https:\\\/\\\/splitcityparking.com\\\/hu\\\/harom-nap-egy-split-utvonalon\\\/\",\"url\":\"https:\\\/\\\/splitcityparking.com\\\/hu\\\/harom-nap-egy-split-utvonalon\\\/\",\"name\":\"3 nap Splitben \u00fatiterv\",\"isPartOf\":{\"@id\":\"https:\\\/\\\/splitcityparking.com\\\/hu\\\/#website\"},\"primaryImageOfPage\":{\"@id\":\"https:\\\/\\\/splitcityparking.com\\\/hu\\\/harom-nap-egy-split-utvonalon\\\/#primaryimage\"},\"image\":{\"@id\":\"https:\\\/\\\/splitcityparking.com\\\/hu\\\/harom-nap-egy-split-utvonalon\\\/#primaryimage\"},\"thumbnailUrl\":\"https:\\\/\\\/splitcityparking.com\\\/wp-content\\\/uploads\\\/2022\\\/11\\\/image4.jpg\",\"datePublished\":\"2022-11-30T13:45:50+00:00\",\"dateModified\":\"2024-11-13T11:36:57+00:00\",\"author\":{\"@id\":\"https:\\\/\\\/splitcityparking.com\\\/hu\\\/#\\\/schema\\\/person\\\/67bfeb6a49b0026ad87cee0923224dd6\"},\"description\":\"Mivel csak h\u00e1rom nap \u00e1ll rendelkez\u00e9sre Split felfedez\u00e9s\u00e9re, fontos, hogy hat\u00e1rozott \u00fatitervet \u00e1ll\u00edtson \u00f6ssze, hogy mindent megn\u00e9zhessen, amit a v\u00e1ros k\u00edn\u00e1l.\",\"breadcrumb\":{\"@id\":\"https:\\\/\\\/splitcityparking.com\\\/hu\\\/harom-nap-egy-split-utvonalon\\\/#breadcrumb\"},\"inLanguage\":\"hu\",\"potentialAction\":[{\"@type\":\"ReadAction\",\"target\":[\"https:\\\/\\\/splitcityparking.com\\\/hu\\\/harom-nap-egy-split-utvonalon\\\/\"]}]},{\"@type\":\"ImageObject\",\"inLanguage\":\"hu\",\"@id\":\"https:\\\/\\\/splitcityparking.com\\\/hu\\\/harom-nap-egy-split-utvonalon\\\/#primaryimage\",\"url\":\"https:\\\/\\\/splitcityparking.com\\\/wp-content\\\/uploads\\\/2022\\\/11\\\/image4.jpg\",\"contentUrl\":\"https:\\\/\\\/splitcityparking.com\\\/wp-content\\\/uploads\\\/2022\\\/11\\\/image4.jpg\",\"width\":1600,\"height\":900},{\"@type\":\"BreadcrumbList\",\"@id\":\"https:\\\/\\\/splitcityparking.com\\\/hu\\\/harom-nap-egy-split-utvonalon\\\/#breadcrumb\",\"itemListElement\":[{\"@type\":\"ListItem\",\"position\":1,\"name\":\"Home\",\"item\":\"https:\\\/\\\/splitcityparking.com\\\/hu\\\/split-city-parkolas\\\/\"},{\"@type\":\"ListItem\",\"position\":2,\"name\":\"H\u00e1rom nap egy Split \u00fatvonalon\"}]},{\"@type\":\"WebSite\",\"@id\":\"https:\\\/\\\/splitcityparking.com\\\/hu\\\/#website\",\"url\":\"https:\\\/\\\/splitcityparking.com\\\/hu\\\/\",\"name\":\"Split City Parking\",\"description\":\"Parking and parking garages in Split. Reserve now and secure your parking space in our garage!\",\"potentialAction\":[{\"@type\":\"SearchAction\",\"target\":{\"@type\":\"EntryPoint\",\"urlTemplate\":\"https:\\\/\\\/splitcityparking.com\\\/hu\\\/?s={search_term_string}\"},\"query-input\":{\"@type\":\"PropertyValueSpecification\",\"valueRequired\":true,\"valueName\":\"search_term_string\"}}],\"inLanguage\":\"hu\"},{\"@type\":\"Person\",\"@id\":\"https:\\\/\\\/splitcityparking.com\\\/hu\\\/#\\\/schema\\\/person\\\/67bfeb6a49b0026ad87cee0923224dd6\",\"name\":\"parking\",\"image\":{\"@type\":\"ImageObject\",\"inLanguage\":\"hu\",\"@id\":\"https:\\\/\\\/secure.gravatar.com\\\/avatar\\\/5a8a4db074faa17539b9bbbae12ed6d18176060e70861db07ee16c5f81b3b911?s=96&d=mm&r=g\",\"url\":\"https:\\\/\\\/secure.gravatar.com\\\/avatar\\\/5a8a4db074faa17539b9bbbae12ed6d18176060e70861db07ee16c5f81b3b911?s=96&d=mm&r=g\",\"contentUrl\":\"https:\\\/\\\/secure.gravatar.com\\\/avatar\\\/5a8a4db074faa17539b9bbbae12ed6d18176060e70861db07ee16c5f81b3b911?s=96&d=mm&r=g\",\"caption\":\"parking\"},\"sameAs\":[\"https:\\\/\\\/splitcityparking.com\"]}]}<\/script>\n<!-- \/ Yoast SEO plugin. -->","yoast_head_json":{"title":"3 nap Splitben \u00fatiterv","description":"Mivel csak h\u00e1rom nap \u00e1ll rendelkez\u00e9sre Split felfedez\u00e9s\u00e9re, fontos, hogy hat\u00e1rozott \u00fatitervet \u00e1ll\u00edtson \u00f6ssze, hogy mindent megn\u00e9zhessen, amit a v\u00e1ros k\u00edn\u00e1l.","robots":{"index":"index","follow":"follow","max-snippet":"max-snippet:-1","max-image-preview":"max-image-preview:large","max-video-preview":"max-video-preview:-1"},"canonical":"https:\/\/splitcityparking.com\/hu\/harom-nap-egy-split-utvonalon\/","og_locale":"hu_HU","og_type":"article","og_title":"3 nap Splitben \u00fatiterv","og_description":"Mivel csak h\u00e1rom nap \u00e1ll rendelkez\u00e9sre Split felfedez\u00e9s\u00e9re, fontos, hogy hat\u00e1rozott \u00fatitervet \u00e1ll\u00edtson \u00f6ssze, hogy mindent megn\u00e9zhessen, amit a v\u00e1ros k\u00edn\u00e1l.","og_url":"https:\/\/splitcityparking.com\/hu\/harom-nap-egy-split-utvonalon\/","og_site_name":"Split City Parking","article_published_time":"2022-11-30T13:45:50+00:00","article_modified_time":"2024-11-13T11:36:57+00:00","og_image":[{"width":1600,"height":900,"url":"https:\/\/splitcityparking.com\/wp-content\/uploads\/2022\/11\/image4.jpg","type":"image\/jpeg"}],"author":"parking","twitter_card":"summary_large_image","twitter_misc":{"Szerz\u0151:":"parking","Becs\u00fclt olvas\u00e1si id\u0151":"8 perc"},"schema":{"@context":"https:\/\/schema.org","@graph":[{"@type":"Article","@id":"https:\/\/splitcityparking.com\/hu\/harom-nap-egy-split-utvonalon\/#article","isPartOf":{"@id":"https:\/\/splitcityparking.com\/hu\/harom-nap-egy-split-utvonalon\/"},"author":{"name":"parking","@id":"https:\/\/splitcityparking.com\/hu\/#\/schema\/person\/67bfeb6a49b0026ad87cee0923224dd6"},"headline":"H\u00e1rom nap egy Split \u00fatvonalon","datePublished":"2022-11-30T13:45:50+00:00","dateModified":"2024-11-13T11:36:57+00:00","mainEntityOfPage":{"@id":"https:\/\/splitcityparking.com\/hu\/harom-nap-egy-split-utvonalon\/"},"wordCount":1538,"commentCount":0,"image":{"@id":"https:\/\/splitcityparking.com\/hu\/harom-nap-egy-split-utvonalon\/#primaryimage"},"thumbnailUrl":"https:\/\/splitcityparking.com\/wp-content\/uploads\/2022\/11\/image4.jpg","articleSection":["Uncategorized @hu"],"inLanguage":"hu","potentialAction":[{"@type":"CommentAction","name":"Comment","target":["https:\/\/splitcityparking.com\/hu\/harom-nap-egy-split-utvonalon\/#respond"]}]},{"@type":"WebPage","@id":"https:\/\/splitcityparking.com\/hu\/harom-nap-egy-split-utvonalon\/","url":"https:\/\/splitcityparking.com\/hu\/harom-nap-egy-split-utvonalon\/","name":"3 nap Splitben \u00fatiterv","isPartOf":{"@id":"https:\/\/splitcityparking.com\/hu\/#website"},"primaryImageOfPage":{"@id":"https:\/\/splitcityparking.com\/hu\/harom-nap-egy-split-utvonalon\/#primaryimage"},"image":{"@id":"https:\/\/splitcityparking.com\/hu\/harom-nap-egy-split-utvonalon\/#primaryimage"},"thumbnailUrl":"https:\/\/splitcityparking.com\/wp-content\/uploads\/2022\/11\/image4.jpg","datePublished":"2022-11-30T13:45:50+00:00","dateModified":"2024-11-13T11:36:57+00:00","author":{"@id":"https:\/\/splitcityparking.com\/hu\/#\/schema\/person\/67bfeb6a49b0026ad87cee0923224dd6"},"description":"Mivel csak h\u00e1rom nap \u00e1ll rendelkez\u00e9sre Split felfedez\u00e9s\u00e9re, fontos, hogy hat\u00e1rozott \u00fatitervet \u00e1ll\u00edtson \u00f6ssze, hogy mindent megn\u00e9zhessen, amit a v\u00e1ros k\u00edn\u00e1l.","breadcrumb":{"@id":"https:\/\/splitcityparking.com\/hu\/harom-nap-egy-split-utvonalon\/#breadcrumb"},"inLanguage":"hu","potentialAction":[{"@type":"ReadAction","target":["https:\/\/splitcityparking.com\/hu\/harom-nap-egy-split-utvonalon\/"]}]},{"@type":"ImageObject","inLanguage":"hu","@id":"https:\/\/splitcityparking.com\/hu\/harom-nap-egy-split-utvonalon\/#primaryimage","url":"https:\/\/splitcityparking.com\/wp-content\/uploads\/2022\/11\/image4.jpg","contentUrl":"https:\/\/splitcityparking.com\/wp-content\/uploads\/2022\/11\/image4.jpg","width":1600,"height":900},{"@type":"BreadcrumbList","@id":"https:\/\/splitcityparking.com\/hu\/harom-nap-egy-split-utvonalon\/#breadcrumb","itemListElement":[{"@type":"ListItem","position":1,"name":"Home","item":"https:\/\/splitcityparking.com\/hu\/split-city-parkolas\/"},{"@type":"ListItem","position":2,"name":"H\u00e1rom nap egy Split \u00fatvonalon"}]},{"@type":"WebSite","@id":"https:\/\/splitcityparking.com\/hu\/#website","url":"https:\/\/splitcityparking.com\/hu\/","name":"Split City Parking","description":"Parking and parking garages in Split. Reserve now and secure your parking space in our garage!","potentialAction":[{"@type":"SearchAction","target":{"@type":"EntryPoint","urlTemplate":"https:\/\/splitcityparking.com\/hu\/?s={search_term_string}"},"query-input":{"@type":"PropertyValueSpecification","valueRequired":true,"valueName":"search_term_string"}}],"inLanguage":"hu"},{"@type":"Person","@id":"https:\/\/splitcityparking.com\/hu\/#\/schema\/person\/67bfeb6a49b0026ad87cee0923224dd6","name":"parking","image":{"@type":"ImageObject","inLanguage":"hu","@id":"https:\/\/secure.gravatar.com\/avatar\/5a8a4db074faa17539b9bbbae12ed6d18176060e70861db07ee16c5f81b3b911?s=96&d=mm&r=g","url":"https:\/\/secure.gravatar.com\/avatar\/5a8a4db074faa17539b9bbbae12ed6d18176060e70861db07ee16c5f81b3b911?s=96&d=mm&r=g","contentUrl":"https:\/\/secure.gravatar.com\/avatar\/5a8a4db074faa17539b9bbbae12ed6d18176060e70861db07ee16c5f81b3b911?s=96&d=mm&r=g","caption":"parking"},"sameAs":["https:\/\/splitcityparking.com"]}]}},"_links":{"self":[{"href":"https:\/\/splitcityparking.com\/hu\/wp-json\/wp\/v2\/posts\/10113","targetHints":{"allow":["GET"]}}],"collection":[{"href":"https:\/\/splitcityparking.com\/hu\/wp-json\/wp\/v2\/posts"}],"about":[{"href":"https:\/\/splitcityparking.com\/hu\/wp-json\/wp\/v2\/types\/post"}],"author":[{"embeddable":true,"href":"https:\/\/splitcityparking.com\/hu\/wp-json\/wp\/v2\/users\/1"}],"replies":[{"embeddable":true,"href":"https:\/\/splitcityparking.com\/hu\/wp-json\/wp\/v2\/comments?post=10113"}],"version-history":[{"count":1,"href":"https:\/\/splitcityparking.com\/hu\/wp-json\/wp\/v2\/posts\/10113\/revisions"}],"predecessor-version":[{"id":10119,"href":"https:\/\/splitcityparking.com\/hu\/wp-json\/wp\/v2\/posts\/10113\/revisions\/10119"}],"wp:featuredmedia":[{"embeddable":true,"href":"https:\/\/splitcityparking.com\/hu\/wp-json\/wp\/v2\/media\/10114"}],"wp:attachment":[{"href":"https:\/\/splitcityparking.com\/hu\/wp-json\/wp\/v2\/media?parent=10113"}],"wp:term":[{"taxonomy":"category","embeddable":true,"href":"https:\/\/splitcityparking.com\/hu\/wp-json\/wp\/v2\/categories?post=10113"},{"taxonomy":"post_tag","embeddable":true,"href":"https:\/\/splitcityparking.com\/hu\/wp-json\/wp\/v2\/tags?post=10113"}],"curies":[{"name":"wp","href":"https:\/\/api.w.org\/{rel}","templated":true}]}}