{"id":10364,"date":"2022-06-16T14:36:51","date_gmt":"2022-06-16T14:36:51","guid":{"rendered":"https:\/\/splitcityparking.com\/a-legolcsobb-parkolas-split-horvatorszag-varosaban\/"},"modified":"2024-11-13T11:43:48","modified_gmt":"2024-11-13T11:43:48","slug":"a-legolcsobb-parkolas-split-horvatorszag-varosaban","status":"publish","type":"post","link":"https:\/\/splitcityparking.com\/hu\/a-legolcsobb-parkolas-split-horvatorszag-varosaban\/","title":{"rendered":"A legolcs\u00f3bb parkol\u00e1s Split, Horv\u00e1torsz\u00e1g v\u00e1ros\u00e1ban"},"content":{"rendered":"\t\t<div data-elementor-type=\"wp-post\" data-elementor-id=\"10364\" class=\"elementor elementor-10364 elementor-1610\" data-elementor-post-type=\"post\">\n\t\t\t\t\t\t<section class=\"elementor-section elementor-top-section elementor-element elementor-element-78baf29c elementor-section-boxed elementor-section-height-default elementor-section-height-default\" data-id=\"78baf29c\" data-element_type=\"section\" data-e-type=\"section\">\n\t\t\t\t\t\t<div class=\"elementor-container elementor-column-gap-default\">\n\t\t\t\t\t<div class=\"elementor-column elementor-col-100 elementor-top-column elementor-element elementor-element-ed365c8\" data-id=\"ed365c8\" data-element_type=\"column\" data-e-type=\"column\">\n\t\t\t<div class=\"elementor-widget-wrap elementor-element-populated\">\n\t\t\t\t\t\t<div class=\"elementor-element elementor-element-20592c8a elementor-widget elementor-widget-text-editor\" data-id=\"20592c8a\" data-element_type=\"widget\" data-e-type=\"widget\" data-widget_type=\"text-editor.default\">\n\t\t\t\t\t\t\t\t\t\n<p><span style=\"font-weight: 400;\">Szeretn\u00e9 tudni, hogyan tal\u00e1lja meg a <\/span><a href=\"https:\/\/splitcityparking.com\/#recenzije\"><span style=\"font-weight: 400;\">a legolcs\u00f3bb parkol\u00e1st Splitben<\/span><\/a><span style=\"font-weight: 400;\">, Horv\u00e1torsz\u00e1g? Val\u00f3sz\u00edn\u0171leg igen.   <\/span><\/p>\n<p><span style=\"font-weight: 400;\">Szerencs\u00e9re tavaly r\u00e1bukkantunk erre a kis gy\u00f6ngyszemre, ami nagyban megk\u00f6nny\u00edtheti az \u00e9let\u00fcnket. Ak\u00e1r a rep\u00fcl\u0151t\u00e9rr\u0151l \u00e9rkezel, ak\u00e1r a kompra val\u00f3 felsz\u00e1ll\u00e1s el\u0151tt szeretn\u00e9l egy kis id\u0151t elt\u00f6lteni Splitben, tudni akarod, hol a legolcs\u00f3bb a parkol\u00e1s Splitben!   <\/span><\/p>\n<p><span style=\"font-weight: 400;\">B\u00edzzon benn\u00fcnk, ezzel p\u00e9nzt takar\u00edthat meg!  <\/span><\/p>\n\t\t\t\t\t\t\t\t<\/div>\n\t\t\t\t<div class=\"elementor-element elementor-element-ad87a9e elementor-widget elementor-widget-image\" data-id=\"ad87a9e\" data-element_type=\"widget\" data-e-type=\"widget\" data-widget_type=\"image.default\">\n\t\t\t\t\t\t\t\t\t\t\t\t\t\t\t<img fetchpriority=\"high\" decoding=\"async\" width=\"1032\" height=\"774\" src=\"https:\/\/splitcityparking.com\/wp-content\/uploads\/2022\/06\/2-GF-topview.jpg\" class=\"attachment-full size-full wp-image-10366\" alt=\"\" srcset=\"https:\/\/splitcityparking.com\/wp-content\/uploads\/2022\/06\/2-GF-topview.jpg 1032w, https:\/\/splitcityparking.com\/wp-content\/uploads\/2022\/06\/2-GF-topview-300x225.jpg 300w, https:\/\/splitcityparking.com\/wp-content\/uploads\/2022\/06\/2-GF-topview-1024x768.jpg 1024w, https:\/\/splitcityparking.com\/wp-content\/uploads\/2022\/06\/2-GF-topview-768x576.jpg 768w\" sizes=\"(max-width: 1032px) 100vw, 1032px\" \/>\t\t\t\t\t\t\t\t\t\t\t\t\t\t\t<\/div>\n\t\t\t\t\t<\/div>\n\t\t<\/div>\n\t\t\t\t\t<\/div>\n\t\t<\/section>\n\t\t\t\t<section class=\"elementor-section elementor-top-section elementor-element elementor-element-a9f9742 elementor-section-boxed elementor-section-height-default elementor-section-height-default\" data-id=\"a9f9742\" data-element_type=\"section\" data-e-type=\"section\">\n\t\t\t\t\t\t<div class=\"elementor-container elementor-column-gap-default\">\n\t\t\t\t\t<div class=\"elementor-column elementor-col-100 elementor-top-column elementor-element elementor-element-d96be8a\" data-id=\"d96be8a\" data-element_type=\"column\" data-e-type=\"column\">\n\t\t\t<div class=\"elementor-widget-wrap elementor-element-populated\">\n\t\t\t\t\t\t<div class=\"elementor-element elementor-element-4c1956c elementor-widget elementor-widget-text-editor\" data-id=\"4c1956c\" data-element_type=\"widget\" data-e-type=\"widget\" data-widget_type=\"text-editor.default\">\n\t\t\t\t\t\t\t\t\t\n<h2><span style=\"font-weight: 400;\">\u00c1ttekint\u00e9s<\/span><\/h2>\n\n<p><span style=\"font-weight: 400;\">A parkol\u00f3hely mind\u00f6ssze 10 perces s\u00e9t\u00e1ra van Split t\u00f6rt\u00e9nelmi k\u00f6zpontj\u00e1t\u00f3l.  <\/span><\/p>\n<p><span style=\"font-weight: 400;\">A sz\u00e1mos kultur\u00e1lis l\u00e1tnival\u00f3 mellett kompkik\u00f6t\u0151, k\u00f6zponti busz- \u00e9s vas\u00fat\u00e1llom\u00e1s, valamint kir\u00e1ndul\u00f3haj\u00f3k kik\u00f6t\u0151je is tal\u00e1lhat\u00f3.  <\/span><\/p>\n<p><span style=\"font-weight: 400;\">A parkol\u00f3 mind\u00f6ssze 2 perces s\u00e9t\u00e1ra van a tengert\u0151l, ahol sz\u00e1mos strand, sz\u00e1lloda, k\u00e1v\u00e9z\u00f3, \u00e9tterem, kik\u00f6t\u0151, teniszp\u00e1lya, \u00fasz\u00f3medence \u00e9s egy\u00e9b vonz\u00f3 l\u00e9tes\u00edtm\u00e9nyek tal\u00e1lhat\u00f3k.  <\/span><\/p>\n<p><a href=\"https:\/\/splitcityparking.com\/hu\/\"><span style=\"font-weight: 400;\">Split City Parkol\u00e1s<\/span><\/a><span style=\"font-weight: 400;\"> ide\u00e1lis azok sz\u00e1m\u00e1ra, akik olcs\u00f3 parkol\u00e1si lehet\u0151s\u00e9get keresnek an\u00e9lk\u00fcl, hogy aut\u00f3jukat messze vinn\u00e9k att\u00f3l a helyt\u0151l, ahol az \u00f3v\u00e1rosban t\u00f6lt\u00f6tt idej\u00fck nagy r\u00e9sz\u00e9t szeretn\u00e9k t\u00f6lteni. <\/span> <\/p>\n<p><span style=\"font-weight: 400;\">A helyiek tudj\u00e1k, hogy a k\u00f6zelben van parkol\u00f3, de ez k\u00f6lts\u00e9ges lehet, ez\u00e9rt \u00e9rdemes megfontolni m\u00e1s lehet\u0151s\u00e9geket is, miel\u0151tt eld\u00f6nten\u00e9d, melyik felel meg legink\u00e1bb a k\u00f6lts\u00e9gvet\u00e9sednek.  <\/span><\/p>\n<p><span style=\"font-weight: 400;\">Ez a hely ingyenes Wi-Fi-hozz\u00e1f\u00e9r\u00e9st is k\u00edn\u00e1l, \u00e9s kiv\u00e1l\u00f3, ha egy helyet keresel, ahol felt\u00f6ltheted a telefonodat vagy a laptopodat. Ha nincsenek t\u00f6lt\u00e9st ig\u00e9nyl\u0151 eszk\u00f6zei, akkor tal\u00e1n haszn\u00e1lja ki a k\u00f6rny\u00e9k k\u00f6zelebbi felfedez\u00e9s\u00e9t, mivel a k\u00f6zelben rengeteg \u00fczlet \u00e9s \u00e9tterem tal\u00e1lhat\u00f3, amelyek nagyszer\u0171 \u00e9telv\u00e1laszt\u00e9kot k\u00edn\u00e1lnak elfogadhat\u00f3 \u00e1ron.   <\/span><\/p>\n<p><span style=\"font-weight: 400;\">N\u00e9h\u00e1ny kedves aj\u00e1nd\u00e9kboltban egyedi aj\u00e1nd\u00e9kokat \u00e9s eml\u00e9kt\u00e1rgyakat k\u00edn\u00e1lnak a vil\u00e1g k\u00fcl\u00f6nb\u00f6z\u0151 v\u00e1rosaib\u00f3l, k\u00f6zt\u00fck mag\u00e1b\u00f3l Splitb\u0151l is.<\/span><\/p>\n\t\t\t\t\t\t\t\t<\/div>\n\t\t\t\t\t<\/div>\n\t\t<\/div>\n\t\t\t\t\t<\/div>\n\t\t<\/section>\n\t\t\t\t<section class=\"elementor-section elementor-top-section elementor-element elementor-element-e2eccae elementor-section-boxed elementor-section-height-default elementor-section-height-default\" data-id=\"e2eccae\" data-element_type=\"section\" data-e-type=\"section\">\n\t\t\t\t\t\t<div class=\"elementor-container elementor-column-gap-default\">\n\t\t\t\t\t<div class=\"elementor-column elementor-col-100 elementor-top-column elementor-element elementor-element-225b090\" data-id=\"225b090\" data-element_type=\"column\" data-e-type=\"column\">\n\t\t\t<div class=\"elementor-widget-wrap elementor-element-populated\">\n\t\t\t\t\t\t<div class=\"elementor-element elementor-element-8ef9010 elementor-widget elementor-widget-text-editor\" data-id=\"8ef9010\" data-element_type=\"widget\" data-e-type=\"widget\" data-widget_type=\"text-editor.default\">\n\t\t\t\t\t\t\t\t\t\n<h2><span style=\"font-weight: 400;\">Hol parkolhatok<\/span><\/h2>\n\n<p><span style=\"font-weight: 400;\">Sz\u00e1mos parkol\u00e1si lehet\u0151s\u00e9g \u00e1ll azok rendelkez\u00e9s\u00e9re, akik aut\u00f3val utaznak, hogy \u00e9lvezz\u00e9k az Adriai-tenger partj\u00e1n t\u00f6lt\u00f6tt id\u0151t.  <\/span><\/p>\n<p><span style=\"font-weight: 400;\">A vezet\u00e9s el\u0151nye, hogy an\u00e9lk\u00fcl l\u00e1togathatsz el v\u00e1rosokba, hogy egy vagyont k\u00f6lten\u00e9l a t\u00f6megk\u00f6zleked\u00e9sre, \u00e9s m\u00e9g mindig \u00e9lvezheted a kultur\u00e1lis \u00e9rt\u00e9kek egy r\u00e9sz\u00e9t. Az olyan nagyv\u00e1rosokban azonban, mint Z\u00e1gr\u00e1b vagy Dubrovnik, neh\u00e9z lehet parkol\u00f3helyet tal\u00e1lni \u00e9s dr\u00e1ga is lehet.   <\/span><\/p>\n<p><span style=\"font-weight: 400;\">A  c\u00edmmel kapcsolatban <\/span><a href=\"https:\/\/splitcityparking.com\/#cjenik\"><span style=\"font-weight: 400;\">parkol\u00e1si d\u00edjak<\/span><\/a><span style=\"font-weight: 400;\">, att\u00f3l f\u00fcgg\u0151en k\u00fcl\u00f6nb\u00f6znek, hogy k\u00f6z- vagy mag\u00e1ntulajdonr\u00f3l van-e sz\u00f3, de a legt\u00f6bb helyen 15-20kn\/\u00f3ra k\u00f6z\u00f6tt van a d\u00edj, m\u00edg a priv\u00e1t helyek \u00e1ltal\u00e1ban 50kn\/\u00f3r\u00e1ig is felmennek, ha hajland\u00f3 vagy ott parkolni. Ker\u00fclje el teljesen a parkol\u00e1s\u00e9rt val\u00f3 fizet\u00e9st, \u00e9s ker\u00fclje a v\u00e1rosk\u00f6zpontokba val\u00f3 bemenetelt a cs\u00facsid\u0151ben.   <\/span><\/p>\n<p><span style=\"font-weight: 400;\">Ha mindenk\u00e9ppen aut\u00f3val kell k\u00f6zlekednie, pr\u00f3b\u00e1ljon meg valahol a v\u00e1roson k\u00edv\u00fcl parkolni, hogy egy\u00e1ltal\u00e1n ne kelljen fizetnie. Ha \u00e9jszak\u00e1zni tervez, fontolja meg, hogy \u00e9jszakai b\u00e9rletet szerezzen a sz\u00e1llod\u00e1t\u00f3l vagy a motelt\u0151l, \u00edgy p\u00e9nzt takar\u00edthat meg, \u00e9s a forgalmat is meg tudja akad\u00e1lyozni.   <\/span><\/p>\n<p><span style=\"font-weight: 400;\">A helyi \u00f6nkorm\u00e1nyzatt\u00f3l \u00e9ves b\u00e9rletet is v\u00e1s\u00e1rolhat, amellyel a napi d\u00edjakhoz k\u00e9pest kedvezm\u00e9nyes \u00f3rad\u00edjjal eg\u00e9sz \u00e9vben hozz\u00e1f\u00e9rhet az \u00f6sszes v\u00e1rosi parkol\u00f3hoz.  <\/span><\/p>\n<p><span style=\"font-weight: 400;\">Lehet, hogy t\u00fal sok munk\u00e1nak t\u0171nik, de ha a sp\u00f3rol\u00e1s alapvet\u0151 fontoss\u00e1g\u00fa, \u00e9rdemes megn\u00e9zni ezeket a lehet\u0151s\u00e9geket, miel\u0151tt \u00fatnak indulsz!<\/span><\/p>\n\t\t\t\t\t\t\t\t<\/div>\n\t\t\t\t<div class=\"elementor-element elementor-element-549bd8a elementor-widget elementor-widget-image\" data-id=\"549bd8a\" data-element_type=\"widget\" data-e-type=\"widget\" data-widget_type=\"image.default\">\n\t\t\t\t\t\t\t\t\t\t\t\t\t\t\t<img decoding=\"async\" width=\"1032\" height=\"774\" src=\"https:\/\/splitcityparking.com\/wp-content\/uploads\/2022\/06\/Untitled-design-18-1.png\" class=\"attachment-full size-full wp-image-10367\" alt=\"\" srcset=\"https:\/\/splitcityparking.com\/wp-content\/uploads\/2022\/06\/Untitled-design-18-1.png 1032w, https:\/\/splitcityparking.com\/wp-content\/uploads\/2022\/06\/Untitled-design-18-1-300x225.png 300w, https:\/\/splitcityparking.com\/wp-content\/uploads\/2022\/06\/Untitled-design-18-1-1024x768.png 1024w, https:\/\/splitcityparking.com\/wp-content\/uploads\/2022\/06\/Untitled-design-18-1-768x576.png 768w\" sizes=\"(max-width: 1032px) 100vw, 1032px\" \/>\t\t\t\t\t\t\t\t\t\t\t\t\t\t\t<\/div>\n\t\t\t\t\t<\/div>\n\t\t<\/div>\n\t\t\t\t\t<\/div>\n\t\t<\/section>\n\t\t\t\t<section class=\"elementor-section elementor-top-section elementor-element elementor-element-d6580d4 elementor-section-boxed elementor-section-height-default elementor-section-height-default\" data-id=\"d6580d4\" data-element_type=\"section\" data-e-type=\"section\">\n\t\t\t\t\t\t<div class=\"elementor-container elementor-column-gap-default\">\n\t\t\t\t\t<div class=\"elementor-column elementor-col-100 elementor-top-column elementor-element elementor-element-7edfe2c\" data-id=\"7edfe2c\" data-element_type=\"column\" data-e-type=\"column\">\n\t\t\t<div class=\"elementor-widget-wrap elementor-element-populated\">\n\t\t\t\t\t\t<div class=\"elementor-element elementor-element-4be065f elementor-widget elementor-widget-text-editor\" data-id=\"4be065f\" data-element_type=\"widget\" data-e-type=\"widget\" data-widget_type=\"text-editor.default\">\n\t\t\t\t\t\t\t\t\t\n<h2><span style=\"font-weight: 400;\">Mennyit kell fizetni a parkol\u00e1s\u00e9rt<\/span><\/h2>\n\n<p><span style=\"font-weight: 400;\">60%-kal olcs\u00f3bb, mint m\u00e1s nyilv\u00e1nos parkol\u00f3k \u00e9s gar\u00e1zsok Split k\u00f6zpontja k\u00f6zel\u00e9ben.<\/span><a href=\"https:\/\/splitcityparking.com\/#faq\"><span style=\"font-weight: 400;\"><br><\/span><\/a><\/p>\n<p><span style=\"font-weight: 400;\">Ha egy vagy k\u00e9t \u00e9jszak\u00e1ra tervezel maradni, akkor 10\u20ac \u00e9s 20\u20ac k\u00f6z\u00f6tti \u00f6sszeg\u00e9rt tal\u00e1lhatsz parkol\u00f3helyet Split egyik parkol\u00f3j\u00e1ban.  <\/span><a href=\"https:\/\/splitcityparking.com\/#faq\"><span style=\"font-weight: 400;\"><br><\/span><\/a><\/p>\n<p><span style=\"font-weight: 400;\">Lehet, hogy tal\u00e1lhatsz n\u00e9h\u00e1ny helyet 5\u20ac k\u00f6zel\u00e9ben, ha el\u00e9g er\u0151sen keresed, de ne tervezd ezt. B\u00e1r a legt\u00f6bb ember m\u00e9rc\u00e9j\u00e9vel m\u00e9rve m\u00e9g mindig dr\u00e1ga, a parkol\u00e1s m\u00e1s eur\u00f3pai (vagy ak\u00e1r csak amerikai) \u00fati c\u00e9lokhoz k\u00e9pest meglehet\u0151sen olcs\u00f3. De mi a helyzet az ingyenes parkol\u00e1ssal? Ingyenes parkol\u00e1s: R\u00f6viden, az ingyenes parkol\u00e1s egy v\u00e1rosi m\u00edtosz.     <\/span><a href=\"https:\/\/splitcityparking.com\/#faq\"><span style=\"font-weight: 400;\"><br><\/span><\/a><\/p>\n<p><span style=\"font-weight: 400;\">Splitben sehol sincsenek ingyenes helyek &#8211; b\u00e1r van n\u00e9h\u00e1ny ter\u00fclet, ahol ingyen parkolhatsz, \u00e9s meg\u00faszhatod. De semmi baj nincs azzal, ha fizetsz a helyed\u00e9rt, ha megengedheted magadnak &#8211; k\u00e9s\u0151bb id\u0151t \u00e9s gondot sp\u00f3rolhatsz vele. Mennyit kell fizetned?  <\/span><\/p>\n\t\t\t\t\t\t\t\t<\/div>\n\t\t\t\t\t<\/div>\n\t\t<\/div>\n\t\t\t\t\t<\/div>\n\t\t<\/section>\n\t\t\t\t<section class=\"elementor-section elementor-top-section elementor-element elementor-element-e2dc365 elementor-section-boxed elementor-section-height-default elementor-section-height-default\" data-id=\"e2dc365\" data-element_type=\"section\" data-e-type=\"section\">\n\t\t\t\t\t\t<div class=\"elementor-container elementor-column-gap-default\">\n\t\t\t\t\t<div class=\"elementor-column elementor-col-100 elementor-top-column elementor-element elementor-element-604f4df\" data-id=\"604f4df\" data-element_type=\"column\" data-e-type=\"column\">\n\t\t\t<div class=\"elementor-widget-wrap elementor-element-populated\">\n\t\t\t\t\t\t<div class=\"elementor-element elementor-element-92ed3fb elementor-widget elementor-widget-text-editor\" data-id=\"92ed3fb\" data-element_type=\"widget\" data-e-type=\"widget\" data-widget_type=\"text-editor.default\">\n\t\t\t\t\t\t\t\t\t\n<h2><span style=\"font-weight: 400;\">Tippek a c\u00e9l\u00e1llom\u00e1son val\u00f3 parkol\u00e1skor<\/span><\/h2>\n\n<p><span style=\"font-weight: 400;\">C\u00e9lszer\u0171 a be- vagy kij\u00e1rathoz min\u00e9l k\u00f6zelebb h\u00faz\u00f3dni, amikor a c\u00e9l\u00e1llom\u00e1son parkol. Ez megk\u00f6nny\u00edti a kisz\u00e1ll\u00e1st az aut\u00f3b\u00f3l, amikor t\u00e1vozik, \u00e9s biztos\u00edtja, hogy ne foglaljon el k\u00e9t helyet. Ez egy okos m\u00f3dja annak, hogy p\u00e9nzt takar\u00edtson meg a c\u00e9l\u00e1llom\u00e1son val\u00f3 parkol\u00e1son, \u00e9s a forgalom \u00e1raml\u00e1s\u00e1t is seg\u00edti.    <\/span><\/p>\n<p><span style=\"font-weight: 400;\">Az is bajba ker\u00fclhet, ha egyn\u00e9l t\u00f6bb helyet foglal el, ha t\u00fal messze parkol egy bej\u00e1ratt\u00f3l vagy kij\u00e1ratt\u00f3l. A legjobb, ha ezeket a probl\u00e9m\u00e1kat \u00fagy ker\u00fcl\u00f6d el, hogy elegend\u0151 helyet biztos\u00edtasz a j\u00e1rm\u0171ved k\u00f6r\u00fcl.   <\/span><\/p>\n\t\t\t\t\t\t\t\t<\/div>\n\t\t\t\t\t<\/div>\n\t\t<\/div>\n\t\t\t\t\t<\/div>\n\t\t<\/section>\n\t\t\t\t<\/div>\n\t\t","protected":false},"excerpt":{"rendered":"<p>Szeretn\u00e9 tudni, hogyan tal\u00e1lja meg a a legolcs\u00f3bb parkol\u00e1st Splitben, Horv\u00e1torsz\u00e1g? Val\u00f3sz\u00edn\u0171leg igen. Szerencs\u00e9re tavaly r\u00e1bukkantunk erre a kis gy\u00f6ngyszemre, ami nagyban megk\u00f6nny\u00edtheti az \u00e9let\u00fcnket. Ak\u00e1r a rep\u00fcl\u0151t\u00e9rr\u0151l \u00e9rkezel, ak\u00e1r a kompra val\u00f3 felsz\u00e1ll\u00e1s el\u0151tt szeretn\u00e9l egy kis id\u0151t elt\u00f6lteni Splitben, tudni akarod, hol a legolcs\u00f3bb a parkol\u00e1s Splitben! B\u00edzzon benn\u00fcnk, ezzel p\u00e9nzt takar\u00edthat meg! [&hellip;]<\/p>\n","protected":false},"author":1,"featured_media":9753,"comment_status":"open","ping_status":"open","sticky":false,"template":"","format":"standard","meta":{"footnotes":""},"categories":[168],"tags":[],"class_list":["post-10364","post","type-post","status-publish","format-standard","has-post-thumbnail","hentry","category-uncategorized-hu"],"yoast_head":"<!-- This site is optimized with the Yoast SEO plugin v27.4 - https:\/\/yoast.com\/product\/yoast-seo-wordpress\/ -->\n<title>A legolcs\u00f3bb parkol\u00e1s Split, Horv\u00e1torsz\u00e1g v\u00e1ros\u00e1ban<\/title>\n<meta name=\"description\" content=\"Szeretn\u00e9 tudni a titkokat, amelyeket csak a lakosok tudnak a legolcs\u00f3bb parkol\u00e1sr\u00f3l Splitben? Olvassa el ezt a cikket, hogy t\u00f6bbet megtudjon!\" \/>\n<meta name=\"robots\" content=\"index, follow, max-snippet:-1, max-image-preview:large, max-video-preview:-1\" \/>\n<link rel=\"canonical\" href=\"https:\/\/splitcityparking.com\/hu\/a-legolcsobb-parkolas-split-horvatorszag-varosaban\/\" \/>\n<meta property=\"og:locale\" content=\"hu_HU\" \/>\n<meta property=\"og:type\" content=\"article\" \/>\n<meta property=\"og:title\" content=\"A legolcs\u00f3bb parkol\u00e1s Split, Horv\u00e1torsz\u00e1g v\u00e1ros\u00e1ban\" \/>\n<meta property=\"og:description\" content=\"Szeretn\u00e9 tudni a titkokat, amelyeket csak a lakosok tudnak a legolcs\u00f3bb parkol\u00e1sr\u00f3l Splitben? Olvassa el ezt a cikket, hogy t\u00f6bbet megtudjon!\" \/>\n<meta property=\"og:url\" content=\"https:\/\/splitcityparking.com\/hu\/a-legolcsobb-parkolas-split-horvatorszag-varosaban\/\" \/>\n<meta property=\"og:site_name\" content=\"Split City Parking\" \/>\n<meta property=\"article:published_time\" content=\"2022-06-16T14:36:51+00:00\" \/>\n<meta property=\"article:modified_time\" content=\"2024-11-13T11:43:48+00:00\" \/>\n<meta property=\"og:image\" content=\"https:\/\/splitcityparking.com\/wp-content\/uploads\/2022\/05\/3-GF.jpeg\" \/>\n\t<meta property=\"og:image:width\" content=\"1032\" \/>\n\t<meta property=\"og:image:height\" content=\"774\" \/>\n\t<meta property=\"og:image:type\" content=\"image\/jpeg\" \/>\n<meta name=\"author\" content=\"parking\" \/>\n<meta name=\"twitter:card\" content=\"summary_large_image\" \/>\n<meta name=\"twitter:label1\" content=\"Szerz\u0151:\" \/>\n\t<meta name=\"twitter:data1\" content=\"parking\" \/>\n\t<meta name=\"twitter:label2\" content=\"Becs\u00fclt olvas\u00e1si id\u0151\" \/>\n\t<meta name=\"twitter:data2\" content=\"5 perc\" \/>\n<script type=\"application\/ld+json\" class=\"yoast-schema-graph\">{\"@context\":\"https:\\\/\\\/schema.org\",\"@graph\":[{\"@type\":\"Article\",\"@id\":\"https:\\\/\\\/splitcityparking.com\\\/hu\\\/a-legolcsobb-parkolas-split-horvatorszag-varosaban\\\/#article\",\"isPartOf\":{\"@id\":\"https:\\\/\\\/splitcityparking.com\\\/hu\\\/a-legolcsobb-parkolas-split-horvatorszag-varosaban\\\/\"},\"author\":{\"name\":\"parking\",\"@id\":\"https:\\\/\\\/splitcityparking.com\\\/hu\\\/#\\\/schema\\\/person\\\/67bfeb6a49b0026ad87cee0923224dd6\"},\"headline\":\"A legolcs\u00f3bb parkol\u00e1s Split, Horv\u00e1torsz\u00e1g v\u00e1ros\u00e1ban\",\"datePublished\":\"2022-06-16T14:36:51+00:00\",\"dateModified\":\"2024-11-13T11:43:48+00:00\",\"mainEntityOfPage\":{\"@id\":\"https:\\\/\\\/splitcityparking.com\\\/hu\\\/a-legolcsobb-parkolas-split-horvatorszag-varosaban\\\/\"},\"wordCount\":999,\"commentCount\":0,\"image\":{\"@id\":\"https:\\\/\\\/splitcityparking.com\\\/hu\\\/a-legolcsobb-parkolas-split-horvatorszag-varosaban\\\/#primaryimage\"},\"thumbnailUrl\":\"https:\\\/\\\/splitcityparking.com\\\/wp-content\\\/uploads\\\/2022\\\/05\\\/3-GF.jpeg\",\"articleSection\":[\"Uncategorized @hu\"],\"inLanguage\":\"hu\",\"potentialAction\":[{\"@type\":\"CommentAction\",\"name\":\"Comment\",\"target\":[\"https:\\\/\\\/splitcityparking.com\\\/hu\\\/a-legolcsobb-parkolas-split-horvatorszag-varosaban\\\/#respond\"]}]},{\"@type\":\"WebPage\",\"@id\":\"https:\\\/\\\/splitcityparking.com\\\/hu\\\/a-legolcsobb-parkolas-split-horvatorszag-varosaban\\\/\",\"url\":\"https:\\\/\\\/splitcityparking.com\\\/hu\\\/a-legolcsobb-parkolas-split-horvatorszag-varosaban\\\/\",\"name\":\"A legolcs\u00f3bb parkol\u00e1s Split, Horv\u00e1torsz\u00e1g v\u00e1ros\u00e1ban\",\"isPartOf\":{\"@id\":\"https:\\\/\\\/splitcityparking.com\\\/hu\\\/#website\"},\"primaryImageOfPage\":{\"@id\":\"https:\\\/\\\/splitcityparking.com\\\/hu\\\/a-legolcsobb-parkolas-split-horvatorszag-varosaban\\\/#primaryimage\"},\"image\":{\"@id\":\"https:\\\/\\\/splitcityparking.com\\\/hu\\\/a-legolcsobb-parkolas-split-horvatorszag-varosaban\\\/#primaryimage\"},\"thumbnailUrl\":\"https:\\\/\\\/splitcityparking.com\\\/wp-content\\\/uploads\\\/2022\\\/05\\\/3-GF.jpeg\",\"datePublished\":\"2022-06-16T14:36:51+00:00\",\"dateModified\":\"2024-11-13T11:43:48+00:00\",\"author\":{\"@id\":\"https:\\\/\\\/splitcityparking.com\\\/hu\\\/#\\\/schema\\\/person\\\/67bfeb6a49b0026ad87cee0923224dd6\"},\"description\":\"Szeretn\u00e9 tudni a titkokat, amelyeket csak a lakosok tudnak a legolcs\u00f3bb parkol\u00e1sr\u00f3l Splitben? Olvassa el ezt a cikket, hogy t\u00f6bbet megtudjon!\",\"breadcrumb\":{\"@id\":\"https:\\\/\\\/splitcityparking.com\\\/hu\\\/a-legolcsobb-parkolas-split-horvatorszag-varosaban\\\/#breadcrumb\"},\"inLanguage\":\"hu\",\"potentialAction\":[{\"@type\":\"ReadAction\",\"target\":[\"https:\\\/\\\/splitcityparking.com\\\/hu\\\/a-legolcsobb-parkolas-split-horvatorszag-varosaban\\\/\"]}]},{\"@type\":\"ImageObject\",\"inLanguage\":\"hu\",\"@id\":\"https:\\\/\\\/splitcityparking.com\\\/hu\\\/a-legolcsobb-parkolas-split-horvatorszag-varosaban\\\/#primaryimage\",\"url\":\"https:\\\/\\\/splitcityparking.com\\\/wp-content\\\/uploads\\\/2022\\\/05\\\/3-GF.jpeg\",\"contentUrl\":\"https:\\\/\\\/splitcityparking.com\\\/wp-content\\\/uploads\\\/2022\\\/05\\\/3-GF.jpeg\",\"width\":1032,\"height\":774,\"caption\":\"osztott v\u00e1rosi parkol\u00e1s\"},{\"@type\":\"BreadcrumbList\",\"@id\":\"https:\\\/\\\/splitcityparking.com\\\/hu\\\/a-legolcsobb-parkolas-split-horvatorszag-varosaban\\\/#breadcrumb\",\"itemListElement\":[{\"@type\":\"ListItem\",\"position\":1,\"name\":\"Home\",\"item\":\"https:\\\/\\\/splitcityparking.com\\\/hu\\\/split-city-parkolas\\\/\"},{\"@type\":\"ListItem\",\"position\":2,\"name\":\"A legolcs\u00f3bb parkol\u00e1s Split, Horv\u00e1torsz\u00e1g v\u00e1ros\u00e1ban\"}]},{\"@type\":\"WebSite\",\"@id\":\"https:\\\/\\\/splitcityparking.com\\\/hu\\\/#website\",\"url\":\"https:\\\/\\\/splitcityparking.com\\\/hu\\\/\",\"name\":\"Split City Parking\",\"description\":\"Parking and parking garages in Split. Reserve now and secure your parking space in our garage!\",\"potentialAction\":[{\"@type\":\"SearchAction\",\"target\":{\"@type\":\"EntryPoint\",\"urlTemplate\":\"https:\\\/\\\/splitcityparking.com\\\/hu\\\/?s={search_term_string}\"},\"query-input\":{\"@type\":\"PropertyValueSpecification\",\"valueRequired\":true,\"valueName\":\"search_term_string\"}}],\"inLanguage\":\"hu\"},{\"@type\":\"Person\",\"@id\":\"https:\\\/\\\/splitcityparking.com\\\/hu\\\/#\\\/schema\\\/person\\\/67bfeb6a49b0026ad87cee0923224dd6\",\"name\":\"parking\",\"image\":{\"@type\":\"ImageObject\",\"inLanguage\":\"hu\",\"@id\":\"https:\\\/\\\/secure.gravatar.com\\\/avatar\\\/5a8a4db074faa17539b9bbbae12ed6d18176060e70861db07ee16c5f81b3b911?s=96&d=mm&r=g\",\"url\":\"https:\\\/\\\/secure.gravatar.com\\\/avatar\\\/5a8a4db074faa17539b9bbbae12ed6d18176060e70861db07ee16c5f81b3b911?s=96&d=mm&r=g\",\"contentUrl\":\"https:\\\/\\\/secure.gravatar.com\\\/avatar\\\/5a8a4db074faa17539b9bbbae12ed6d18176060e70861db07ee16c5f81b3b911?s=96&d=mm&r=g\",\"caption\":\"parking\"},\"sameAs\":[\"https:\\\/\\\/splitcityparking.com\"]}]}<\/script>\n<!-- \/ Yoast SEO plugin. -->","yoast_head_json":{"title":"A legolcs\u00f3bb parkol\u00e1s Split, Horv\u00e1torsz\u00e1g v\u00e1ros\u00e1ban","description":"Szeretn\u00e9 tudni a titkokat, amelyeket csak a lakosok tudnak a legolcs\u00f3bb parkol\u00e1sr\u00f3l Splitben? Olvassa el ezt a cikket, hogy t\u00f6bbet megtudjon!","robots":{"index":"index","follow":"follow","max-snippet":"max-snippet:-1","max-image-preview":"max-image-preview:large","max-video-preview":"max-video-preview:-1"},"canonical":"https:\/\/splitcityparking.com\/hu\/a-legolcsobb-parkolas-split-horvatorszag-varosaban\/","og_locale":"hu_HU","og_type":"article","og_title":"A legolcs\u00f3bb parkol\u00e1s Split, Horv\u00e1torsz\u00e1g v\u00e1ros\u00e1ban","og_description":"Szeretn\u00e9 tudni a titkokat, amelyeket csak a lakosok tudnak a legolcs\u00f3bb parkol\u00e1sr\u00f3l Splitben? Olvassa el ezt a cikket, hogy t\u00f6bbet megtudjon!","og_url":"https:\/\/splitcityparking.com\/hu\/a-legolcsobb-parkolas-split-horvatorszag-varosaban\/","og_site_name":"Split City Parking","article_published_time":"2022-06-16T14:36:51+00:00","article_modified_time":"2024-11-13T11:43:48+00:00","og_image":[{"width":1032,"height":774,"url":"https:\/\/splitcityparking.com\/wp-content\/uploads\/2022\/05\/3-GF.jpeg","type":"image\/jpeg"}],"author":"parking","twitter_card":"summary_large_image","twitter_misc":{"Szerz\u0151:":"parking","Becs\u00fclt olvas\u00e1si id\u0151":"5 perc"},"schema":{"@context":"https:\/\/schema.org","@graph":[{"@type":"Article","@id":"https:\/\/splitcityparking.com\/hu\/a-legolcsobb-parkolas-split-horvatorszag-varosaban\/#article","isPartOf":{"@id":"https:\/\/splitcityparking.com\/hu\/a-legolcsobb-parkolas-split-horvatorszag-varosaban\/"},"author":{"name":"parking","@id":"https:\/\/splitcityparking.com\/hu\/#\/schema\/person\/67bfeb6a49b0026ad87cee0923224dd6"},"headline":"A legolcs\u00f3bb parkol\u00e1s Split, Horv\u00e1torsz\u00e1g v\u00e1ros\u00e1ban","datePublished":"2022-06-16T14:36:51+00:00","dateModified":"2024-11-13T11:43:48+00:00","mainEntityOfPage":{"@id":"https:\/\/splitcityparking.com\/hu\/a-legolcsobb-parkolas-split-horvatorszag-varosaban\/"},"wordCount":999,"commentCount":0,"image":{"@id":"https:\/\/splitcityparking.com\/hu\/a-legolcsobb-parkolas-split-horvatorszag-varosaban\/#primaryimage"},"thumbnailUrl":"https:\/\/splitcityparking.com\/wp-content\/uploads\/2022\/05\/3-GF.jpeg","articleSection":["Uncategorized @hu"],"inLanguage":"hu","potentialAction":[{"@type":"CommentAction","name":"Comment","target":["https:\/\/splitcityparking.com\/hu\/a-legolcsobb-parkolas-split-horvatorszag-varosaban\/#respond"]}]},{"@type":"WebPage","@id":"https:\/\/splitcityparking.com\/hu\/a-legolcsobb-parkolas-split-horvatorszag-varosaban\/","url":"https:\/\/splitcityparking.com\/hu\/a-legolcsobb-parkolas-split-horvatorszag-varosaban\/","name":"A legolcs\u00f3bb parkol\u00e1s Split, Horv\u00e1torsz\u00e1g v\u00e1ros\u00e1ban","isPartOf":{"@id":"https:\/\/splitcityparking.com\/hu\/#website"},"primaryImageOfPage":{"@id":"https:\/\/splitcityparking.com\/hu\/a-legolcsobb-parkolas-split-horvatorszag-varosaban\/#primaryimage"},"image":{"@id":"https:\/\/splitcityparking.com\/hu\/a-legolcsobb-parkolas-split-horvatorszag-varosaban\/#primaryimage"},"thumbnailUrl":"https:\/\/splitcityparking.com\/wp-content\/uploads\/2022\/05\/3-GF.jpeg","datePublished":"2022-06-16T14:36:51+00:00","dateModified":"2024-11-13T11:43:48+00:00","author":{"@id":"https:\/\/splitcityparking.com\/hu\/#\/schema\/person\/67bfeb6a49b0026ad87cee0923224dd6"},"description":"Szeretn\u00e9 tudni a titkokat, amelyeket csak a lakosok tudnak a legolcs\u00f3bb parkol\u00e1sr\u00f3l Splitben? Olvassa el ezt a cikket, hogy t\u00f6bbet megtudjon!","breadcrumb":{"@id":"https:\/\/splitcityparking.com\/hu\/a-legolcsobb-parkolas-split-horvatorszag-varosaban\/#breadcrumb"},"inLanguage":"hu","potentialAction":[{"@type":"ReadAction","target":["https:\/\/splitcityparking.com\/hu\/a-legolcsobb-parkolas-split-horvatorszag-varosaban\/"]}]},{"@type":"ImageObject","inLanguage":"hu","@id":"https:\/\/splitcityparking.com\/hu\/a-legolcsobb-parkolas-split-horvatorszag-varosaban\/#primaryimage","url":"https:\/\/splitcityparking.com\/wp-content\/uploads\/2022\/05\/3-GF.jpeg","contentUrl":"https:\/\/splitcityparking.com\/wp-content\/uploads\/2022\/05\/3-GF.jpeg","width":1032,"height":774,"caption":"osztott v\u00e1rosi parkol\u00e1s"},{"@type":"BreadcrumbList","@id":"https:\/\/splitcityparking.com\/hu\/a-legolcsobb-parkolas-split-horvatorszag-varosaban\/#breadcrumb","itemListElement":[{"@type":"ListItem","position":1,"name":"Home","item":"https:\/\/splitcityparking.com\/hu\/split-city-parkolas\/"},{"@type":"ListItem","position":2,"name":"A legolcs\u00f3bb parkol\u00e1s Split, Horv\u00e1torsz\u00e1g v\u00e1ros\u00e1ban"}]},{"@type":"WebSite","@id":"https:\/\/splitcityparking.com\/hu\/#website","url":"https:\/\/splitcityparking.com\/hu\/","name":"Split City Parking","description":"Parking and parking garages in Split. Reserve now and secure your parking space in our garage!","potentialAction":[{"@type":"SearchAction","target":{"@type":"EntryPoint","urlTemplate":"https:\/\/splitcityparking.com\/hu\/?s={search_term_string}"},"query-input":{"@type":"PropertyValueSpecification","valueRequired":true,"valueName":"search_term_string"}}],"inLanguage":"hu"},{"@type":"Person","@id":"https:\/\/splitcityparking.com\/hu\/#\/schema\/person\/67bfeb6a49b0026ad87cee0923224dd6","name":"parking","image":{"@type":"ImageObject","inLanguage":"hu","@id":"https:\/\/secure.gravatar.com\/avatar\/5a8a4db074faa17539b9bbbae12ed6d18176060e70861db07ee16c5f81b3b911?s=96&d=mm&r=g","url":"https:\/\/secure.gravatar.com\/avatar\/5a8a4db074faa17539b9bbbae12ed6d18176060e70861db07ee16c5f81b3b911?s=96&d=mm&r=g","contentUrl":"https:\/\/secure.gravatar.com\/avatar\/5a8a4db074faa17539b9bbbae12ed6d18176060e70861db07ee16c5f81b3b911?s=96&d=mm&r=g","caption":"parking"},"sameAs":["https:\/\/splitcityparking.com"]}]}},"_links":{"self":[{"href":"https:\/\/splitcityparking.com\/hu\/wp-json\/wp\/v2\/posts\/10364","targetHints":{"allow":["GET"]}}],"collection":[{"href":"https:\/\/splitcityparking.com\/hu\/wp-json\/wp\/v2\/posts"}],"about":[{"href":"https:\/\/splitcityparking.com\/hu\/wp-json\/wp\/v2\/types\/post"}],"author":[{"embeddable":true,"href":"https:\/\/splitcityparking.com\/hu\/wp-json\/wp\/v2\/users\/1"}],"replies":[{"embeddable":true,"href":"https:\/\/splitcityparking.com\/hu\/wp-json\/wp\/v2\/comments?post=10364"}],"version-history":[{"count":5,"href":"https:\/\/splitcityparking.com\/hu\/wp-json\/wp\/v2\/posts\/10364\/revisions"}],"predecessor-version":[{"id":10434,"href":"https:\/\/splitcityparking.com\/hu\/wp-json\/wp\/v2\/posts\/10364\/revisions\/10434"}],"wp:featuredmedia":[{"embeddable":true,"href":"https:\/\/splitcityparking.com\/hu\/wp-json\/wp\/v2\/media\/9753"}],"wp:attachment":[{"href":"https:\/\/splitcityparking.com\/hu\/wp-json\/wp\/v2\/media?parent=10364"}],"wp:term":[{"taxonomy":"category","embeddable":true,"href":"https:\/\/splitcityparking.com\/hu\/wp-json\/wp\/v2\/categories?post=10364"},{"taxonomy":"post_tag","embeddable":true,"href":"https:\/\/splitcityparking.com\/hu\/wp-json\/wp\/v2\/tags?post=10364"}],"curies":[{"name":"wp","href":"https:\/\/api.w.org\/{rel}","templated":true}]}}