{"id":10458,"date":"2022-08-12T17:31:02","date_gmt":"2022-08-12T17:31:02","guid":{"rendered":"https:\/\/splitcityparking.com\/parkolas-splitben-az-ovaros-kozeleben\/"},"modified":"2024-11-13T11:44:45","modified_gmt":"2024-11-13T11:44:45","slug":"parkolas-splitben-az-ovaros-kozeleben","status":"publish","type":"post","link":"https:\/\/splitcityparking.com\/hu\/parkolas-splitben-az-ovaros-kozeleben\/","title":{"rendered":"Parkol\u00e1s Splitben az \u00d3v\u00e1ros k\u00f6zel\u00e9ben"},"content":{"rendered":"\t\t<div data-elementor-type=\"wp-post\" data-elementor-id=\"10458\" class=\"elementor elementor-10458 elementor-2779\" data-elementor-post-type=\"post\">\n\t\t\t\t\t\t<section class=\"elementor-section elementor-top-section elementor-element elementor-element-78baf29c elementor-section-boxed elementor-section-height-default elementor-section-height-default\" data-id=\"78baf29c\" data-element_type=\"section\" data-e-type=\"section\">\n\t\t\t\t\t\t<div class=\"elementor-container elementor-column-gap-default\">\n\t\t\t\t\t<div class=\"elementor-column elementor-col-100 elementor-top-column elementor-element elementor-element-ed365c8\" data-id=\"ed365c8\" data-element_type=\"column\" data-e-type=\"column\">\n\t\t\t<div class=\"elementor-widget-wrap elementor-element-populated\">\n\t\t\t\t\t\t<div class=\"elementor-element elementor-element-20592c8a elementor-widget elementor-widget-text-editor\" data-id=\"20592c8a\" data-element_type=\"widget\" data-e-type=\"widget\" data-widget_type=\"text-editor.default\">\n\t\t\t\t\t\t\t\t\t<p><span style=\"font-weight: 400;\">Split egy gy\u00f6ny\u00f6r\u0171 tengerparti v\u00e1ros Horv\u00e1torsz\u00e1g dalm\u00e1t tengerpartj\u00e1n. Sokf\u00e9le dolgot lehet itt csin\u00e1lni \u00e9s l\u00e1tni, de az egyik leggyakoribb k\u00e9rd\u00e9s, amit a Splitbe l\u00e1togat\u00f3k feltesznek, az a k\u00f6vetkez\u0151: &#8222;Mit lehet itt csin\u00e1lni \u00e9s l\u00e1tni? &#8221; <\/span><a href=\"https:\/\/splitcityparking.com\/hu\/hol-parkolhatok-splitben-horvatorszagban\/\"><span style=\"font-weight: 400;\">Hol parkoljon Splitben?<\/span><\/a><span style=\"font-weight: 400;\">&#8222;.  <\/span><\/p>\n<p><span style=\"font-weight: 400;\">Ez a blogbejegyz\u00e9s minden k\u00e9rd\u00e9sedre v\u00e1laszt ad!<\/span><\/p>\t\t\t\t\t\t\t\t<\/div>\n\t\t\t\t<div class=\"elementor-element elementor-element-93de524 elementor-widget elementor-widget-image\" data-id=\"93de524\" data-element_type=\"widget\" data-e-type=\"widget\" data-widget_type=\"image.default\">\n\t\t\t\t\t\t\t\t\t\t\t\t\t\t\t<img fetchpriority=\"high\" decoding=\"async\" width=\"1472\" height=\"981\" src=\"https:\/\/splitcityparking.com\/wp-content\/uploads\/2022\/05\/BOBO2561.jpg\" class=\"attachment-2048x2048 size-2048x2048 wp-image-690\" alt=\"Where to park in Split\" srcset=\"https:\/\/splitcityparking.com\/wp-content\/uploads\/2022\/05\/BOBO2561.jpg 1472w, https:\/\/splitcityparking.com\/wp-content\/uploads\/2022\/05\/BOBO2561-300x200.jpg 300w, https:\/\/splitcityparking.com\/wp-content\/uploads\/2022\/05\/BOBO2561-1024x682.jpg 1024w, https:\/\/splitcityparking.com\/wp-content\/uploads\/2022\/05\/BOBO2561-768x512.jpg 768w\" sizes=\"(max-width: 1472px) 100vw, 1472px\" \/>\t\t\t\t\t\t\t\t\t\t\t\t\t\t\t<\/div>\n\t\t\t\t\t<\/div>\n\t\t<\/div>\n\t\t\t\t\t<\/div>\n\t\t<\/section>\n\t\t\t\t<section class=\"elementor-section elementor-top-section elementor-element elementor-element-a9f9742 elementor-section-boxed elementor-section-height-default elementor-section-height-default\" data-id=\"a9f9742\" data-element_type=\"section\" data-e-type=\"section\">\n\t\t\t\t\t\t<div class=\"elementor-container elementor-column-gap-default\">\n\t\t\t\t\t<div class=\"elementor-column elementor-col-100 elementor-top-column elementor-element elementor-element-d96be8a\" data-id=\"d96be8a\" data-element_type=\"column\" data-e-type=\"column\">\n\t\t\t<div class=\"elementor-widget-wrap elementor-element-populated\">\n\t\t\t\t\t\t<div class=\"elementor-element elementor-element-4c1956c elementor-widget elementor-widget-text-editor\" data-id=\"4c1956c\" data-element_type=\"widget\" data-e-type=\"widget\" data-widget_type=\"text-editor.default\">\n\t\t\t\t\t\t\t\t\t<p><\/p>\n<h2><span style=\"font-weight: 400;\">Parkol\u00e1s az \u00d3v\u00e1ros k\u00f6zel\u00e9ben<\/span><\/h2>\n<p><\/p>\n<p><span style=\"font-weight: 400;\">Parkol\u00f3helyet keres Splitben, az \u00d3v\u00e1ros k\u00f6zel\u00e9ben? Ne keressen tov\u00e1bb! Ebben a blogbejegyz\u00e9sben minden sz\u00fcks\u00e9ges inform\u00e1ci\u00f3t megtudhatsz a parkol\u00e1sr\u00f3l ezen a ter\u00fcleten.  <\/span><\/p>\n<p><span style=\"font-weight: 400;\">Kezdj\u00fck az alapokkal. Splitben a parkol\u00e1snak k\u00e9t f\u0151 t\u00edpusa van: az utcai \u00e9s az utc\u00e1n k\u00edv\u00fcli parkol\u00e1s. Az utcai parkol\u00e1s az utc\u00e1n el\u00e9rhet\u0151 parkol\u00e1s, m\u00edg a parkol\u00e1s az utc\u00e1n k\u00edv\u00fcli parkol\u00e1s minden olyan parkol\u00e1s, amely nem az utc\u00e1n tal\u00e1lhat\u00f3 (p\u00e9ld\u00e1ul gar\u00e1zsban vagy parkol\u00f3ban).  <\/span><\/p>\n<p><span style=\"font-weight: 400;\">\u00c1ltal\u00e1ban az utcai parkol\u00e1s dr\u00e1g\u00e1bb, mint az utc\u00e1n k\u00edv\u00fcli parkol\u00e1s. Ugyanakkor k\u00e9nyelmesebb is lehet, mivel nem kell olyan messzire gyalogolnia, hogy eljusson a c\u00e9l\u00e1llom\u00e1sra. <\/span><\/p>\n<p><span style=\"font-weight: 400;\">Ha utcai parkol\u00f3t keres, n\u00e9h\u00e1ny dolgot \u00e9rdemes szem el\u0151tt tartani. El\u0151sz\u00f6r is, legyen tiszt\u00e1ban az id\u0151korl\u00e1toz\u00e1ssal. Splitben a legt\u00f6bb utcai parkol\u00f3helyen k\u00e9t \u00f3r\u00e1s id\u0151korl\u00e1toz\u00e1s van \u00e9rv\u00e9nyben. Ha enn\u00e9l tov\u00e1bb maradsz, meg kell kock\u00e1ztatnod, hogy megb\u00fcntetnek.   <\/span><\/p>\n<p><span style=\"font-weight: 400;\">Figyeljen a jelz\u00e9sekre. Egyes utc\u00e1kban k\u00fcl\u00f6nleges szab\u00e1lyok vannak \u00e9rv\u00e9nyben, p\u00e9ld\u00e1ul csak enged\u00e9llyel lehet parkolni vagy akad\u00e1lymentes parkol\u00e1sra van lehet\u0151s\u00e9g. Gy\u0151z\u0151dj\u00f6n meg r\u00f3la, hogy elolvassa a t\u00e1bl\u00e1kat, miel\u0151tt leparkol, hogy ne akad\u00e1lyozzon egyetlen aut\u00f3t sem, vagy ne parkoljon olyan helyen, ahol nem szabadna.  <\/span><\/p>\n<p><span style=\"font-weight: 400;\">Nem sz\u00e1m\u00edt, hol parkol, \u00e9lvezheti mindazt, amit Split \u00f3v\u00e1rosa k\u00edn\u00e1l.<\/span><\/p>\n<p><\/p>\t\t\t\t\t\t\t\t<\/div>\n\t\t\t\t\t<\/div>\n\t\t<\/div>\n\t\t\t\t\t<\/div>\n\t\t<\/section>\n\t\t\t\t<section class=\"elementor-section elementor-top-section elementor-element elementor-element-e2eccae elementor-section-boxed elementor-section-height-default elementor-section-height-default\" data-id=\"e2eccae\" data-element_type=\"section\" data-e-type=\"section\">\n\t\t\t\t\t\t<div class=\"elementor-container elementor-column-gap-default\">\n\t\t\t\t\t<div class=\"elementor-column elementor-col-100 elementor-top-column elementor-element elementor-element-225b090\" data-id=\"225b090\" data-element_type=\"column\" data-e-type=\"column\">\n\t\t\t<div class=\"elementor-widget-wrap elementor-element-populated\">\n\t\t\t\t\t\t<div class=\"elementor-element elementor-element-8ef9010 elementor-widget elementor-widget-text-editor\" data-id=\"8ef9010\" data-element_type=\"widget\" data-e-type=\"widget\" data-widget_type=\"text-editor.default\">\n\t\t\t\t\t\t\t\t\t<p><\/p>\n<h2><span style=\"font-weight: 400;\">Tervezze meg az \u00fatvonalat<\/span><\/h2>\n<p><\/p>\n<p><span style=\"font-weight: 400;\">Ha Splitben, az \u00d3v\u00e1ros k\u00f6zel\u00e9ben keres parkol\u00f3helyet, a legjobb, ha el\u0151re megtervezi az \u00fatvonal\u00e1t. Van n\u00e9h\u00e1ny dolog, amit \u00e9rdemes szem el\u0151tt tartani, amikor parkol\u00f3helyet keres\u00fcnk ezen a ter\u00fcleten. El\u0151sz\u00f6r is, legyen tiszt\u00e1ban az egyir\u00e1ny\u00fa utc\u00e1kkal.    <\/span><\/p>\n<p><span style=\"font-weight: 400;\">M\u00e1sodszor, az \u00f3v\u00e1rosban elsz\u00f3rtan van n\u00e9h\u00e1ny m\u00e9r\u0151\u00f3ra \u00e9s fizet\u0151\u00e1llom\u00e1s, ez\u00e9rt tartson k\u00e9szenl\u00e9tben n\u00e9mi apr\u00f3p\u00e9nzt. V\u00e9gezet\u00fcl pedig figyelje a mag\u00e1nter\u00fcletet vagy a tilos parkol\u00e1si z\u00f3n\u00e1kat jelz\u0151 t\u00e1bl\u00e1kat.   <\/span><\/p>\n<p><span style=\"font-weight: 400;\">Ha k\u00f6veti ezeket a tippeket, akkor minden gond n\u00e9lk\u00fcl tal\u00e1lhat parkol\u00f3helyet.<\/span><\/p>\n<p><\/p>\t\t\t\t\t\t\t\t<\/div>\n\t\t\t\t<div class=\"elementor-element elementor-element-549bd8a elementor-widget elementor-widget-image\" data-id=\"549bd8a\" data-element_type=\"widget\" data-e-type=\"widget\" data-widget_type=\"image.default\">\n\t\t\t\t\t\t\t\t\t\t\t\t\t\t\t<img decoding=\"async\" width=\"1592\" height=\"1059\" src=\"https:\/\/splitcityparking.com\/wp-content\/uploads\/2022\/05\/tttt.png\" class=\"attachment-full size-full wp-image-9736\" alt=\"\" srcset=\"https:\/\/splitcityparking.com\/wp-content\/uploads\/2022\/05\/tttt.png 1592w, https:\/\/splitcityparking.com\/wp-content\/uploads\/2022\/05\/tttt-300x200.png 300w, https:\/\/splitcityparking.com\/wp-content\/uploads\/2022\/05\/tttt-1024x681.png 1024w, https:\/\/splitcityparking.com\/wp-content\/uploads\/2022\/05\/tttt-768x511.png 768w, https:\/\/splitcityparking.com\/wp-content\/uploads\/2022\/05\/tttt-1536x1022.png 1536w\" sizes=\"(max-width: 1592px) 100vw, 1592px\" \/>\t\t\t\t\t\t\t\t\t\t\t\t\t\t\t<\/div>\n\t\t\t\t\t<\/div>\n\t\t<\/div>\n\t\t\t\t\t<\/div>\n\t\t<\/section>\n\t\t\t\t<section class=\"elementor-section elementor-top-section elementor-element elementor-element-d6580d4 elementor-section-boxed elementor-section-height-default elementor-section-height-default\" data-id=\"d6580d4\" data-element_type=\"section\" data-e-type=\"section\">\n\t\t\t\t\t\t<div class=\"elementor-container elementor-column-gap-default\">\n\t\t\t\t\t<div class=\"elementor-column elementor-col-100 elementor-top-column elementor-element elementor-element-7edfe2c\" data-id=\"7edfe2c\" data-element_type=\"column\" data-e-type=\"column\">\n\t\t\t<div class=\"elementor-widget-wrap elementor-element-populated\">\n\t\t\t\t\t\t<div class=\"elementor-element elementor-element-4be065f elementor-widget elementor-widget-text-editor\" data-id=\"4be065f\" data-element_type=\"widget\" data-e-type=\"widget\" data-widget_type=\"text-editor.default\">\n\t\t\t\t\t\t\t\t\t<p><\/p>\n<h2><span style=\"font-weight: 400;\">Parkol\u00e1s ut\u00e1n megtal\u00e1lni az aut\u00f3t<\/span><\/h2>\n<p><\/p>\n<p><span style=\"font-weight: 400;\">El\u0151fordult m\u00e1r, hogy hossz\u00fa s\u00e9t\u00e1t tett a v\u00e1rosban, \u00e9s amikor visszat\u00e9rt az aut\u00f3j\u00e1hoz, r\u00e1j\u00f6tt, hogy fogalma sincs, hol parkolt? Ha valaha is elvesztette aut\u00f3j\u00e1t egy zs\u00fafolt parkol\u00f3ban vagy gar\u00e1zsban, tudja, milyen frusztr\u00e1l\u00f3 \u00e9s stresszes lehet. De ne agg\u00f3djon, van n\u00e9h\u00e1ny dolog, amit megtehet, hogy gyorsan megtal\u00e1lja aut\u00f3j\u00e1t, \u00e9s \u00fajra \u00fatra keljen.  <\/span><\/p>\n<p><span style=\"font-weight: 400;\">Ha szerencs\u00e9s vagy, valaki a csoportodb\u00f3l tal\u00e1n l\u00e1tta, hogy hol parkolt\u00e1l, \u00e9s seg\u00edthet megtal\u00e1lni az aut\u00f3dat. Ellenkez\u0151 esetben pr\u00f3b\u00e1lja meg haszn\u00e1lni a telefonja Find My Car (Keresd meg az aut\u00f3mat) funkci\u00f3j\u00e1t, ha van ilyen. Ez seg\u00edthet megtal\u00e1lni az aut\u00f3j\u00e1t az\u00e1ltal, hogy egy t\u00e9rk\u00e9pen pontosan meghat\u00e1rozza a hely\u00e9t.  <\/span><\/p>\n<p><span style=\"font-weight: 400;\">Egy m\u00e1sik tipp, hogy keressen t\u00e1j\u00e9koz\u00f3d\u00e1si pontokat a k\u00f6zelben, ahol azt hiszi, hogy leparkolt. Ez lehet egy konkr\u00e9t \u00e9p\u00fclet, utcat\u00e1bla vagy b\u00e1rmi m\u00e1s, ami seg\u00edthet a t\u00e1j\u00e9koz\u00f3d\u00e1sban. Ha megtal\u00e1ltad a terept\u00e1rgyat, keresd meg az aut\u00f3dat a k\u00f6rny\u00e9ken.  <\/span><\/p>\n<p><span style=\"font-weight: 400;\">Ha minden m\u00e1s nem siker\u00fcl, k\u00f6vesse vissza a l\u00e9pteit a parkol\u00e1st\u00f3l kezdve. Ez eltarthat egy ideig, de meg\u00e9ri, ha \u00edgy megtal\u00e1lod az aut\u00f3dat. Induljon el onnan, ahol azt hiszi, hogy leparkolt, \u00e9s s\u00e9t\u00e1ljon k\u00f6rbe, am\u00edg meg nem tal\u00e1lja.  <\/span><\/p>\n<p><\/p>\t\t\t\t\t\t\t\t<\/div>\n\t\t\t\t\t<\/div>\n\t\t<\/div>\n\t\t\t\t\t<\/div>\n\t\t<\/section>\n\t\t\t\t<section class=\"elementor-section elementor-top-section elementor-element elementor-element-e2dc365 elementor-section-boxed elementor-section-height-default elementor-section-height-default\" data-id=\"e2dc365\" data-element_type=\"section\" data-e-type=\"section\">\n\t\t\t\t\t\t<div class=\"elementor-container elementor-column-gap-default\">\n\t\t\t\t\t<div class=\"elementor-column elementor-col-100 elementor-top-column elementor-element elementor-element-604f4df\" data-id=\"604f4df\" data-element_type=\"column\" data-e-type=\"column\">\n\t\t\t<div class=\"elementor-widget-wrap elementor-element-populated\">\n\t\t\t\t\t\t<div class=\"elementor-element elementor-element-92ed3fb elementor-widget elementor-widget-text-editor\" data-id=\"92ed3fb\" data-element_type=\"widget\" data-e-type=\"widget\" data-widget_type=\"text-editor.default\">\n\t\t\t\t\t\t\t\t\t<p><\/p>\n<h2><span style=\"font-weight: 400;\">Alternat\u00edv parkol\u00e1si lehet\u0151s\u00e9gek Splitben az \u00d3v\u00e1ros k\u00f6zel\u00e9ben<\/span><\/h2>\n<p><\/p>\n<p><span style=\"font-weight: 400;\">B\u00e1rki, aki pr\u00f3b\u00e1lt m\u00e1r Splitben, az \u00d3v\u00e1ros k\u00f6zel\u00e9ben parkolni, tan\u00fas\u00edthatja, hogy ez igazi kih\u00edv\u00e1s lehet. A j\u00f3 h\u00edr az, hogy van n\u00e9h\u00e1ny alternat\u00edv lehet\u0151s\u00e9g, amely nagyban megk\u00f6nny\u00edtheti az \u00e9let\u00e9t. <\/span><\/p>\n<p><span style=\"font-weight: 400;\">Sokan vannak <\/span><a href=\"https:\/\/splitcityparking.com\/benefits-of-parking-a-car-in-a-garage\/\"><span style=\"font-weight: 400;\">el\u0151nyei a gar\u00e1zsban val\u00f3 parkol\u00e1snak<\/span><\/a><span style=\"font-weight: 400;\">  a v\u00e1rosban. Ez egy kis p\u00e9nzbe fog ker\u00fclni, de mindenk\u00e9ppen jobb, mintha megb\u00fcntetn\u00e9k vagy elvontatn\u00e1k az aut\u00f3j\u00e1t.   <\/span><\/p>\n<p><span style=\"font-weight: 400;\">Egy m\u00e1sik lehet\u0151s\u00e9g, hogy a v\u00e1roson k\u00edv\u00fcl parkoljon, \u00e9s t\u00f6megk\u00f6zleked\u00e9ssel menjen be az \u00f3v\u00e1rosba. Ez egy nagyszer\u0171 lehet\u0151s\u00e9g, ha nem b\u00e1nja, hogy egy kicsit s\u00e9t\u00e1lnia kell, \u00e9s rengeteg p\u00e9nzt sp\u00f3rolhat a parkol\u00e1si d\u00edjakon. <\/span><\/p>\n<p><span style=\"font-weight: 400;\">V\u00e9g\u00fcl, ha csak r\u00f6vid id\u0151re l\u00e1togatna el az \u00f3v\u00e1rosba, mindig kihaszn\u00e1lhatja a sz\u00e1mos utcai parkol\u00f3helyet, amelyek rendelkez\u00e9sre \u00e1llnak. N\u00e9ha   <\/span><a href=\"https:\/\/splitcityparking.com\/hu\/a-legolcsobb-parkolas-split-horvatorszag-varosaban\/\"><span style=\"font-weight: 400;\">olcs\u00f3 parkol\u00e1st tal\u00e1lni<\/span><\/a><span style=\"font-weight: 400;\"> vagy ak\u00e1r ingyeneset is, ami megk\u00edm\u00e9li \u00d6nt a zs\u00fafolt parkol\u00f3kkal val\u00f3 foglalatoskod\u00e1st\u00f3l.<\/span><\/p>\n<p><\/p>\t\t\t\t\t\t\t\t<\/div>\n\t\t\t\t\t<\/div>\n\t\t<\/div>\n\t\t\t\t\t<\/div>\n\t\t<\/section>\n\t\t\t\t<section class=\"elementor-section elementor-top-section elementor-element elementor-element-f06e5a2 elementor-section-boxed elementor-section-height-default elementor-section-height-default\" data-id=\"f06e5a2\" data-element_type=\"section\" data-e-type=\"section\">\n\t\t\t\t\t\t<div class=\"elementor-container elementor-column-gap-default\">\n\t\t\t\t\t<div class=\"elementor-column elementor-col-100 elementor-top-column elementor-element elementor-element-c135dc6\" data-id=\"c135dc6\" data-element_type=\"column\" data-e-type=\"column\">\n\t\t\t<div class=\"elementor-widget-wrap elementor-element-populated\">\n\t\t\t\t\t\t<div class=\"elementor-element elementor-element-18132df elementor-widget elementor-widget-text-editor\" data-id=\"18132df\" data-element_type=\"widget\" data-e-type=\"widget\" data-widget_type=\"text-editor.default\">\n\t\t\t\t\t\t\t\t\t<p><\/p>\n<h2><span style=\"font-weight: 400;\">Foglalja le 24 \u00f3r\u00e1s parkol\u00f3h\u00e1zunkat<\/span><\/h2>\n<p><\/p>\n<p><span style=\"font-weight: 400;\">Splitben neh\u00e9z lehet parkol\u00f3t tal\u00e1lni, k\u00fcl\u00f6n\u00f6sen a f\u0151szezonban. Van azonban egy nagyszer\u0171 megold\u00e1sunk az \u00d6n sz\u00e1m\u00e1ra &#8211;   <\/span><a href=\"https:\/\/splitcityparking.com\/hu\/\"><span style=\"font-weight: 400;\">24 \u00f3r\u00e1s parkol\u00f3h\u00e1zunk<\/span><\/a><span style=\"font-weight: 400;\">!<\/span><\/p>\n<p><span style=\"font-weight: 400;\">A gar\u00e1zsunk mind\u00f6ssze n\u00e9h\u00e1ny perc s\u00e9t\u00e1ra tal\u00e1lhat\u00f3 Split t\u00f6rt\u00e9nelmi k\u00f6zpontj\u00e1t\u00f3l. Ez a t\u00f6k\u00e9letes megold\u00e1s azok sz\u00e1m\u00e1ra, akik Splitbe szeretn\u00e9nek l\u00e1togatni, \u00e9s nem agg\u00f3dnak a parkol\u00f3hely keres\u00e9se miatt. <\/span><\/p>\n<p><span style=\"font-weight: 400;\">A gar\u00e1zsunkban val\u00f3 parkol\u00e1s foglal\u00e1sa egyszer\u0171 &#8211; csak v\u00e1lassza ki a napot \u00e9s az id\u0151pontot, amikor parkolni szeretne. Ezut\u00e1n k\u00fcld\u00fcnk \u00d6nnek egy visszaigazol\u00f3 e-mailt a r\u00e9szletekkel. <\/span><\/p>\n<p><span style=\"font-weight: 400;\">Ha meg\u00e9rkezik gar\u00e1zsunkba, egyszer\u0171en parkoljon le aut\u00f3j\u00e1val \u00e9s \u00e9lvezze a Splitben t\u00f6lt\u00f6tt id\u0151t!<\/span><\/p>\n<p><\/p>\t\t\t\t\t\t\t\t<\/div>\n\t\t\t\t\t<\/div>\n\t\t<\/div>\n\t\t\t\t\t<\/div>\n\t\t<\/section>\n\t\t\t\t<\/div>\n\t\t","protected":false},"excerpt":{"rendered":"<p>Az egyik leggyakoribb k\u00e9rd\u00e9s, amit a Splitbe utaz\u00f3 l\u00e1togat\u00f3k feltesznek: &#8222;Hol lehet Splitben az \u00f3v\u00e1ros k\u00f6zel\u00e9ben parkolni?&#8221; Itt a v\u00e1lasz! <\/p>\n","protected":false},"author":1,"featured_media":10282,"comment_status":"open","ping_status":"open","sticky":false,"template":"","format":"standard","meta":{"footnotes":""},"categories":[168],"tags":[],"class_list":["post-10458","post","type-post","status-publish","format-standard","has-post-thumbnail","hentry","category-uncategorized-hu"],"yoast_head":"<!-- This site is optimized with the Yoast SEO plugin v27.4 - https:\/\/yoast.com\/product\/yoast-seo-wordpress\/ -->\n<title>Parkol\u00e1s Splitben az \u00d3v\u00e1ros k\u00f6zel\u00e9ben<\/title>\n<meta name=\"description\" content=\"Az egyik leggyakoribb k\u00e9rd\u00e9s, amit a Splitbe utaz\u00f3 l\u00e1togat\u00f3k feltesznek: &quot;Hol lehet Splitben az \u00f3v\u00e1ros k\u00f6zel\u00e9ben parkolni?&quot; Itt a v\u00e1lasz!\" \/>\n<meta name=\"robots\" content=\"index, follow, max-snippet:-1, max-image-preview:large, max-video-preview:-1\" \/>\n<link rel=\"canonical\" href=\"https:\/\/splitcityparking.com\/hu\/parkolas-splitben-az-ovaros-kozeleben\/\" \/>\n<meta property=\"og:locale\" content=\"hu_HU\" \/>\n<meta property=\"og:type\" content=\"article\" \/>\n<meta property=\"og:title\" content=\"Parkol\u00e1s Splitben az \u00d3v\u00e1ros k\u00f6zel\u00e9ben\" \/>\n<meta property=\"og:description\" content=\"Az egyik leggyakoribb k\u00e9rd\u00e9s, amit a Splitbe utaz\u00f3 l\u00e1togat\u00f3k feltesznek: &quot;Hol lehet Splitben az \u00f3v\u00e1ros k\u00f6zel\u00e9ben parkolni?&quot; Itt a v\u00e1lasz!\" \/>\n<meta property=\"og:url\" content=\"https:\/\/splitcityparking.com\/hu\/parkolas-splitben-az-ovaros-kozeleben\/\" \/>\n<meta property=\"og:site_name\" content=\"Split City Parking\" \/>\n<meta property=\"article:published_time\" content=\"2022-08-12T17:31:02+00:00\" \/>\n<meta property=\"article:modified_time\" content=\"2024-11-13T11:44:45+00:00\" \/>\n<meta property=\"og:image\" content=\"https:\/\/splitcityparking.com\/wp-content\/uploads\/2022\/08\/splitcroatia.jpeg\" \/>\n\t<meta property=\"og:image:width\" content=\"1000\" \/>\n\t<meta property=\"og:image:height\" content=\"749\" \/>\n\t<meta property=\"og:image:type\" content=\"image\/jpeg\" \/>\n<meta name=\"author\" content=\"parking\" \/>\n<meta name=\"twitter:card\" content=\"summary_large_image\" \/>\n<meta name=\"twitter:label1\" content=\"Szerz\u0151:\" \/>\n\t<meta name=\"twitter:data1\" content=\"parking\" \/>\n\t<meta name=\"twitter:label2\" content=\"Becs\u00fclt olvas\u00e1si id\u0151\" \/>\n\t<meta name=\"twitter:data2\" content=\"5 perc\" \/>\n<script type=\"application\/ld+json\" class=\"yoast-schema-graph\">{\"@context\":\"https:\\\/\\\/schema.org\",\"@graph\":[{\"@type\":\"Article\",\"@id\":\"https:\\\/\\\/splitcityparking.com\\\/hu\\\/parkolas-splitben-az-ovaros-kozeleben\\\/#article\",\"isPartOf\":{\"@id\":\"https:\\\/\\\/splitcityparking.com\\\/hu\\\/parkolas-splitben-az-ovaros-kozeleben\\\/\"},\"author\":{\"name\":\"parking\",\"@id\":\"https:\\\/\\\/splitcityparking.com\\\/hu\\\/#\\\/schema\\\/person\\\/67bfeb6a49b0026ad87cee0923224dd6\"},\"headline\":\"Parkol\u00e1s Splitben az \u00d3v\u00e1ros k\u00f6zel\u00e9ben\",\"datePublished\":\"2022-08-12T17:31:02+00:00\",\"dateModified\":\"2024-11-13T11:44:45+00:00\",\"mainEntityOfPage\":{\"@id\":\"https:\\\/\\\/splitcityparking.com\\\/hu\\\/parkolas-splitben-az-ovaros-kozeleben\\\/\"},\"wordCount\":1089,\"commentCount\":0,\"image\":{\"@id\":\"https:\\\/\\\/splitcityparking.com\\\/hu\\\/parkolas-splitben-az-ovaros-kozeleben\\\/#primaryimage\"},\"thumbnailUrl\":\"https:\\\/\\\/splitcityparking.com\\\/wp-content\\\/uploads\\\/2022\\\/08\\\/splitcroatia.jpeg\",\"articleSection\":[\"Uncategorized @hu\"],\"inLanguage\":\"hu\",\"potentialAction\":[{\"@type\":\"CommentAction\",\"name\":\"Comment\",\"target\":[\"https:\\\/\\\/splitcityparking.com\\\/hu\\\/parkolas-splitben-az-ovaros-kozeleben\\\/#respond\"]}]},{\"@type\":\"WebPage\",\"@id\":\"https:\\\/\\\/splitcityparking.com\\\/hu\\\/parkolas-splitben-az-ovaros-kozeleben\\\/\",\"url\":\"https:\\\/\\\/splitcityparking.com\\\/hu\\\/parkolas-splitben-az-ovaros-kozeleben\\\/\",\"name\":\"Parkol\u00e1s Splitben az \u00d3v\u00e1ros k\u00f6zel\u00e9ben\",\"isPartOf\":{\"@id\":\"https:\\\/\\\/splitcityparking.com\\\/hu\\\/#website\"},\"primaryImageOfPage\":{\"@id\":\"https:\\\/\\\/splitcityparking.com\\\/hu\\\/parkolas-splitben-az-ovaros-kozeleben\\\/#primaryimage\"},\"image\":{\"@id\":\"https:\\\/\\\/splitcityparking.com\\\/hu\\\/parkolas-splitben-az-ovaros-kozeleben\\\/#primaryimage\"},\"thumbnailUrl\":\"https:\\\/\\\/splitcityparking.com\\\/wp-content\\\/uploads\\\/2022\\\/08\\\/splitcroatia.jpeg\",\"datePublished\":\"2022-08-12T17:31:02+00:00\",\"dateModified\":\"2024-11-13T11:44:45+00:00\",\"author\":{\"@id\":\"https:\\\/\\\/splitcityparking.com\\\/hu\\\/#\\\/schema\\\/person\\\/67bfeb6a49b0026ad87cee0923224dd6\"},\"description\":\"Az egyik leggyakoribb k\u00e9rd\u00e9s, amit a Splitbe utaz\u00f3 l\u00e1togat\u00f3k feltesznek: \\\"Hol lehet Splitben az \u00f3v\u00e1ros k\u00f6zel\u00e9ben parkolni?\\\" Itt a v\u00e1lasz!\",\"breadcrumb\":{\"@id\":\"https:\\\/\\\/splitcityparking.com\\\/hu\\\/parkolas-splitben-az-ovaros-kozeleben\\\/#breadcrumb\"},\"inLanguage\":\"hu\",\"potentialAction\":[{\"@type\":\"ReadAction\",\"target\":[\"https:\\\/\\\/splitcityparking.com\\\/hu\\\/parkolas-splitben-az-ovaros-kozeleben\\\/\"]}]},{\"@type\":\"ImageObject\",\"inLanguage\":\"hu\",\"@id\":\"https:\\\/\\\/splitcityparking.com\\\/hu\\\/parkolas-splitben-az-ovaros-kozeleben\\\/#primaryimage\",\"url\":\"https:\\\/\\\/splitcityparking.com\\\/wp-content\\\/uploads\\\/2022\\\/08\\\/splitcroatia.jpeg\",\"contentUrl\":\"https:\\\/\\\/splitcityparking.com\\\/wp-content\\\/uploads\\\/2022\\\/08\\\/splitcroatia.jpeg\",\"width\":1000,\"height\":749},{\"@type\":\"BreadcrumbList\",\"@id\":\"https:\\\/\\\/splitcityparking.com\\\/hu\\\/parkolas-splitben-az-ovaros-kozeleben\\\/#breadcrumb\",\"itemListElement\":[{\"@type\":\"ListItem\",\"position\":1,\"name\":\"Home\",\"item\":\"https:\\\/\\\/splitcityparking.com\\\/hu\\\/split-city-parkolas\\\/\"},{\"@type\":\"ListItem\",\"position\":2,\"name\":\"Parkol\u00e1s Splitben az \u00d3v\u00e1ros k\u00f6zel\u00e9ben\"}]},{\"@type\":\"WebSite\",\"@id\":\"https:\\\/\\\/splitcityparking.com\\\/hu\\\/#website\",\"url\":\"https:\\\/\\\/splitcityparking.com\\\/hu\\\/\",\"name\":\"Split City Parking\",\"description\":\"Parking and parking garages in Split. Reserve now and secure your parking space in our garage!\",\"potentialAction\":[{\"@type\":\"SearchAction\",\"target\":{\"@type\":\"EntryPoint\",\"urlTemplate\":\"https:\\\/\\\/splitcityparking.com\\\/hu\\\/?s={search_term_string}\"},\"query-input\":{\"@type\":\"PropertyValueSpecification\",\"valueRequired\":true,\"valueName\":\"search_term_string\"}}],\"inLanguage\":\"hu\"},{\"@type\":\"Person\",\"@id\":\"https:\\\/\\\/splitcityparking.com\\\/hu\\\/#\\\/schema\\\/person\\\/67bfeb6a49b0026ad87cee0923224dd6\",\"name\":\"parking\",\"image\":{\"@type\":\"ImageObject\",\"inLanguage\":\"hu\",\"@id\":\"https:\\\/\\\/secure.gravatar.com\\\/avatar\\\/5a8a4db074faa17539b9bbbae12ed6d18176060e70861db07ee16c5f81b3b911?s=96&d=mm&r=g\",\"url\":\"https:\\\/\\\/secure.gravatar.com\\\/avatar\\\/5a8a4db074faa17539b9bbbae12ed6d18176060e70861db07ee16c5f81b3b911?s=96&d=mm&r=g\",\"contentUrl\":\"https:\\\/\\\/secure.gravatar.com\\\/avatar\\\/5a8a4db074faa17539b9bbbae12ed6d18176060e70861db07ee16c5f81b3b911?s=96&d=mm&r=g\",\"caption\":\"parking\"},\"sameAs\":[\"https:\\\/\\\/splitcityparking.com\"]}]}<\/script>\n<!-- \/ Yoast SEO plugin. -->","yoast_head_json":{"title":"Parkol\u00e1s Splitben az \u00d3v\u00e1ros k\u00f6zel\u00e9ben","description":"Az egyik leggyakoribb k\u00e9rd\u00e9s, amit a Splitbe utaz\u00f3 l\u00e1togat\u00f3k feltesznek: \"Hol lehet Splitben az \u00f3v\u00e1ros k\u00f6zel\u00e9ben parkolni?\" Itt a v\u00e1lasz!","robots":{"index":"index","follow":"follow","max-snippet":"max-snippet:-1","max-image-preview":"max-image-preview:large","max-video-preview":"max-video-preview:-1"},"canonical":"https:\/\/splitcityparking.com\/hu\/parkolas-splitben-az-ovaros-kozeleben\/","og_locale":"hu_HU","og_type":"article","og_title":"Parkol\u00e1s Splitben az \u00d3v\u00e1ros k\u00f6zel\u00e9ben","og_description":"Az egyik leggyakoribb k\u00e9rd\u00e9s, amit a Splitbe utaz\u00f3 l\u00e1togat\u00f3k feltesznek: \"Hol lehet Splitben az \u00f3v\u00e1ros k\u00f6zel\u00e9ben parkolni?\" Itt a v\u00e1lasz!","og_url":"https:\/\/splitcityparking.com\/hu\/parkolas-splitben-az-ovaros-kozeleben\/","og_site_name":"Split City Parking","article_published_time":"2022-08-12T17:31:02+00:00","article_modified_time":"2024-11-13T11:44:45+00:00","og_image":[{"width":1000,"height":749,"url":"https:\/\/splitcityparking.com\/wp-content\/uploads\/2022\/08\/splitcroatia.jpeg","type":"image\/jpeg"}],"author":"parking","twitter_card":"summary_large_image","twitter_misc":{"Szerz\u0151:":"parking","Becs\u00fclt olvas\u00e1si id\u0151":"5 perc"},"schema":{"@context":"https:\/\/schema.org","@graph":[{"@type":"Article","@id":"https:\/\/splitcityparking.com\/hu\/parkolas-splitben-az-ovaros-kozeleben\/#article","isPartOf":{"@id":"https:\/\/splitcityparking.com\/hu\/parkolas-splitben-az-ovaros-kozeleben\/"},"author":{"name":"parking","@id":"https:\/\/splitcityparking.com\/hu\/#\/schema\/person\/67bfeb6a49b0026ad87cee0923224dd6"},"headline":"Parkol\u00e1s Splitben az \u00d3v\u00e1ros k\u00f6zel\u00e9ben","datePublished":"2022-08-12T17:31:02+00:00","dateModified":"2024-11-13T11:44:45+00:00","mainEntityOfPage":{"@id":"https:\/\/splitcityparking.com\/hu\/parkolas-splitben-az-ovaros-kozeleben\/"},"wordCount":1089,"commentCount":0,"image":{"@id":"https:\/\/splitcityparking.com\/hu\/parkolas-splitben-az-ovaros-kozeleben\/#primaryimage"},"thumbnailUrl":"https:\/\/splitcityparking.com\/wp-content\/uploads\/2022\/08\/splitcroatia.jpeg","articleSection":["Uncategorized @hu"],"inLanguage":"hu","potentialAction":[{"@type":"CommentAction","name":"Comment","target":["https:\/\/splitcityparking.com\/hu\/parkolas-splitben-az-ovaros-kozeleben\/#respond"]}]},{"@type":"WebPage","@id":"https:\/\/splitcityparking.com\/hu\/parkolas-splitben-az-ovaros-kozeleben\/","url":"https:\/\/splitcityparking.com\/hu\/parkolas-splitben-az-ovaros-kozeleben\/","name":"Parkol\u00e1s Splitben az \u00d3v\u00e1ros k\u00f6zel\u00e9ben","isPartOf":{"@id":"https:\/\/splitcityparking.com\/hu\/#website"},"primaryImageOfPage":{"@id":"https:\/\/splitcityparking.com\/hu\/parkolas-splitben-az-ovaros-kozeleben\/#primaryimage"},"image":{"@id":"https:\/\/splitcityparking.com\/hu\/parkolas-splitben-az-ovaros-kozeleben\/#primaryimage"},"thumbnailUrl":"https:\/\/splitcityparking.com\/wp-content\/uploads\/2022\/08\/splitcroatia.jpeg","datePublished":"2022-08-12T17:31:02+00:00","dateModified":"2024-11-13T11:44:45+00:00","author":{"@id":"https:\/\/splitcityparking.com\/hu\/#\/schema\/person\/67bfeb6a49b0026ad87cee0923224dd6"},"description":"Az egyik leggyakoribb k\u00e9rd\u00e9s, amit a Splitbe utaz\u00f3 l\u00e1togat\u00f3k feltesznek: \"Hol lehet Splitben az \u00f3v\u00e1ros k\u00f6zel\u00e9ben parkolni?\" Itt a v\u00e1lasz!","breadcrumb":{"@id":"https:\/\/splitcityparking.com\/hu\/parkolas-splitben-az-ovaros-kozeleben\/#breadcrumb"},"inLanguage":"hu","potentialAction":[{"@type":"ReadAction","target":["https:\/\/splitcityparking.com\/hu\/parkolas-splitben-az-ovaros-kozeleben\/"]}]},{"@type":"ImageObject","inLanguage":"hu","@id":"https:\/\/splitcityparking.com\/hu\/parkolas-splitben-az-ovaros-kozeleben\/#primaryimage","url":"https:\/\/splitcityparking.com\/wp-content\/uploads\/2022\/08\/splitcroatia.jpeg","contentUrl":"https:\/\/splitcityparking.com\/wp-content\/uploads\/2022\/08\/splitcroatia.jpeg","width":1000,"height":749},{"@type":"BreadcrumbList","@id":"https:\/\/splitcityparking.com\/hu\/parkolas-splitben-az-ovaros-kozeleben\/#breadcrumb","itemListElement":[{"@type":"ListItem","position":1,"name":"Home","item":"https:\/\/splitcityparking.com\/hu\/split-city-parkolas\/"},{"@type":"ListItem","position":2,"name":"Parkol\u00e1s Splitben az \u00d3v\u00e1ros k\u00f6zel\u00e9ben"}]},{"@type":"WebSite","@id":"https:\/\/splitcityparking.com\/hu\/#website","url":"https:\/\/splitcityparking.com\/hu\/","name":"Split City Parking","description":"Parking and parking garages in Split. Reserve now and secure your parking space in our garage!","potentialAction":[{"@type":"SearchAction","target":{"@type":"EntryPoint","urlTemplate":"https:\/\/splitcityparking.com\/hu\/?s={search_term_string}"},"query-input":{"@type":"PropertyValueSpecification","valueRequired":true,"valueName":"search_term_string"}}],"inLanguage":"hu"},{"@type":"Person","@id":"https:\/\/splitcityparking.com\/hu\/#\/schema\/person\/67bfeb6a49b0026ad87cee0923224dd6","name":"parking","image":{"@type":"ImageObject","inLanguage":"hu","@id":"https:\/\/secure.gravatar.com\/avatar\/5a8a4db074faa17539b9bbbae12ed6d18176060e70861db07ee16c5f81b3b911?s=96&d=mm&r=g","url":"https:\/\/secure.gravatar.com\/avatar\/5a8a4db074faa17539b9bbbae12ed6d18176060e70861db07ee16c5f81b3b911?s=96&d=mm&r=g","contentUrl":"https:\/\/secure.gravatar.com\/avatar\/5a8a4db074faa17539b9bbbae12ed6d18176060e70861db07ee16c5f81b3b911?s=96&d=mm&r=g","caption":"parking"},"sameAs":["https:\/\/splitcityparking.com"]}]}},"_links":{"self":[{"href":"https:\/\/splitcityparking.com\/hu\/wp-json\/wp\/v2\/posts\/10458","targetHints":{"allow":["GET"]}}],"collection":[{"href":"https:\/\/splitcityparking.com\/hu\/wp-json\/wp\/v2\/posts"}],"about":[{"href":"https:\/\/splitcityparking.com\/hu\/wp-json\/wp\/v2\/types\/post"}],"author":[{"embeddable":true,"href":"https:\/\/splitcityparking.com\/hu\/wp-json\/wp\/v2\/users\/1"}],"replies":[{"embeddable":true,"href":"https:\/\/splitcityparking.com\/hu\/wp-json\/wp\/v2\/comments?post=10458"}],"version-history":[{"count":1,"href":"https:\/\/splitcityparking.com\/hu\/wp-json\/wp\/v2\/posts\/10458\/revisions"}],"predecessor-version":[{"id":10460,"href":"https:\/\/splitcityparking.com\/hu\/wp-json\/wp\/v2\/posts\/10458\/revisions\/10460"}],"wp:featuredmedia":[{"embeddable":true,"href":"https:\/\/splitcityparking.com\/hu\/wp-json\/wp\/v2\/media\/10282"}],"wp:attachment":[{"href":"https:\/\/splitcityparking.com\/hu\/wp-json\/wp\/v2\/media?parent=10458"}],"wp:term":[{"taxonomy":"category","embeddable":true,"href":"https:\/\/splitcityparking.com\/hu\/wp-json\/wp\/v2\/categories?post=10458"},{"taxonomy":"post_tag","embeddable":true,"href":"https:\/\/splitcityparking.com\/hu\/wp-json\/wp\/v2\/tags?post=10458"}],"curies":[{"name":"wp","href":"https:\/\/api.w.org\/{rel}","templated":true}]}}