{"id":11433,"date":"2025-03-11T12:23:05","date_gmt":"2025-03-11T12:23:05","guid":{"rendered":"https:\/\/splitcityparking.com\/hol-parkoljon-splitben-a-nagyobb-rendezvenyeken-a-year-round-guide\/"},"modified":"2025-03-11T12:25:19","modified_gmt":"2025-03-11T12:25:19","slug":"hol-parkoljon-splitben-a-nagyobb-rendezvenyeken-a-year-round-guide","status":"publish","type":"post","link":"https:\/\/splitcityparking.com\/hu\/hol-parkoljon-splitben-a-nagyobb-rendezvenyeken-a-year-round-guide\/","title":{"rendered":"Hol parkoljon Splitben a nagyobb rendezv\u00e9nyeken: A Year-Round Guide"},"content":{"rendered":"\n<p>Kutat\u00e1sokat fogok v\u00e9gezni Split f\u0151bb esem\u00e9nyei, k\u00f6zt\u00fck az Ultra Europe, a Diocletianus Napok \u00e9s az Advent Splitben, valamint m\u00e1s jelent\u0151s helyi fesztiv\u00e1lok ut\u00e1n. A cikk parkol\u00e1si tan\u00e1csokkal \u00e9s alternat\u00edv k\u00f6zleked\u00e9si lehet\u0151s\u00e9gekkel szolg\u00e1l majd az ezeken az esem\u00e9nyeken r\u00e9szt vev\u0151 turist\u00e1k sz\u00e1m\u00e1ra. Amint a kutat\u00e1s befejez\u0151dik, elk\u00e9sz\u00edtem a teljes \u00fatmutat\u00f3t, hogy \u00e1tn\u00e9zhess\u00e9tek.  <\/p>\n\n<h1 class=\"wp-block-heading\"><strong>Jelent\u0151sebb \u00e9ves esem\u00e9nyek Splitben, Horv\u00e1torsz\u00e1gban: A Yearly Guide<\/strong><\/h1>\n\n<p>Split napt\u00e1ra tele van \u00e9l\u00e9nk fesztiv\u00e1lokkal \u00e9s helyi \u00fcnneps\u00e9gekkel, amelyek eg\u00e9sz \u00e9vben t\u00f6megeket \u00e9s sz\u00ednes embereket vonzanak a v\u00e1rosba. Az al\u00e1bbiakban h\u00f3napr\u00f3l h\u00f3napra \u00e1ttekintj\u00fck Split f\u0151bb \u00e9ves esem\u00e9nyeit &#8211; a t\u00e9li karnev\u00e1lt\u00f3l a ny\u00e1ri zenei fesztiv\u00e1lokig -, bele\u00e9rtve, hogy mikorra esed\u00e9kesek, mire sz\u00e1m\u00edthat, \u00e9s hogyan t\u00e1j\u00e9koz\u00f3djon a parkol\u00e1sr\u00f3l \u00e9s a k\u00f6zleked\u00e9sr\u0151l az egyes alkalmak sor\u00e1n. <\/p>\n\n<h2 class=\"wp-block-heading\"><strong>Febru\u00e1r &#8211; Split Karnev\u00e1l (Karneval)<\/strong><\/h2>\n\n<p><strong>\u00c9vszak:<\/strong> A nagyb\u00f6jt el\u0151tti napok, \u00e1ltal\u00e1ban febru\u00e1rban (). Ez az egyhetes farsangi id\u0151szak minden \u00e9vben hamvaz\u00f3szerda el\u0151tt cs\u00facsosodik ki. <\/p>\n\n<p><strong>Mire sz\u00e1m\u00edthat:<\/strong> Split csatlakozik a t\u00f6bbi tengerparti horv\u00e1t v\u00e1roshoz, ahol <strong>sz\u00ednes felvonul\u00e1sokkal, jelmezekkel \u00e9s utcai bulikkal<\/strong> \u00fcnneplik a karnev\u00e1lt (). A helyiek velencei st\u00edlus\u00fa maszkokat \u00e9s ruh\u00e1kat \u00f6ltenek; az utc\u00e1kat <strong>\u00e1larcosb\u00e1lok, t\u0171zij\u00e1t\u00e9k \u00e9s \u00e9l\u0151zene<\/strong> t\u00f6lti meg (). A hangulat fergeteges \u00e9s csal\u00e1dbar\u00e1t, a hagyom\u00e1nyok, mint p\u00e9ld\u00e1ul a gyermekjelmezes versenyek \u00e9s el\u0151ad\u00e1sok. Sz\u00e1mos esem\u00e9nyt a szabadban tartanak a Riva s\u00e9t\u00e1nyon \u00e9s a t\u00f6rt\u00e9nelmi k\u00f6zpontban, a belv\u00e1ros egyes r\u00e9szeit gyalogos fesztiv\u00e1lz\u00f3n\u00e1v\u00e1 v\u00e1ltoztatva. Ez egy ingyenes nyilv\u00e1nos \u00fcnneps\u00e9g (), amely a l\u00e1togat\u00f3knak \u00edzel\u00edt\u0151t ad a dalm\u00e1t vid\u00e1ms\u00e1gb\u00f3l a nagyb\u00f6jti csend el\u0151tt.    <\/p>\n\n<p><strong>T\u00f6megek \u00e9s forgalom hat\u00e1sa:<\/strong> A karnev\u00e1lt Splitben els\u0151sorban a helyiek \u00e9lvezik, de a turist\u00e1k is sz\u00edvesen l\u00e1tott vend\u00e9gek. <strong>Az utc\u00e1kon t\u00f6megek gy\u0171lnek \u00f6ssze a felvonul\u00e1sokra<\/strong>, k\u00fcl\u00f6n\u00f6sen a nagyb\u00f6jt el\u0151tti h\u00e9tv\u00e9g\u00e9n. A Riva \u00e9s az \u00f3v\u00e1ros <strong>forgalomt\u00f3l mentes, \u00e9l\u00e9nk s\u00e9t\u00e1nyokk\u00e1<\/strong> alakul, ahogy a kocsik \u00e9s a jelmezes csoportok elhaladnak<a href=\"https:\/\/www.tripadvisor.com\/ShowUserReviews-g295370-d553132-r649500025-Riva_Harbor-Split_Split_Dalmatia_County_Dalmatia.html#:~:text=views%20www,wide%2C%20lively%2C%20light%20and\">(s\u00e9t\u00e1l\u00f3utca k\u00e1v\u00e9z\u00f3kkal, \u00e9ttermekkel, kik\u00f6t\u0151i kil\u00e1t\u00e1ssal<\/a>). A felvonul\u00e1sok idej\u00e9n n\u00e9h\u00e1ny <strong>utc\u00e1t lez\u00e1rnak<\/strong>, ami kisebb ker\u00fcl\u0151utakat okoz a k\u00f6zpontban. \u00d6sszess\u00e9g\u00e9ben a forgalomra gyakorolt hat\u00e1s a nagyobb rendezv\u00e9nyekhez k\u00e9pest m\u00e9rs\u00e9kelt, de az \u00d3v\u00e1ros ter\u00fclet\u00e9n a legfontosabb karnev\u00e1li felvonul\u00e1sok idej\u00e9n nem lehet aut\u00f3val k\u00f6zlekedni. Sz\u00e1m\u00edtson lass\u00fa aut\u00f3forgalomra a k\u00f6zpont k\u00f6zel\u00e9ben, mivel az emberek \u00f6z\u00f6nlenek az \u00fcnneps\u00e9gekre. A Riva \u00e9s a Diocletianus-palota k\u00f6zel\u00e9ben a rendezv\u00e9nyek ideje alatt korl\u00e1tozottan lehet majd parkolni.     <\/p>\n\n<p><strong>Parkol\u00e1si \u00e9s k\u00f6zleked\u00e9si tippek:<\/strong><\/p>\n\n<ul class=\"wp-block-list\">\n<li><strong>Tervezzen el\u0151re a parkol\u00e1sra:<\/strong> Ha aut\u00f3val kell j\u00f6nnie, \u00e9rkezzen kor\u00e1n. Az \u00f3v\u00e1ros k\u00f6r\u00fcli f\u0151bb parkol\u00f3helyek (pl. Stari Plac, Man\u0111erova, Trg Hrvatske Bratske Zajednice) gyorsan megtelnek ( <a href=\"https:\/\/splitcityparking.com\/hu\/hol-parkoljon-splitben\/#:~:text=Stari%20Plac%2C%20Manerova%2C%20Vukovarska%2C%20and,Parking%20at%20the\">Hol parkoljon Splitben? Nagy \u00fatmutat\u00f3. <\/a>). Alternat\u00edv megold\u00e1s, ha kicsit t\u00e1volabb parkol (p\u00e9ld\u00e1ul a <strong>Sukoi\u0161an<\/strong> nagy gar\u00e1zsban vagy a Joker Mall gar\u00e1zs\u00e1ban), \u00e9s <strong>bes\u00e9t\u00e1l a k\u00f6zpontba<\/strong>. <\/li>\n\n\n\n<li><strong>Haszn\u00e1lja a t\u00f6megk\u00f6zleked\u00e9st:<\/strong> A Promet Split sz\u00e1mos j\u00e1ratot \u00fczemeltet, amelyek az \u00f3v\u00e1ros k\u00f6zel\u00e9ben \u00e1llnak meg. Ha buszra sz\u00e1llsz vagy gyalog m\u00e9sz a sz\u00e1ll\u00e1shelyedt\u0151l, megsp\u00f3rolhatod a helykeres\u00e9s f\u00e1radalmait. <\/li>\n\n\n\n<li><strong>Ride-Sharing \u00e9s taxik:<\/strong> Splitben Uber \u00e9s helyi taxiszolg\u00e1ltat\u00e1sok m\u0171k\u00f6dnek. A karnev\u00e1li felvonul\u00e1sok idej\u00e9n az <strong>\u00fatlez\u00e1r\u00e1sok miatt el\u0151fordulhat, hogy a taxiknak n\u00e9h\u00e1ny h\u00e1zt\u00f6mbnyire kell lesz\u00e1llniuk<\/strong> a k\u00f6zpontb\u00f3l. A k\u00f6zvetlen \u00f3v\u00e1roson k\u00edv\u00fcl \u00e1ltal\u00e1ban k\u00f6nny\u0171 taxit vagy Ubert fogni, de vegye figyelembe, hogy ha az utc\u00e1kat lez\u00e1rt\u00e1k, r\u00f6vid s\u00e9t\u00e1val j\u00e1rhat. (Ha taxit haszn\u00e1l, gy\u0151z\u0151dj\u00f6n meg r\u00f3la, hogy a sof\u0151r a taxi\u00f3r\u00e1t haszn\u00e1lja a m\u00e9lt\u00e1nyos d\u00edj meg\u00e1llap\u00edt\u00e1s\u00e1hoz<a href=\"https:\/\/split.gg\/ultra-europe-survival-guide\/#:~:text=I%20don%E2%80%99t%20recommend%20taking%20taxi,gives%20you%20a%20fair%20price\">(Ultra Europe Survival Guide &#8211; Split Croatia Travel Guide<\/a>). A z\u00f6kken\u0151mentes utaz\u00e1s \u00e9rdek\u00e9ben fontolja meg, hogy a <strong>\u0110ardin Park<\/strong> vagy a <strong>Zrinsko-Frankopanska<\/strong> utca k\u00f6zel\u00e9ben sz\u00e1lljon ki, amelyek 5 perces s\u00e9t\u00e1ra vannak a Riva-t\u00f3l, de a z\u00e1rlaton k\u00edv\u00fcl vannak.   <\/li>\n<\/ul>\n\n<h2 class=\"wp-block-heading\"><strong>M\u00e1jus &#8211; Szent Domnius \u00fcnnepe (Sudamja)<\/strong><\/h2>\n\n<p><strong>\u00c9vszak:<\/strong><a href=\"https:\/\/visitsplit.com\/en\/6735\/sudamja-2024-feast-of-st-domnius-and-the-day-of-the-city-of-split#:~:text=The%20City%20of%20Split%C2%A0celebrates%20its%C2%A0Day,St.%20Duje\">Domnius \u00fcnnepe \u00e9s Split v\u00e1ros\u00e1nak napja<\/a>: \u00c9vente <strong>m\u00e1jus 7-\u00e9n<\/strong>, az \u00fcnneps\u00e9gek m\u00e1jus els\u0151 het\u00e9n tartanak(Turisti\u010dka zajednica grada Splita &#8211; SUDAMJA 2024 &#8211; Szent Domnius \u00fcnnepe \u00e9s Split v\u00e1ros\u00e1nak napja). Ez a d\u00e1tum Split v\u00e9d\u0151szentj\u00e9nek napja \u00e9s a v\u00e1ros hivatalos napja. <\/p>\n\n<p><strong>Mire sz\u00e1m\u00edthat:<\/strong> <strong>Sudamja<\/strong> (ahogy a helyiek nevezik) az <strong>egyik legfontosabb nap Split polg\u00e1rai sz\u00e1m\u00e1ra<\/strong><a href=\"https:\/\/antique-split.com\/sudamja\/#:~:text=The%20celebration%20of%20St,of%20the%20city%20of%20Split\">(Sudamja &#8211; Heritage Hotel Antique Split<\/a>). Ha h\u00e9tk\u00f6znapra esik, az iskol\u00e1k bez\u00e1rnak, \u00e9s sok v\u00e1llalkoz\u00e1s szabadnapot ad, hogy mindenki \u00fcnnepelhessen<a href=\"https:\/\/antique-split.com\/sudamja\/#:~:text=The%20celebration%20of%20St,of%20the%20city%20of%20Split\">(Sudamja &#8211; Heritage Hotel Antique Split<\/a>). Az \u00fcnnep a vall\u00e1si hagyom\u00e1nyokat \u00f6tv\u00f6zi a v\u00e1rosi \u00fcnneps\u00e9gekkel. A reggel <strong>\u00fcnnep\u00e9lyes szentmis\u00e9vel \u00e9s nagy k\u00f6rmenettel<\/strong> kezd\u0151dik: a paps\u00e1g \u00e9s a h\u00edvek Szent Domnius erekly\u00e9it a sz\u00e9kesegyh\u00e1zb\u00f3l a Diocletianus-palot\u00e1b\u00f3l kivonulva az utc\u00e1kon kereszt\u00fcl a Riva v\u00edzpartj\u00e1n fel\u00e1ll\u00edtott szabadt\u00e9ri olt\u00e1rhoz viszik<a href=\"https:\/\/antique-split.com\/sudamja\/#:~:text=Sudamja%20lasts%20the%20whole%20day,to%20celebrate%20the%20Holy%20Mass\">(Sudamja &#8211; Heritage Hotel Antique Split<\/a>). A lakosok ezrei csatlakoznak ehhez a k\u00f6rmenethez vagy n\u00e9zik meg azt. A vall\u00e1si szertart\u00e1s ut\u00e1n a hangulat \u00fcnnepi hangulatba fordul. A Riva v\u00edzpartja ny\u00fczsg\u0151 <strong>utcai v\u00e1s\u00e1rr\u00e1<\/strong> v\u00e1lik, ahol a helyi \u00e9teleket, \u00e9dess\u00e9geket \u00e9s hagyom\u00e1nyos j\u00e1t\u00e9kokat \u00e1rus\u00edt\u00f3 standok tal\u00e1lhat\u00f3k<a href=\"https:\/\/antique-split.com\/sudamja\/#:~:text=If%20you%20find%20yourself%20in,red%2C%20yellow%20and%20blue%20colours\">(Sudamja &#8211; Heritage Hotel Antique Split)<\/a>. Kedvelt szok\u00e1s, hogy a v\u00e1s\u00e1ri standokn\u00e1l <strong>eml\u00e9kbe val\u00f3 f\u00e1b\u00f3l k\u00e9sz\u00fclt &#8222;klepetu\u0161a&#8221;<\/strong> (csattog\u00f3, kerekeken gurul\u00f3 mad\u00e1rj\u00e1t\u00e9k) vagy m\u00e1s csecsebecs\u00e9ket v\u00e1s\u00e1rolnak &#8211; nosztalgikus csemege a helyi csal\u00e1dok sz\u00e1m\u00e1ra<a href=\"https:\/\/antique-split.com\/sudamja\/#:~:text=If%20you%20find%20yourself%20in,red%2C%20yellow%20and%20blue%20colours\">(Sudamja &#8211; Heritage Hotel Antique Split)<\/a>. D\u00e9lut\u00e1n a helyiek \u00f6sszegy\u0171lnek a Riva partj\u00e1n egy \u00f3ri\u00e1si <strong>tombol\u00e1ra (tombola<\/strong>), ahol <em>&#8222;eg\u00e9sz Split&#8221;<\/em> \u00f6sszegy\u0171lik, hogy kih\u00fazz\u00e1k a sz\u00e1mokat \u00e9s nyerem\u00e9nyeket nyerjenek<a href=\"https:\/\/antique-split.com\/sudamja\/#:~:text=Another%20local%20experience%20would%20be,to%20cross%20out%20their%20numbers\">(Sudamja &#8211; Heritage Hotel Antique Split<\/a>).         Az \u00fcnneps\u00e9g az \u00e9jszak\u00e1ba ny\u00fal\u00f3an folytat\u00f3dik, a <strong>Riva part<\/strong> j\u00e1n n\u00e9pszer\u0171 horv\u00e1t el\u0151ad\u00f3k <strong>ingyenes koncertjeivel<\/strong> \u00e9s egy nagyszab\u00e1s\u00fa t\u0171zij\u00e1t\u00e9kkal<a href=\"https:\/\/visitsplit.com\/en\/6735\/sudamja-2024-feast-of-st-domnius-and-the-day-of-the-city-of-split#:~:text=Location%3A%C2%A0Riva\">(Turisti\u010dka zajednica grada Splita &#8211; SUDAMJA 2024 &#8211; Szent Domnius \u00fcnnepe \u00e9s Split v\u00e1ros napja<\/a>). A Sudamja a tisztelet \u00e9s a mulatoz\u00e1s kever\u00e9k\u00e9t k\u00edn\u00e1lja &#8211; az \u0151si vall\u00e1si szertart\u00e1st\u00f3l a k\u00f6z\u00f6ss\u00e9gi dalm\u00e1t buliz\u00e1sig &#8211; egyetlen nap alatt. <\/p>\n\n<p><strong>T\u00f6megek \u00e9s forgalom hat\u00e1sa:<\/strong> A Sudamja <strong>gyakorlatilag az eg\u00e9sz v\u00e1rost<\/strong>, valamint sok l\u00e1togat\u00f3t vonz a k\u00f6rnyez\u0151 ter\u00fcletekr\u0151l. Az esti koncertekre \u00e9s t\u0171zij\u00e1t\u00e9kra t\u00f6bb <strong>t\u00edzezer ember<\/strong> tolong a Riva partj\u00e1n<a href=\"https:\/\/www.visit-croatia.co.uk\/croatia-destinations\/split\/events-split\/#:~:text=New%20Year%E2%80%99s%20Eve%20is%20also,the%20Split%20Tourist%20Office%20website\">(Events in Split 2025 &#8211; Carnival, music, sport, film &#8211; Visit Croatia<\/a>). A forgalom a v\u00e1rosk\u00f6zpontban \u00e9s k\u00f6rny\u00e9k\u00e9n nagym\u00e9rt\u00e9kben \u00e9rintett. Reggel a <strong>felvonul\u00e1si \u00fatvonalat<\/strong> (a katedr\u00e1lis a Z\u00f6ldpiacon kereszt\u00fcl a Riva fel\u00e9) t\u00f6bb \u00f3r\u00e1ra <strong>lez\u00e1rj\u00e1k a j\u00e1rm\u0171vek el\u0151l<\/strong>. A szabadt\u00e9ri mise \u00e9s a felvonul\u00e1s idej\u00e9re a belv\u00e1ros f\u0151bb \u00fatjait lez\u00e1rj\u00e1k. A nap folyam\u00e1n a v\u00edzparthoz k\u00f6zeli utc\u00e1kon torl\u00f3d\u00e1sok alakulnak ki, mivel az emberek j\u00f6nnek-mennek. D\u00e9lut\u00e1nra a belv\u00e1rosban m\u00e1r nem lehet k\u00f6zlekedni &#8211; a gyalogosok puszta t\u00f6mege miatt a ter\u00fcletet gyakorlatilag gyalogosokk\u00e1 teszik. <strong>A belv\u00e1rosban rendk\u00edv\u00fcl kev\u00e9s a parkol\u00f3hely<\/strong> (sok helyi lakos meg sem pr\u00f3b\u00e1l vezetni ezen a napon). Ha Splitben sz\u00e1ll meg, \u00e9szreveheti, hogy a szok\u00e1sos ny\u00fczsg\u00e9st felv\u00e1ltja a gyalogos \u00fcnnepi t\u00f6meg. Sz\u00e1m\u00edtson k\u00e9s\u00e9sekre a k\u00f6zpontba vezet\u0151 utakon, \u00e9s sz\u00e1m\u00edtson arra, hogy a szok\u00e1sos forgalmi rend csak k\u00e9s\u0151 este vagy m\u00e1snap t\u00e9r vissza.       <\/p>\n\n<p><strong>Parkol\u00e1si \u00e9s k\u00f6zleked\u00e9si tippek:<\/strong><\/p>\n\n<ul class=\"wp-block-list\">\n<li><strong>Ker\u00fclje az \u00f3v\u00e1rosba val\u00f3 behajt\u00e1st:<\/strong> Ha Split k\u00fclv\u00e1ros\u00e1b\u00f3l \u00e9rkezik, vagy a k\u00fclv\u00e1rosban sz\u00e1ll meg, b\u00f6lcsen teszi, ha m\u00e1jus 7-\u00e9n <strong>a k\u00f6zponton k\u00edv\u00fcl hagyja az aut\u00f3j\u00e1t<\/strong>. Az \u00fatlez\u00e1r\u00e1sok \u00e9s a dug\u00f3k szinte lehetetlenn\u00e9 teszik a Riva fel\u00e9 val\u00f3 k\u00f6zleked\u00e9st. Ehelyett parkoljon t\u00e1volabb, \u00e9s s\u00e9t\u00e1ljon vagy haszn\u00e1lja a t\u00f6megk\u00f6zleked\u00e9st (\u00e9lvezze a s\u00e9t\u00e1t &#8211; \u00fatk\u00f6zben az utc\u00e1k hangulat\u00e1t is megtapasztalhatja).  <\/li>\n\n\n\n<li><strong>Strat\u00e9giai parkol\u00f3helyek:<\/strong> Innen kb. 15-20 perc s\u00e9ta a Riva. Egy m\u00e1sik lehet\u0151s\u00e9g a <strong>Kopilica parkol\u00f3<\/strong> ja a kompkik\u00f6t\u0151 k\u00f6zel\u00e9ben (a belv\u00e1rost\u00f3l \u00e9szakra), ahonnan kb. 20 perc s\u00e9ta vagy r\u00f6vid busz\u00fat az \u00f3v\u00e1rosig<a href=\"https:\/\/www.splitbusparking.com\/#:~:text=ACORUS%20PARKING%20CAR%2C%20BUS%20%26,and%20camper%20spaces%20are%20provided\">(ACORUS PARKOL\u00c1S AUT\u00d3, BUSZ \u00c9S CAMPER SPLIT<\/a>). Ha ezeken a ter\u00fcleteken parkol, elker\u00fclheti a legintenz\u00edvebb torl\u00f3d\u00e1sokat.  <\/li>\n\n\n\n<li><strong>Haszn\u00e1lja a nyilv\u00e1nos buszokat:<\/strong> A Promet Split (a helyi buszv\u00e1llalat) extra buszokat ind\u00edt a n\u00e9pszer\u0171 \u00fatvonalakon, ha nagy rendezv\u00e9nyek vannak. A v\u00e1rosk\u00f6zpontot kiszolg\u00e1l\u00f3 j\u00e1ratok (pl. a Split k\u00fclv\u00e1rosaib\u00f3l vagy a k\u00f6zeli v\u00e1rosokb\u00f3l indul\u00f3 j\u00e1ratok) a parkol\u00e1si gondok n\u00e9lk\u00fcl juttatj\u00e1k el \u00d6nt az esem\u00e9nyek k\u00f6zel\u00e9be. A f\u0151 buszp\u00e1lyaudvar \u00e9s a Z\u00f6ld Piac (Pazar) melletti helyi buszmeg\u00e1ll\u00f3k mind\u00f6ssze n\u00e9h\u00e1ny perc s\u00e9t\u00e1ra vannak a Riv\u00e1t\u00f3l.  <\/li>\n\n\n\n<li><strong>Taxik \u00e9s fuvarmegoszt\u00e1s:<\/strong> Vegye figyelembe, hogy az \u00fatlez\u00e1r\u00e1sok miatt a <strong>sof\u0151r\u00f6k csak egy bizonyos t\u00e1vols\u00e1gig tudnak megk\u00f6zel\u00edteni<\/strong>. A gyalogos z\u00f3na sz\u00e9l\u00e9n\u00e9l kell kisz\u00e1llni &#8211; p\u00e9ld\u00e1ul a k\u00f6vetkez\u0151 helyen.   <strong>Sv. Frane templom <\/strong>  vagy a <strong>Zvonimirova utc\u00e1ban<\/strong> a piac k\u00f6zel\u00e9ben. A t\u0171zij\u00e1t\u00e9k \u00e9s a koncertek ut\u00e1n rendk\u00edv\u00fcl nagy lesz a kereslet az utakra. B\u00f6lcs dolog lehet, ha a Riv\u00e1t\u00f3l kiss\u00e9 t\u00e1volabbra <strong>szervez\u00fcnk egy felv\u00e9telt<\/strong> (a kompkik\u00f6t\u0151t\u0151l vagy a Gunduli\u0107eva gimn\u00e1ziumt\u00f3l nem messze l\u00e9v\u0151 hely lehet el\u00e9rhet\u0151 az aut\u00f3k sz\u00e1m\u00e1ra). Ellenkez\u0151 esetben k\u00e9sz\u00fclj\u00f6n fel arra, hogy kiv\u00e1rja, vagy els\u00e9t\u00e1l az \u00fcnneps\u00e9gr\u0151l &#8211; sok helyb\u00e9li egyszer\u0171en hazas\u00e9t\u00e1l a bar\u00e1taival a k\u00e9s\u0151 esti utc\u00e1kon kereszt\u00fcl.   <\/li>\n<\/ul>\n\n<h2 class=\"wp-block-heading\"><strong>J\u00falius &#8211; Ultra Europe zenei fesztiv\u00e1l<\/strong><\/h2>\n\n<p><strong>\u00c9vszak:<\/strong><a href=\"https:\/\/split.gg\/ultra-europe-survival-guide\/#:~:text=Ultra%20Europe%202024%20Croatia%3A%20Schedule\">(Ultra Europe Survival Guide &#8211; Split Croatia Travel Guide<\/a>) (). Az Ultra Europe 2025 p\u00e9ld\u00e1ul j\u00falius 11-13-ra van kit\u0171zve<a href=\"https:\/\/ultraeurope.com\/travel\/transfers\/#:~:text=July%2011%2C%2012%2C%2013%20%E2%80%94,2025%20Park%20Mlade%C5%BEi%20Split%2C%20Croatia\">(Transfers &#8211; Ultra Europe July 11, 12, 13 &#8211; 2025<\/a>). <\/p>\n\n<p><strong>Mire sz\u00e1m\u00edthat:<\/strong> Az <strong>Ultra Europe<\/strong> Eur\u00f3pa egyik legjelent\u0151sebb szabadt\u00e9ri elektronikus zenei fesztiv\u00e1lja, amely Splitet glob\u00e1lis bulihelysz\u00ednn\u00e9 tette. A fesztiv\u00e1l h\u00e1rom \u00e9jszak\u00e1n \u00e1t a <strong>vil\u00e1g legjobb EDM DJ-i \u00e9s producerei<\/strong>, l\u00e1tv\u00e1nyos sz\u00ednpadk\u00e9pek \u00e9s stadion m\u00e9ret\u0171 f\u00e9nyshow-k v\u00e1rj\u00e1k a l\u00e1togat\u00f3kat<a href=\"https:\/\/ultraeurope.com\/#:~:text=Ultra%20Europe%20,designs%20and%20top%20tier%20production\">(Ultra Europe &#8211; j\u00falius 11, 12, 13 &#8211; 2025<\/a>) (). A f\u0151 esem\u00e9nyt a <strong>Park Mlade\u017ei stadionban<\/strong> (egy szabadt\u00e9ri helysz\u00edn Splitben) () tartj\u00e1k, t\u00f6bb sz\u00ednpadon elektronikus, house \u00e9s techno zen\u00e9t pump\u00e1lnak. A r\u00e9sztvev\u0151k &#8211; akiket gyakran <em>&#8222;Ultranaut\u00e1knak<\/em> &#8221; neveznek &#8211; a vil\u00e1g minden t\u00e1j\u00e1r\u00f3l \u00e9rkeznek, sokan fesztiv\u00e1lruh\u00e1ba \u00f6lt\u00f6zve \u00e9s nemzeti z\u00e1szl\u00f3kat lengetve, vibr\u00e1l\u00f3, energikus hangulatot teremtve. A spliti f\u0151 koncertek mellett az Ultra Europe \u00e1ltal\u00e1ban a f\u0151 fesztiv\u00e1l el\u0151tt vagy ut\u00e1n a <strong>k\u00f6zeli szigeteken<\/strong> (pl. Hvaron vagy Bra\u010don a tengerparti partikon <strong>) extra bulikat<\/strong> is tart<a href=\"https:\/\/split.gg\/ultra-europe-survival-guide\/#:~:text=%2A%20July%208,view%20on%20Google%20Maps\">(Ultra Europe Survival Guide &#8211; Split Croatia Travel Guide<\/a>), \u00edgy gyakorlatilag egy eg\u00e9sz <em>Ultra-h\u00e9tnyi<\/em> esem\u00e9nyt tartanak. Ez az \u00e9v legnagyobb zenei esem\u00e9nye Splitben, \u00e9s az eur\u00f3pai ny\u00e1ri fesztiv\u00e1lk\u00f6r\u00fat egyik cs\u00facspontja.     <\/p>\n\n<p><strong>T\u00f6megek \u00e9s l\u00e1togat\u00f3k:<\/strong> Ultra Europe <strong>hatalmas t\u00f6meget<\/strong> vonz. Minden \u00e9vben <strong>k\u00f6r\u00fclbel\u00fcl 100 000 vagy ann\u00e1l is t\u00f6bb r\u00e9sztvev\u0151<\/strong> \u00e9rkezik Splitbe a fesztiv\u00e1lra<a href=\"https:\/\/split.gg\/ultra-europe-survival-guide\/#:~:text=Ultra%20week%20in%20Croatia%20has,cause%20additional%20chaos%20and%20confusion\">(Ultra Europe Survival Guide &#8211; Split Croatia Travel Guide<\/a>)<a href=\"https:\/\/www.visit-croatia.co.uk\/croatia-destinations\/split\/events-split\/#:~:text=Ultra%20Europe%C2%A0is%20back%20for%202025%2C,11th%20to%2013th%20July%202025\">(Events in Split 2025 &#8211; Carnival, music, sport, film &#8211; Visit Croatia<\/a>). 2019-ben az Ultra k\u00f6lt\u00f6z\u00e9se a Mlade\u017ei parkba lehet\u0151v\u00e9 tette, hogy a kapacit\u00e1s <strong>\u00e9jszak\u00e1nk\u00e9nt 55 000 fesztiv\u00e1loz\u00f3ra<\/strong> b\u0151v\u00fclj\u00f6n<a href=\"https:\/\/total-croatia-news.com\/lifestyle\/park-mladezi\/#:~:text=Park%20Mlade%C5%BEi%20is%2015%2C000%20square,production%20elements%2C%20such%20as%201000\">(Park Mlade\u017ei, A New Chapter for Ultra Europe in Split &#8211; Total Croatia<\/a>), \u00e9s a legut\u00f3bbi kiad\u00e1sokon <strong>150 000-n\u00e9l t\u00f6bb zenebar\u00e1tot<\/strong> l\u00e1ttak a h\u00e1rom nap alatt<a href=\"https:\/\/ultraeurope.com\/worldwide\/ultra-europe-concludes-ninth-edition-in-split-croatia-with-attendees-from-140-countries\/#:~:text=ULTRA%20Europe%20concludes%20ninth%20edition,of%20Ultranauts%20from%20around\">(ULTRA Europe concludes ninth edition in Split, Croatia with &#8230;<\/a>). Ezek a r\u00e9sztvev\u0151k t\u00f6bb mint 140 orsz\u00e1gb\u00f3l \u00e9rkeztek<a href=\"https:\/\/ultraeurope.com\/worldwide\/ultra-europe-concludes-incredible-third-edition\/#:~:text=five%20momentous%20events%20across%20four,equally%20stunning%20locations%20on\">(Ultra Europe Concludes Incredible Third Edition<\/a>), \u00edgy Split kozmopolita buliz\u00f3n\u00e1v\u00e1 v\u00e1lt. A sz\u00e1llod\u00e1k, hostelek \u00e9s apartmanok h\u00f3napokkal el\u0151re elkelnek, \u00e9s a v\u00e1ros lakoss\u00e1ga az Ultra idej\u00e9n \u00e9rezhet\u0151en megduzzad. A hangulat mindenhol fiatalos \u00e9s \u00e9l\u00e9nk &#8211; napk\u00f6zben zs\u00fafolt strandokra, eg\u00e9sz h\u00e9ten pedig elektromos \u00e9jszakai \u00e9letre sz\u00e1m\u00edthatsz. (Ha ink\u00e1bb a csendes v\u00e1rosn\u00e9z\u00e9st kedveli, vegye figyelembe, hogy <strong>j\u00falius k\u00f6zepe a f\u0151szezon, \u00e9s az Ultra &#8222;l\u00e1togat\u00f3k hord\u00e1it&#8221; hozza<\/strong> &#8211; val\u00f3sz\u00edn\u0171leg nem a megfelel\u0151 h\u00e9t egy nyugodt \u00f3v\u00e1rosi s\u00e9t\u00e1hoz<a href=\"https:\/\/split.gg\/ultra-europe-survival-guide\/#:~:text=Accommodation%20in%20Split%20is%20almost,loving%20tourists\">(Ultra Europe Survival Guide &#8211; Split Croatia Travel Guide<\/a>)!). Maga a fesztiv\u00e1l minden \u00e9jszaka kora reggelig tart (a fell\u00e9p\u00e9sek gyakran hajnali 5 ut\u00e1n is tartanak), \u00edgy hajnalban emberek t\u00edzezrei \u00f6z\u00f6nlenek az utc\u00e1kra, \u00edgy a v\u00e1ros szinte \u00e9jjel-nappal pezseg ebben az id\u0151szakban.      <\/p>\n\n<p><strong>Forgalmi hat\u00e1s:<\/strong> A fesztiv\u00e1loz\u00f3k be\u00e1raml\u00e1sa jelent\u0151sen <strong>megterheli Split k\u00f6zleked\u00e9si infrastrukt\u00far\u00e1j\u00e1t<\/strong>. Az Ultra-h\u00e9t alatt &#8222;elk\u00e9pzelhet\u0151, hogy a 7 nap alatt \u00e9rkez\u0151 100 000 ember tov\u00e1bbi k\u00e1oszt \u00e9s z\u0171rzavart okozhat&#8221;<a href=\"https:\/\/split.gg\/ultra-europe-survival-guide\/#:~:text=Ultra%20week%20in%20Croatia%20has,cause%20additional%20chaos%20and%20confusion\">(Ultra Europe Survival Guide &#8211; Split Croatia Travel Guide<\/a>). <strong>A helysz\u00edn k\u00f6r\u00fcli utak (Park Mlade\u017ei \u00e9s Poljud ter\u00fcletek)<\/strong> zs\u00fafoltak, k\u00fcl\u00f6n\u00f6sen a rendezv\u00e9ny kezdet\u00e9nek (esti) \u00e9s v\u00e9g\u00e9nek (hajnal el\u0151tti) id\u0151pontj\u00e1ban. Az eml\u00edtett v\u00e1rosr\u00e9szek helyi utc\u00e1it ideiglenesen lez\u00e1rhatj\u00e1k vagy a rend\u0151rs\u00e9g ir\u00e1ny\u00edthatja a t\u00f6meg biztons\u00e1ga \u00e9rdek\u00e9ben. Amikor a zene minden este v\u00e9get \u00e9r, <strong>a r\u00e9sztvev\u0151k ezrei \u00e1rasztj\u00e1k el a k\u00f6rnyez\u0151 utc\u00e1kat<\/strong>, ami forgalmi dug\u00f3khoz \u00e9s nagyon lassan halad\u00f3 j\u00e1rm\u0171vekhez vezet. Egy fesztiv\u00e1loz\u00f3 megjegyezte, hogy hajnali 5 \u00f3rakor a helysz\u00edn el\u0151tt &#8222;k\u00e1osz uralkodott az utc\u00e1kon&#8221; (    <a href=\"https:\/\/www.reddit.com\/r\/UMF\/comments\/12gem43\/looking_for_advice_about_ultra_europe_and_getting\/#:~:text=match%20at%20L608%20I%20left,the%20cool%20peeps%20leaving%20festival\">Tan\u00e1csokat keresek az Ultra Europe \u00e9s a spliti k\u00f6zleked\u00e9ssel kapcsolatban! : r\/UMF <\/a>) &#8211; sz\u00e1m\u00edtson arra, hogy gyakorlatilag zs\u00fafolt lesz, mivel mindenki egyszerre pr\u00f3b\u00e1l t\u00e1vozni. Az Ultra h\u00e9tv\u00e9g\u00e9j\u00e9n Split belv\u00e1ros\u00e1ban is eg\u00e9sz nap nagyobb a forgalom; a taxik \u00e9s buszok folyamatosan sz\u00e1ll\u00edtj\u00e1k a fesztiv\u00e1loz\u00f3kat, \u00e9s sok l\u00e1togat\u00f3 robog\u00f3t vagy aut\u00f3t b\u00e9rel, hogy k\u00f6zlekedjen, ami tov\u00e1bb n\u00f6veli a torl\u00f3d\u00e1sokat. <strong>A parkol\u00e1s a belv\u00e1rosban \u00e9s a Mlade\u017ei park k\u00f6zel\u00e9ben rendk\u00edv\u00fcl korl\u00e1tozott<\/strong> &#8211; sok utc\u00e1ban tilos a parkol\u00e1s, vagy az esem\u00e9ny szem\u00e9lyzete sz\u00e1m\u00e1ra van fenntartva, \u00e9s a rendelkez\u00e9sre \u00e1ll\u00f3 nyilv\u00e1nos parkol\u00f3k nagyon kor\u00e1n megtelnek. \u00d6sszess\u00e9g\u00e9ben az Ultra idej\u00e9n Splitben <strong>a forgalom az \u00e9v cs\u00facspontj\u00e1n<\/strong> van. A v\u00e1rosi tisztvisel\u0151k \u00e9s a szervez\u0151k int\u00e9zked\u00e9seket tesznek (p\u00e9ld\u00e1ul extra t\u00f6megk\u00f6zleked\u00e9st \u00e9s k\u00f6zleked\u00e9si rend\u0151r\u00f6ket) a k\u00e1osz enyh\u00edt\u00e9s\u00e9re, de sz\u00e1m\u00edtson k\u00e9s\u00e9sekre, \u00e9s lehet\u0151leg ne vezessen a helysz\u00edn k\u00f6zel\u00e9ben.   <\/p>\n\n<p><strong>Parkol\u00e1si \u00e9s k\u00f6zleked\u00e9si tippek:<\/strong><\/p>\n\n<ul class=\"wp-block-list\">\n<li><strong>Ne vezessen a fesztiv\u00e1l ter\u00fclet\u00e9re:<\/strong> A Mlade\u017ei Parkban <em>nincs<\/em> hivatalos nyilv\u00e1nos parkol\u00f3hely az Ultra sz\u00e1m\u00e1ra. A k\u00f6rnyez\u0151 utc\u00e1k le lesznek z\u00e1rva vagy tele lesznek. A legjobb, ha <strong>a sz\u00e1ll\u00e1sodon<\/strong> vagy a k\u00fclv\u00e1rosban <strong>hagyod az aut\u00f3dat<\/strong>, \u00e9s m\u00e1s m\u00f3don jutsz el a helysz\u00ednre. Ha a k\u00f6zelben pr\u00f3b\u00e1lsz parkolni, az val\u00f3sz\u00edn\u0171leg frusztr\u00e1ci\u00f3hoz vagy nagyon hossz\u00fa s\u00e9t\u00e1hoz vezet egy t\u00e1voli helyr\u0151l.   <\/li>\n\n\n\n<li><strong>Fesztiv\u00e1l buszj\u00e1ratok:<\/strong> Haszn\u00e1lja ki az <strong>Ultra Europe Festival Shuttle<\/strong> szolg\u00e1ltat\u00e1st<a href=\"https:\/\/ultraeurope.com\/travel\/transfers\/#:~:text=Festival%20Shuttle\">(Transzferek &#8211; Ultra Europe j\u00falius 11, 12, 13 &#8211; 2025<\/a>). Az Ultra olyan buszj\u00e1ratokat szervez, amelyek a helysz\u00edn \u00e9s Split legfontosabb pontjai k\u00f6z\u00f6tt hurokszer\u0171en k\u00f6zlekednek (s\u0151t, ak\u00e1r a n\u00e9pszer\u0171 sz\u00e1ll\u00e1svid\u00e9kek \u00e9s a rep\u00fcl\u0151t\u00e9r fel\u00e9 is). Ez a transzfer <strong>megfizethet\u0151 \u00e9s korl\u00e1tlanul utazhatsz<\/strong> egy b\u00e9rlettel<a href=\"https:\/\/ultraeurope.com\/travel\/transfers\/#:~:text=The%20Festival%20Shuttle%20bus%20service,looking%20to%20reach%20one%20of\">(Transzferek &#8211; Ultra Europe j\u00falius 11, 12, 13 &#8211; 2025<\/a>) &#8211; rendk\u00edv\u00fcl k\u00e9nyelmes m\u00f3dja az Ultra alatt val\u00f3 k\u00f6zleked\u00e9snek. A transzfer meg\u00e1ll\u00f3k sz\u00e1mos sz\u00e1llod\u00e1t\u00f3l \u00e9s apartmant\u00f3l s\u00e9tat\u00e1vols\u00e1gra tal\u00e1lhat\u00f3k, a f\u0151 transzfer csom\u00f3pont pedig a fesztiv\u00e1l helysz\u00edn\u00e9nek k\u00f6zel\u00e9ben tal\u00e1lhat\u00f3<a href=\"https:\/\/ultraeurope.com\/travel\/transfers\/#:~:text=around%20Split%2C%20not%20only%20within,friendly%20rides\">(Transzferek &#8211; Ultra Europe j\u00falius 11, 12, 13 &#8211; 2025<\/a>). Ezek a buszok a rendezv\u00e9ny menetrendj\u00e9hez igazodva k\u00e9s\u0151 \u00e9jszak\u00e1ig k\u00f6zlekednek.    <\/li>\n\n\n\n<li><strong>V\u00e1rosi buszok:<\/strong> A hivatalos buszj\u00e1ratokon k\u00edv\u00fcl Split rendszeres v\u00e1rosi buszai is felp\u00f6rgetik szolg\u00e1ltat\u00e1saikat az Ultra sz\u00e1m\u00e1ra. A fesztiv\u00e1l ideje alatt t\u00f6bb tucatnyi <strong>tov\u00e1bbi busz indul a stadion ter\u00fclet\u00e9re \u00e9s onnan eg\u00e9sz nap \u00e9s \u00e9jszaka<\/strong><a href=\"https:\/\/split.gg\/ultra-europe-survival-guide\/#:~:text=Traveling%20around%20Split%20by%20bus,Kastel%2C%20Seget%2C%20Stobrec%2C%20Solin%2C%20Podstrana\">(Ultra Europe Survival Guide &#8211; Split Croatia Travel Guide<\/a>). A j\u00e1ratok a k\u00f6zeli v\u00e1rosokba (Ka\u0161tela, Solin, Stobre\u010d stb.) is k\u00f6zlekednek<a href=\"https:\/\/split.gg\/ultra-europe-survival-guide\/#:~:text=Traveling%20around%20Split%20by%20bus,Kastel%2C%20Seget%2C%20Stobrec%2C%20Solin%2C%20Podstrana\">(Ultra Europe Survival Guide &#8211; Split Croatia Travel Guide<\/a>), \u00edgy ha nem Splitben sz\u00e1llt\u00e1l meg, akkor is be tudsz menni busszal a koncertre. N\u00e9zd meg a Promet Split Ultra menetrendj\u00e9t &#8211; a buszok ezeken a napokon gyakran a szok\u00e1sos \u00e9jf\u00e9l ut\u00e1ni id\u0151pontban is k\u00f6zlekednek. A buszoz\u00e1s olcs\u00f3, \u00e9s elker\u00fclheti a dug\u00f3t (a buszok kijel\u00f6lt meg\u00e1ll\u00f3kkal rendelkeznek a Park Mlade\u017eit\u0151l r\u00f6vid s\u00e9t\u00e1ra).    <\/li>\n\n\n\n<li><strong>Gyalog (a legjobb a k\u00f6zeli sz\u00e1ll\u00e1shoz):<\/strong> Ha Split k\u00f6zpontj\u00e1ban vagy a helysz\u00ednt\u0151l n\u00e9h\u00e1ny kilom\u00e9teres k\u00f6rzetben sz\u00e1llsz meg, <strong>gyakran a gyalogl\u00e1s a leggyorsabb m\u00f3dja annak,<\/strong> hogy eljuss az Ultr\u00e1hoz. Sok r\u00e9sztvev\u0151 csak az\u00e9rt foglal sz\u00e1ll\u00e1st a v\u00e1rosban, hogy s\u00e9t\u00e1lni tudjon &#8211; \u00e9s val\u00f3ban, a gyalogos t\u00e1vols\u00e1g <em>&#8222;\u00e9letment\u0151&#8221;<\/em> a t\u00f6megben val\u00f3 eligazod\u00e1shoz ( <a href=\"https:\/\/www.reddit.com\/r\/UMF\/comments\/12gem43\/looking_for_advice_about_ultra_europe_and_getting\/#:~:text=match%20at%20L608%20I%20left,the%20cool%20peeps%20leaving%20festival\">Tan\u00e1csokat keresek az Ultra Europe \u00e9s a spliti k\u00f6zleked\u00e9ssel kapcsolatban! : r\/UMF <\/a>). A helysz\u00edn kb. 1,5 km-re \u00e9szakra tal\u00e1lhat\u00f3 az \u00f3v\u00e1rost\u00f3l (20-30 perc gyalog). Hajnali 5 \u00f3rakor a fesztiv\u00e1loz\u00f3k t\u00f6meg\u00e9vel egy\u00fctt visszas\u00e9t\u00e1lni val\u00f3ban sz\u00f3rakoztat\u00f3 \u00e9s biztons\u00e1gos \u00e9lm\u00e9ny lehet (\u00e9s elker\u00fclheted a dug\u00f3ban \u00fcl\u00e9st).  <\/li>\n\n\n\n<li><strong>Taxik \u00e9s fuvarmegoszt\u00e1s:<\/strong> A taxik \u00e9s Ubersz\u00e1ll\u00e1sok b\u0151s\u00e9gesen vannak Splitben, de az Ultra idej\u00e9n <strong>nagyon nagy lesz r\u00e1juk a kereslet<\/strong>. Ha ilyet kell ig\u00e9nybe vennie, sz\u00e1moljon a koncertek v\u00e9gezt\u00e9vel t\u00fal magas \u00e1rakkal \u00e9s hossz\u00fa v\u00e1rakoz\u00e1si id\u0151vel. Nem ritka, hogy hajnali 4-5 \u00f3rakor t\u00f6bb mint egy \u00f3r\u00e1t kell v\u00e1rni egy fuvarra. Ha taxit fogsz, <strong>oszd meg a fuvart \u00e9s a k\u00f6lts\u00e9geket a bar\u00e1taiddal<\/strong>, hogy gazdas\u00e1gos legyen<a href=\"https:\/\/split.gg\/ultra-europe-survival-guide\/#:~:text=I%20don%E2%80%99t%20recommend%20taking%20taxi,gives%20you%20a%20fair%20price\">(Ultra Europe Survival Guide &#8211; Split Croatia Travel Guide<\/a>). Mindig gy\u0151z\u0151dj\u00f6n meg r\u00f3la, hogy a sof\u0151r bekapcsolja a taxi\u00f3r\u00e1t, vagy el\u0151zetesen \u00e1llapodjon meg az \u00e1rban, mivel egyesek a nagy rendezv\u00e9nyek idej\u00e9n megpr\u00f3b\u00e1lhatnak t\u00falsz\u00e1ml\u00e1zni<a href=\"https:\/\/split.gg\/ultra-europe-survival-guide\/#:~:text=I%20don%E2%80%99t%20recommend%20taking%20taxi,gives%20you%20a%20fair%20price\">(Ultra Europe Survival Guide &#8211; Split Croatia Travel Guide<\/a>). Az Uber\/Bolt leegyszer\u0171s\u00edtheti a fizet\u00e9st, de ism\u00e9t csak t\u00fcrelmesnek kell lenni a felv\u00e9teln\u00e9l. J\u00f3 strat\u00e9gia, ha <strong>n\u00e9h\u00e1ny h\u00e1zt\u00f6mbnyire els\u00e9t\u00e1lsz a stadion k\u00f6zvetlen k\u00f6rny\u00e9k\u00e9t\u0151l, miel\u0151tt fuvart h\u00edvsz<\/strong> &#8211; \u00edgy kevesebb konkurenci\u00e1val tal\u00e1lkozol, \u00e9s az aut\u00f3k nem fognak a legrosszabb dug\u00f3ban \u00e1llni.      <\/li>\n\n\n\n<li><strong>Parkol\u00e1s nappali t\u00far\u00e1z\u00e1shoz:<\/strong> Ha nem veszel r\u00e9szt az Ultr\u00e1ban, de Splitben tart\u00f3zkodsz ebben az id\u0151szakban, akkor napk\u00f6zben felfedezheted a k\u00f6rny\u00e9ket. Ebben az esetben reggel parkolj olyan gar\u00e1zsokban, mint a <strong>Parking Split (a kompkik\u00f6t\u0151 k\u00f6zel\u00e9ben)<\/strong> vagy a <strong>Koteks<\/strong> (Split 3 k\u00f6rny\u00e9k\u00e9n), \u00e9s hagyd ott az aut\u00f3t, am\u00edg el nem hagyod a v\u00e1rost. \u00cdgy elker\u00fclheti az esti be\u00e1raml\u00e1st. M\u00e9g jobb, ha fontol\u00f3ra veszi, hogy ezen a h\u00e9ten egy\u00e1ltal\u00e1n nem haszn\u00e1l aut\u00f3t Splitben &#8211; az \u00f3v\u00e1ros, a strandok \u00e9s m\u00e1s l\u00e1tnival\u00f3k k\u00f6z\u00f6tt gyalog is k\u00f6zlekedhet, \u00e9s teljesen elker\u00fclheti az ultraforgalmat.   <\/li>\n<\/ul>\n\n<h2 class=\"wp-block-heading\"><strong>J\u00falius-augusztus &#8211; Split Ny\u00e1ri Fesztiv\u00e1l (Splitsko ljeto)<\/strong><\/h2>\n\n<p><strong>\u00c9vszak:<\/strong><a href=\"https:\/\/www.visit-croatia.co.uk\/croatia-destinations\/split\/events-split\/#:~:text=The%20Split%20Summer%20Festival%20runs,in%20Split%20at%20this%20time\">(Events in Split 2025 &#8211; Karnev\u00e1l, zene, sport, film &#8211; Visit Croatia<\/a>) (). A fesztiv\u00e1l jellemz\u0151en j\u00falius 14. k\u00f6r\u00fcl kezd\u0151dik \u00e9s augusztus k\u00f6zep\u00e9ig tart. <\/p>\n\n<p><strong>Mire sz\u00e1m\u00edthat:<\/strong> A <strong>Split Summer Festival<\/strong> a v\u00e1ros legnagyobb m\u0171v\u00e9szeti \u00fcnnepe (). Split nagyj\u00e1b\u00f3l n\u00e9gy h\u00e9ten \u00e1t a <strong>t\u00e1nc, a zene, az opera \u00e9s a sz\u00ednh\u00e1zi el\u0151ad\u00e1sok<\/strong> szabadt\u00e9ri sz\u00ednpad\u00e1v\u00e1 v\u00e1lik. Sz\u00e1mos esem\u00e9nyt hangulatos t\u00f6rt\u00e9nelmi helysz\u00edneken tartanak: a Diocletianus-palota perisztilium\u00e1ban balettet, egy hangulatos t\u00e9ren sz\u00edndarabot vagy a Sustipan parkban klasszikus koncertet l\u00e1that a csillagok alatt. A Dubrovnik h\u00edres ny\u00e1ri fesztiv\u00e1lj\u00e1hoz hasonl\u00f3 fesztiv\u00e1lon helyi \u00e9s nemzetk\u00f6zi tehets\u00e9gek egyar\u00e1nt bemutatkoznak, a <strong>hagyom\u00e1nyos horv\u00e1t el\u0151ad\u00e1sok \u00e9s nemzetk\u00f6zi m\u0171vek<\/strong> (oper\u00e1k, Shakespeare-darabok, kort\u00e1rs t\u00e1nc stb.) keverednek. A helysz\u00ednek szerte a v\u00e1rosban tal\u00e1lhat\u00f3k &#8211; a <strong>Peristilt\u0151l \u00e9s a Podrumt\u00f3l (palotapinc\u00e9k<\/strong> ) a <strong>Horv\u00e1t Nemzeti Sz\u00ednh\u00e1zig<\/strong>, az er\u0151d\u00f6kig \u00e9s az udvarokig<a href=\"https:\/\/www.visit-croatia.co.uk\/croatia-destinations\/split\/events-split\/#:~:text=The%20Split%20Summer%20Festival%20runs,in%20Split%20at%20this%20time\">(Events in Split 2025 &#8211; Karnev\u00e1l, zene, sport, film &#8211; Visit Croatia<\/a>). Sok el\u0151ad\u00e1s este van, kihaszn\u00e1lva a h\u0171v\u00f6sebb \u00e9jszak\u00e1kat. A turist\u00e1kat sz\u00edvesen l\u00e1tj\u00e1k; m\u00edg n\u00e9h\u00e1ny el\u0151ad\u00e1sra bel\u00e9p\u0151t kell fizetni, m\u00e1sok (p\u00e9ld\u00e1ul a szabadt\u00e9ri zenei koncertek vagy az utcai el\u0151ad\u00e1sok) ingyenesek. A hangulat var\u00e1zslatos &#8211; k\u00e9pzelje el, ahogy a zene visszhangzik az 1700 \u00e9ves palota falaib\u00f3l egy meleg dalm\u00e1t \u00e9jszak\u00e1n.       <\/p>\n\n<p><strong>T\u00f6megek \u00e9s forgalom hat\u00e1sa:<\/strong> A ny\u00e1ri fesztiv\u00e1l a kult\u00fara szerelmeseit \u00e9s a turist\u00e1kat vonzza, de a hat\u00e1s az egyszeri rendezv\u00e9nyekhez k\u00e9pest jobban eloszlik. Mivel az el\u0151ad\u00e1sok est\u00e9nk\u00e9nt k\u00fcl\u00f6nb\u00f6z\u0151 helysz\u00edneken zajlanak, nincs egyszerre egyetlen hatalmas t\u00f6meg (kiv\u00e9ve tal\u00e1n a n\u00e9pszer\u0171 nyit\u00f3\u00fcnneps\u00e9get). A k\u00f6z\u00f6ns\u00e9g jellemz\u0151en n\u00e9h\u00e1ny sz\u00e1z f\u0151 esem\u00e9nyenk\u00e9nt. <strong>Splitben a turist\u00e1k sz\u00e1ma \u00f6sszess\u00e9g\u00e9ben j\u00falius-augusztusban magas<\/strong>, \u00edgy a v\u00e1ros forgalmas, de ez \u00e1ltal\u00e1ban a f\u0151szezonnak k\u00f6sz\u00f6nhet\u0151. A forgalomban est\u00e9nk\u00e9nt <strong>r\u00f6vid ideig torl\u00f3d\u00e1sok alakul<\/strong> hatnak ki <strong>a f\u0151bb helysz\u00ednek k\u00f6zel\u00e9ben<\/strong>, amikor egy el\u0151ad\u00e1s v\u00e9get \u00e9r &#8211; p\u00e9ld\u00e1ul a Peristyle-ben tartott opera ut\u00e1n n\u00e9h\u00e1ny busz \u00e9s taxi fogja felvenni az embereket a Riva partj\u00e1n. Az \u00f3v\u00e1ros utc\u00e1i (amelyek am\u00fagy is nagyr\u00e9szt gyalogosok) j\u00f3l kezelik a gyalogosforgalmat. Egy dolgot \u00e9rdemes megjegyezni: egyes el\u0151ad\u00e1sok (p\u00e9ld\u00e1ul a Peristyle-ben) <strong>bizonyos s\u00e9t\u00e1l\u00f3utc\u00e1k vagy terek ideiglenes lez\u00e1r\u00e1s\u00e1val<\/strong> j\u00e1rhatnak, de ez nem befoly\u00e1solja k\u00f6zvetlen\u00fcl az aut\u00f3s forgalmat. Ha valami, akkor az aut\u00f3soknak a n\u00e9pszer\u0171 el\u0151ad\u00e1sok k\u00f6rny\u00e9k\u00e9n \u00f3vatosnak kell lenni\u00fck a t\u00f6bb gyalogos miatt. A parkol\u00e1si lehet\u0151s\u00e9gek sz\u0171k\u00f6sek lehetnek a helysz\u00ednek k\u00f6zel\u00e9ben (pl. a Nemzeti Sz\u00ednh\u00e1z vagy a v\u00edzpart melletti kis parkol\u00f3k) az el\u0151ad\u00e1sok est\u00e9in, mivel a helyiek \u00e9s a l\u00e1togat\u00f3k egyar\u00e1nt bej\u00f6nnek a v\u00e1rosba vacsor\u00e1zni \u00e9s el\u0151ad\u00e1st n\u00e9zni.       <\/p>\n\n<p><strong>Parkol\u00e1si \u00e9s k\u00f6zleked\u00e9si tippek:<\/strong><\/p>\n\n<ul class=\"wp-block-list\">\n<li><strong>Esti parkol\u00e1s:<\/strong> Ha r\u00e9szt vesz egy ny\u00e1ri fesztiv\u00e1lon, tervezze meg el\u0151re, hol fog parkolni. Az \u00f3v\u00e1rosi helysz\u00ednekhez legk\u00f6zelebbi parkol\u00e1si lehet\u0151s\u00e9gek a <strong>Riva parkol\u00f3<\/strong> (kicsi, ~100 f\u00e9r\u0151helyes)<a href=\"https:\/\/split.gg\/parking-in-split\/#:~:text=Parking%20in%20Split%20Survival%20Guide,open%2024%20hours%2C%20all%20year\">(Parkol\u00e1s Splitben<\/a><a href=\"https:\/\/www.frankaboutcroatia.com\/parking-in-split\/#:~:text=Parking%20in%20Split%2C%20Croatia%3A%20Where,Riva%20Parking%2C%20located\">:<\/a>T\u00fal\u00e9l\u00e9si \u00fatmutat\u00f3), a <strong>vas\u00fat\u00e1llom\u00e1s parkol\u00f3ja<\/strong> (a kompkik\u00f6t\u0151 k\u00f6zel\u00e9ben) \u00e9s a <strong>Stari Plac parkol\u00f3ja<\/strong> (a r\u00e9gi stadionn\u00e1l)(Parkol\u00e1s Splitben, Horv\u00e1torsz\u00e1gban: Hol parkoljak?). Ezek ny\u00e1ron gyorsan megtelnek. \u00c9rkezzen legal\u00e1bb egy \u00f3r\u00e1val kor\u00e1bban, hogy biztos\u00edtsa a hely\u00e9t, \u00e9s \u00e9lvezze az el\u0151ad\u00e1s el\u0151tti s\u00e9t\u00e1t. Alternat\u00edv megold\u00e1sk\u00e9nt haszn\u00e1lhatja a kicsit t\u00e1volabb l\u00e9v\u0151 nagyobb <strong>Zagreba\u010dka gar\u00e1zst<\/strong> vagy a <strong>Sukoi\u0161an<\/strong> parkol\u00f3t, \u00e9s 10 percet s\u00e9t\u00e1lhat a helysz\u00ednig.    <\/li>\n\n\n\n<li><strong>T\u00f6megk\u00f6zleked\u00e9s az \u00e9jszakai el\u0151ad\u00e1sokhoz:<\/strong> A spliti v\u00e1rosi buszok \u00e9jf\u00e9lig k\u00f6zlekednek a f\u0151vonalakon. Ha az el\u0151ad\u00e1s este 11 el\u0151tt v\u00e9get \u00e9r, akkor val\u00f3sz\u00edn\u0171leg el tudsz \u00e9rni egy buszt, amivel visszamehetsz a k\u00f6rny\u00e9kedre vagy a sz\u00e1llod\u00e1dba (n\u00e9zd meg a menetrendet az olyan vonalakon, mint az 1, 3, 6, 9, amelyek k\u00fcl\u00f6nb\u00f6z\u0151 ker\u00fcleteket szolg\u00e1lnak ki). A fesztiv\u00e1l k\u00f6zz\u00e9teszi a menetrendet, \u00edgy l\u00e1thatod a v\u00e9gid\u0151ket &#8211; tervezd, hogy busszal m\u00e9sz, ha a parkol\u00e1s ijeszt\u0151nek t\u0171nik.  <\/li>\n\n\n\n<li><strong>Taxik:<\/strong> A fesztiv\u00e1lon val\u00f3 r\u00e9szv\u00e9tel ut\u00e1n \u00e1ltal\u00e1ban lehets\u00e9ges taxit fogni. Az Ultr\u00e1val vagy a Sudamj\u00e1val ellent\u00e9tben itt nincs egy pillanat alatt els\u00f6pr\u0151 \u00e1radat. Taxikat a Riva, a HNK (Nemzeti Sz\u00ednh\u00e1z) \u00e9s a Pjaca melletti standokn\u00e1l tal\u00e1lsz. M\u00e9gis, okos dolog <strong>telefonon vagy applik\u00e1ci\u00f3n kereszt\u00fcl taxit foglalni<\/strong>, mivel a koncerted v\u00e9g\u00e9re minim\u00e1lis v\u00e1rakoz\u00e1ssal kell sz\u00e1molnod. A fuvarmegoszt\u00e1s (Uber\/Bolt) sz\u00e9les k\u00f6rben elterjedt Splitben &#8211; h\u00edvhatsz egy aut\u00f3t a helysz\u00ednedhez k\u00f6zeli kit\u0171z\u0151re (pl. a palota kapuja el\u0151tt), \u00e9s \u00e1ltal\u00e1ban 10 percen bel\u00fcl tal\u00e1lkozhatsz vel\u00fck.    <\/li>\n\n\n\n<li><strong>Gyalog:<\/strong> Ha a k\u00f6zpontban vagy annak k\u00f6zel\u00e9ben sz\u00e1ll meg, a gyalogl\u00e1s a legegyszer\u0171bb megold\u00e1s. A ny\u00e1ri fesztiv\u00e1l egyik \u00f6r\u00f6me a kivil\u00e1g\u00edtott v\u00e1rosban val\u00f3 bolyong\u00e1s az esem\u00e9nyek k\u00f6z\u00f6tt. A Palot\u00e1ban elk\u00f6lt\u00f6tt vacsor\u00e1t\u00f3l a Prokurat\u00edv t\u00e9ren tartott el\u0151ad\u00e1sig k\u00f6nnyed\u00e9n els\u00e9t\u00e1lhatsz. Az \u00f3v\u00e1ros kompakt, \u00e9s a gyalogl\u00e1s azt jelenti, hogy egy\u00e1ltal\u00e1n nem kell azon agg\u00f3dnia, hol hagyta az aut\u00f3t vagy a buszmenetrendet.   <\/li>\n<\/ul>\n\n<h2 class=\"wp-block-heading\"><strong>Augusztus &#8211; Diocletianus napjai (Dani Dioklecijana)<\/strong><\/h2>\n\n<p><strong>\u00c9vszak:<\/strong><a href=\"https:\/\/www.visit-croatia.co.uk\/croatia-destinations\/split\/events-split\/#:~:text=%E2%80%9CDays%20of%20Diocletian%E2%80%9D%20takes%20place,something%20resembling%E2%80%A6Roman%20Emperor%20Diocletian%E2%80%99s%20time\">(Events in Split 2025 &#8211; Karnev\u00e1l, zene, sport, film &#8211; Visit Croatia<\/a>). P\u00e9ld\u00e1ul 2024-ben augusztus 29-31-\u00e9n tartott\u00e1k<a href=\"https:\/\/rove.me\/to\/croatia\/days-of-diocletian#:~:text=In%20Split%2C%20do%20as%20Romans,colorful%20carnival%20at%20Diocletian%20Palace\">(Stories of Diocletian 2024 in Croatia &#8211; Rove.me<\/a>)<a href=\"https:\/\/rove.me\/to\/croatia\/days-of-diocletian#:~:text=Dates%3A%20August%2029%E2%80%9331%2C%202024\">(Stories of Diocletian 2024 in Croatia &#8211; Rove.me<\/a>). Az esem\u00e9ny gyakran egybeesik a turisztikai szezon cs\u00facspontj\u00e1val.  <\/p>\n\n<p><strong>Mire sz\u00e1m\u00edthat:<\/strong> A <strong>Diocletianus napjai<\/strong> fesztiv\u00e1l (\u00fajabban &#8222;Diocletianus t\u00f6rt\u00e9netei&#8221; n\u00e9ven is ismert) a r\u00f3mai id\u0151kbe rep\u00edti vissza Splitet. Diocletianus cs\u00e1sz\u00e1r el\u0151tt, aki Splitben \u00e9p\u00edttette palot\u00e1j\u00e1t, <strong>t\u00f6rt\u00e9nelmi rekonstrukci\u00f3val<\/strong> tisztelegnek. A fesztiv\u00e1l sor\u00e1n a modern v\u00e1ros <strong>egy \u00f3kori r\u00f3mai telep\u00fcl\u00e9ss\u00e9 v\u00e1ltozik<\/strong><a href=\"https:\/\/rove.me\/to\/croatia\/days-of-diocletian#:~:text=Dani%20Dioklecijana\">(Stories of Diocletianus 2024 Horv\u00e1torsz\u00e1gban &#8211; Rove.me<\/a>). L\u00e1thatjuk, ahogy r\u00f3mai l\u00e9gi\u00f3soknak \u00f6lt\u00f6z\u00f6tt helyiek vonulnak az utc\u00e1kon, t\u00f3g\u00e1ba \u00f6lt\u00f6z\u00f6tt polg\u00e1rok s\u00e9t\u00e1lnak a Riva partj\u00e1n, \u00e9s m\u00e9g maga Diocletianus cs\u00e1sz\u00e1r (sz\u00edn\u00e9sz) is meg\u00e9rkezik egy nagy menetben. A cs\u00facspont a <strong>jelmezes felvonul\u00e1s \u00e9s \u00fcnneps\u00e9g<\/strong>: Diocletianus cs\u00e1sz\u00e1r \u00e9s Prisca cs\u00e1sz\u00e1rn\u00e9 teljes cs\u00e1sz\u00e1ri \u00f6lt\u00f6z\u00e9kben, r\u00e9gi kocsikban, <strong>r\u00f3mai \u0151r\u00f6k, trombit\u00e1sok \u00e9s dobosok<\/strong> k\u00eds\u00e9ret\u00e9ben a v\u00edzparton a Peristyle t\u00e9rre tartanak<a href=\"https:\/\/visitsplit.com\/en\/1204\/days-of-diocletian#:~:text=Diocletian%20Days%20takes%20Split%20back,rich%20music%20and%20dance%20program\">(Turisti\u010dka zajednica grada Splita &#8211; Diocletianus napjai (17.05. &#8211; 27.09.)<\/a>). A Peristyle-ben a cs\u00e1sz\u00e1r a sz\u00e9kesegyh\u00e1z l\u00e9pcs\u0151j\u00e9r\u0151l &#8222;sz\u00f3l a t\u00f6meghez&#8221;, ahogyan 1700 \u00e9vvel ezel\u0151tt is tette volna<a href=\"https:\/\/visitsplit.com\/en\/1204\/days-of-diocletian#:~:text=Diocletian%20walked%20the%20city,rich%20music%20and%20dance%20program\">(Turisti\u010dka zajednica grada Splita &#8211; Diocletianus napjai (17.05. &#8211; 27.09.)<\/a>). A fesztiv\u00e1lnapok alatt a palota pinc\u00e9iben \u00e9s terein <strong>r\u00f3mai tematik\u00e1j\u00fa sz\u00f3rakoztat\u00f3 programok<\/strong> zajlanak &#8211; gondoljunk csak a gladi\u00e1torviadalokra, \u00e9l\u0151 r\u00f3mai zen\u00e9re, t\u00e1ncokra \u00e9s a l\u00e1togat\u00f3kkal kevered\u0151 sz\u00edn\u00e9szekre. A standok <strong>\u00f3kori finoms\u00e1gokat \u00e9s k\u00e9zm\u0171ves<\/strong> term\u00e9keket k\u00edn\u00e1lnak, \u00edgy a korszak ihlette \u00e9teleket majszolhat, mik\u00f6zben szuven\u00edreket b\u00f6ng\u00e9szhet () (). \u00c9jszak\u00e1nk\u00e9nt modern zene keveredik a szabadt\u00e9ri koncertekkel \u00e9s gasztron\u00f3miai esem\u00e9nyekkel, \u00edgy r\u00e9szben t\u00f6rt\u00e9nelmi felvonul\u00e1s, r\u00e9szben ny\u00e1ri buli. Ez egy <strong>ingyenes, csal\u00e1dbar\u00e1t l\u00e1tv\u00e1nyoss\u00e1g<\/strong> \u00e9s Split egyik legkedveltebb \u00f6r\u00f6ks\u00e9gi \u00fcnnepe.         <\/p>\n\n<p><strong>T\u00f6megek \u00e9s forgalom hat\u00e1sa:<\/strong> A Diocletianus Napjai fesztiv\u00e1l nagy t\u00f6megeket vonz az \u00f3v\u00e1rosba, k\u00fcl\u00f6n\u00f6sen est\u00e9nk\u00e9nt, amikor a f\u0151 <strong>r\u00f3mai felvonul\u00e1s \u00e9s a fell\u00e9p\u00e9sek<\/strong> zajlanak. A Diocletianus-palot\u00e1n bel\u00fcli utc\u00e1k \u00e9s a Riva s\u00e9t\u00e1ny <strong>tele vannak b\u00e1m\u00e9szkod\u00f3kkal<\/strong>, amikor a cs\u00e1sz\u00e1ri menet elhalad &#8211; ezeken a ter\u00fcleteken k\u00f6ny\u00e9kig \u00e9r\u0151 t\u00f6megre kell sz\u00e1m\u00edtani (a felvonul\u00e1sra \u00e9s a Peristyle-bemutat\u00f3ra \u00e1ltal\u00e1ban t\u00f6bb ezer ember j\u00f6n el). Mivel az esem\u00e9ny a s\u00e9t\u00e1l\u00f3utca magj\u00e1ra koncentr\u00e1l\u00f3dik (ahol \u00e1ltal\u00e1ban nincs aut\u00f3forgalom), a s\u00e9t\u00e1nyon t\u00fal nem okoz nagyobb \u00fatlez\u00e1r\u00e1sokat. A <strong>v\u00edzparti \u00faton (Obala<\/strong> ) azonban el\u0151fordulhatnak r\u00f6vid ideig tart\u00f3 fennakad\u00e1sok vagy elterel\u00e9sek, amikor a kocsik a Riva ment\u00e9n haladnak. Az \u00f3v\u00e1ros k\u00f6r\u00fcli forgalom egyszer\u0171en a be\u00e1raml\u00f3 emberek miatt lelassulhat; a j\u00e1rm\u0171vezet\u0151knek \u00f3vatosnak kell lenni\u00fck a jelmezes r\u00e9sztvev\u0151kkel \u00e9s a ki\u00e1raml\u00f3 gyalogosokkal szemben. <strong>Ezeken az \u00e9jszak\u00e1kon megn\u0151 a parkol\u00e1si ig\u00e9ny<\/strong> &#8211; sok helyi lakos a mulats\u00e1g miatt hajt be, \u00e9s a k\u00f6zponton k\u00edv\u00fcl tart\u00f3zkod\u00f3 turist\u00e1k is ezt teszik. \u00cdgy a belv\u00e1roshoz k\u00f6zeli gar\u00e1zsok \u00e9s parkol\u00f3helyek (k\u00fcl\u00f6n\u00f6sen a kompkik\u00f6t\u0151, a Riva \u00e9s a piac k\u00f6rny\u00e9k\u00e9n) k\u00e9s\u0151 d\u00e9lut\u00e1nra megtelnek. A k\u00f6zvetlen k\u00f6zponton k\u00edv\u00fcl augusztusban m\u00e1r am\u00fagy is nagy a turistaforgalom, \u00edgy ha ehhez m\u00e9g egy fesztiv\u00e1lt is hozz\u00e1adunk, akkor a v\u00e1ros maxim\u00e1lisan zs\u00fafolt lesz. Ha ezeken a napokon Splitben pr\u00f3b\u00e1l \u00e1tutazni an\u00e9lk\u00fcl, hogy r\u00e9szt venne a fesztiv\u00e1lon, akkor este 7-10 \u00f3ra k\u00f6r\u00fcl sz\u00e1moljon a k\u00f6zpont k\u00f6zel\u00e9ben kialakul\u00f3 torl\u00f3d\u00e1sokkal. \u00d6sszess\u00e9g\u00e9ben azonban ink\u00e1bb <em>a t\u00f6megek<\/em>, mint a j\u00e1rm\u0171vek torl\u00f3d\u00e1sa a jellemz\u0151, mivel a rendezv\u00e9nyek a gyalogos z\u00f3n\u00e1ban zajlanak.        <\/p>\n\n<p><strong>Parkol\u00e1si \u00e9s k\u00f6zleked\u00e9si tippek:<\/strong><\/p>\n\n<ul class=\"wp-block-list\">\n<li><strong>\u00c9rkezzen kor\u00e1n vagy parkoljon t\u00e1volabb:<\/strong> Ha l\u00e1tni szeretn\u00e9 a Diocletianus felvonul\u00e1st, \u00e9s van aut\u00f3ja, kora este (j\u00f3val a 20 \u00f3ra k\u00f6r\u00fcli felvonul\u00e1s el\u0151tt) induljon a v\u00e1rosba. Keressen olyan parkol\u00f3kat, mint a <strong>Stari Plac<\/strong> vagy <strong>a Trg Hrvatske bratske zajednice<\/strong>, amelyek 5-10 perces s\u00e9t\u00e1ra vannak a palot\u00e1t\u00f3l ( <a href=\"https:\/\/splitcityparking.com\/hu\/hol-parkoljon-splitben\/#:~:text=Stari%20Plac%2C%20Manerova%2C%20Vukovarska%2C%20and,Parking%20at%20the\">Hol parkoljon Splitben? Nagy \u00fatmutat\u00f3. <\/a>). Ha ezek megteltek, alternat\u00edvak\u00e9nt a <strong>Poljud Stadion<\/strong> vagy a <strong>Lovret<\/strong> k\u00f6rny\u00e9k\u00e9nek k\u00f6zel\u00e9ben parkolhat, \u00e9s gyalogolhat ~15 percet az \u00f3v\u00e1rosig. Ezeken a ter\u00fcleteken m\u00e9g mindig lehetnek helyek, amikor a k\u00f6zelebbi gar\u00e1zsok megteltek.  <\/li>\n\n\n\n<li><strong>Haszn\u00e1lja a &#8222;Parkolj \u00e9s s\u00e9t\u00e1lj&#8221; strat\u00e9gi\u00e1t:<\/strong> Parkoljon a <strong>Marjan Parkn\u00e1l<\/strong> (ahol \u00e1ltal\u00e1ban k\u00f6nnyebb helyet tal\u00e1lni), \u00e9s \u00e9lvezze a fest\u0151i s\u00e9t\u00e1t a v\u00edzparton, hogy el\u00e9rje a fesztiv\u00e1lt. A v\u00e1rosban a szok\u00e1sos parkol\u00e1si applik\u00e1ci\u00f3 vagy parkol\u00f3\u00f3r\u00e1k \u00e9rv\u00e9nyesek &#8211; nincs speci\u00e1lis rendezv\u00e9nyparkol\u00e1s, \u00edgy az esti \u00f3r\u00e1kig \u00e9rm\u00e9kre\/applik\u00e1ci\u00f3kra lesz sz\u00fcks\u00e9ged a fizet\u0151s automat\u00e1khoz. <\/li>\n\n\n\n<li><strong>T\u00f6megk\u00f6zleked\u00e9si buszok:<\/strong> Mindk\u00e9t meg\u00e1ll\u00f3 k\u00f6zvetlen\u00fcl a fesztiv\u00e1l helysz\u00edn\u00e9n tal\u00e1lhat\u00f3. K\u00fcl\u00f6n\u00f6sen, ha Split k\u00fclv\u00e1rosaib\u00f3l vagy a k\u00f6zeli v\u00e1rosokb\u00f3l \u00e9rkezik, <strong>a busszal val\u00f3 utaz\u00e1s megsp\u00f3rolja a parkol\u00e1ssal j\u00e1r\u00f3 gondokat<\/strong>. Podstrana vagy Stobre\u010d fel\u0151l p\u00e9ld\u00e1ul a 60-as j\u00e1rattal juthat el az \u00e1llom\u00e1sra; Solin vagy Trogir fel\u0151l a region\u00e1lis buszok szint\u00e9n a Riva k\u00f6zel\u00e9ben sz\u00e1llnak le. A buszok zs\u00fafoltak lesznek, de gyakran j\u00e1rnak.   <\/li>\n\n\n\n<li><strong>Taxik\/aut\u00f3megoszt\u00e1s:<\/strong> K\u00e9rje meg a sof\u0151rt, hogy a <strong>Diocletianus-palota bronzkapuja<\/strong> k\u00f6zel\u00e9ben (a d\u00e9li oldalon, a buszp\u00e1lyaudvar mellett) vagy <strong>a Marmontova utc\u00e1ban<\/strong>, a nyugati v\u00e9g\u00e9n\u00e9l tegye ki \u00d6nt. Mindk\u00e9t pont a gyalogos z\u00f3na sz\u00e9l\u00e9n van. A rendezv\u00e9ny ut\u00e1n, ha vissza kell utaznia, a legjobb, ha <strong>el\u0151re foglal, vagy van egy terve<\/strong>: a tolong\u00e1s nem lesz olyan nagy, mint az Ultr\u00e1ban, de a sok ember miatt az \u00f3v\u00e1rosban neh\u00e9z lehet taxit fogni a helysz\u00ednen. Ha s\u00e9t\u00e1lsz n\u00e9h\u00e1ny h\u00e1zt\u00f6mb\u00f6t \u00e9szakra a <strong>DOBRI<\/strong> negyedbe vagy keletre <strong>a Bacvice<\/strong> fel\u00e9, megn\u00f6velheted az es\u00e9lyeidet arra, hogy a legs\u0171r\u0171bb t\u00f6megt\u0151l t\u00e1volabb, gyorsan tal\u00e1lj egy fuvart.   <\/li>\n<\/ul>\n\n<h2 class=\"wp-block-heading\"><strong>December &#8211; Advent Splitben (kar\u00e1csonyi fesztiv\u00e1l \u00e9s \u00faj\u00e9v)<\/strong><\/h2>\n\n<p><strong>\u00c9vszak:<\/strong> Az adventi id\u0151szak, november v\u00e9g\u00e9t\u0151l janu\u00e1r elej\u00e9ig. Split hivatalos <strong>adventi<\/strong> \u00fcnneps\u00e9gei jellemz\u0151en <strong>december elej\u00e9t\u0151l janu\u00e1r 6.<\/strong> (Epif\u00e1nia) <strong>k\u00f6rny\u00e9k\u00e9ig<\/strong> tartanak<a href=\"https:\/\/splitcityparking.com\/hu\/advent-splitben\/#:~:text=Advent%20in%20Split%20starts%20at,the%20center%20of%20Christmas%20festivities\">(Advent Splitben<\/a>). A 2024-es advent p\u00e9ld\u00e1ul november 30-\u00e1n kezd\u0151d\u00f6tt \u00e9s janu\u00e1r 6-ig tartott<a href=\"https:\/\/visitsplit.com\/en\/6430\/advent-in-split-2024#:~:text=November%2030%2C%202024%2C%20to%20January,Mertojak%2C%20Kolur%20Zvon%C4%8Dac%20and%20more\">(ADVENT IN SPLIT 2024 &#8211; Turisti\u010dka zajednica grada Splita<\/a>).  <\/p>\n\n<p><strong>Mire sz\u00e1m\u00edthat:<\/strong> Split a napf\u00e9nyr\u0151l \u00e9s a tengerpartr\u00f3l ismert, de a kar\u00e1csonyi mediterr\u00e1n hangulatot is k\u00edn\u00e1lja. <strong>A spliti advent<\/strong> t\u00e9li csodaorsz\u00e1gg\u00e1 v\u00e1ltoztatja a v\u00e1rost &#8211; <strong>dalm\u00e1t st\u00edlusban<\/strong>. A Riva s\u00e9t\u00e1ny az \u00fcnneps\u00e9g k\u00f6zpontj\u00e1v\u00e1 v\u00e1lik, amelyet csillog\u00f3 f\u00e9nyek ezrei \u00e9s <strong>fah\u00e1zik\u00f3k (\u00fcnnepi b\u00f3d\u00e9k<\/strong> ) sorai d\u00edsz\u00edtenek<a href=\"https:\/\/visitsplit.com\/en\/3058\/top-10-things-about-advent-in-split#:~:text=1,but%20atmosphere%20is%20even%20better\">(Turisti\u010dka zajednica grada Splita &#8211; Top 10 dolog az adventr\u0151l Splitben<\/a>)<a href=\"https:\/\/splitcityparking.com\/hu\/advent-splitben\/#:~:text=lasts%20until%20the%20Feast%20of,the%20center%20of%20Christmas%20festivities\">(Advent Splitben<\/a>). Ezek a &#8222;ku\u0107ice&#8221;-ok a <strong>hagyom\u00e1nyos aj\u00e1nd\u00e9kt\u00e1rgyakt\u00f3l \u00e9s k\u00e9zm\u0171ves term\u00e9keken<\/strong> \u00e1t az olyan <strong>\u00fcnnepi finoms\u00e1gokig<\/strong>, mint a fritule (mini f\u00e1nk), a kand\u00edrozott mandula \u00e9s a <strong>forralt bor<\/strong>, amely s\u00e9ta k\u00f6zben felmeleg\u00edti a kez\u00fcnket<a href=\"https:\/\/splitcityparking.com\/hu\/advent-splitben\/#:~:text=of%20Christmas%20festivities\">(Advent Splitben<\/a>).   Sz\u00e1mos kulcsfontoss\u00e1g\u00fa helysz\u00edn ad otthont k\u00fcl\u00f6nb\u00f6z\u0151 programoknak: ( <a href=\"https:\/\/visitsplit.com\/en\/3058\/top-10-things-about-advent-in-split#:~:text=1,but%20atmosphere%20is%20even%20better\">Turisti\u010dka zajednica grada Splita &#8211; Top 10<\/a><a href=\"https:\/\/visitsplit.com\/en\/3058\/top-10-things-about-advent-in-split#:~:text=3.%20Advent%20at%20Piazza%20,it%20in%20the%20next%20paragraph\">dolog az<\/a> adventr\u0151l Splitben); a <strong>Narodni trg (Pjaca<\/strong> ) gyakran alakul \u00e1t esti t\u00e1ncos partiv\u00e1 80-as\/90-es \u00e9vekbeli zen\u00e9vel \u00e9s DJ-kkel, amelyet a helyiek nagyon szeretnek(Turisti\u010dka zajednica grada Splita &#8211; Top 10 dolog az adventr\u0151l Splitben); <strong>A \u0110ardin park<\/strong> (Nin Gergely szobr\u00e1n\u00e1l) d\u00edszekkel van feld\u00edsz\u00edtve, \u00e9s \u00e1ltal\u00e1ban klasszikus koncertekkel vagy gyermekk\u00f3rusokkal egy kicsit nyugodtabb hangulatot teremt<a href=\"https:\/\/visitsplit.com\/en\/3058\/top-10-things-about-advent-in-split#:~:text=2.%20City%20park%20%28Djardin%29%20,nearby%2C%20along%20Kralja%20Tomislava%20Street\">(Turisti\u010dka zajednica grada Splita &#8211; Top 10 dolog az adventr\u0151l Splitben<\/a>). Egyes \u00e9vekben <strong>korcsolyap\u00e1lya<\/strong> is van, \u00e9s az \u00f3v\u00e1ros terein <strong>\u00e9l\u0151 betlehemes<\/strong> vagy kar\u00e1csonyi meseel\u0151ad\u00e1s<a href=\"https:\/\/www.onthegotours.com\/Croatia\/Guides\/Month-By-Month-in-Croatia#:~:text=Diocletian%27s%20Palace%2C%20usually%20bustling%20in,festive%20performances%20in%20Peristyle%20Square\">(Visiting Croatia Month by Month) (L\u00e1togat\u00e1s Horv\u00e1torsz\u00e1gban h\u00f3napr\u00f3l<\/a><a href=\"https:\/\/www.onthegotours.com\/Croatia\/Guides\/Month-By-Month-in-Croatia#:~:text=allowing%20visitors%20to%20explore%20its,festive%20performances%20in%20Peristyle%20Square\">h\u00f3napra) (Visiting Croatia Month by Month<\/a>). A csal\u00e1dok \u00e9lvezik a gyerekeknek sz\u00f3l\u00f3 m\u0171helyfoglalkoz\u00e1sokat, az \u00e9telek &#8211; kolb\u00e1szok, p\u00e1colt szardell\u00e1k, s\u00fclt gesztenye, \u00e9s term\u00e9szetesen rakija \u00e9s forr\u00f3 csokol\u00e1d\u00e9 &#8211; pedig mindenkinek \u00edzlenek. Az \u00fcnnepi hangulat <strong>szilveszterig<\/strong> fokoz\u00f3dik, amikor egy nagyszab\u00e1s\u00fa ingyenes koncert robbantja fel a Riv\u00e1t, \u00e9jf\u00e9lkor pedig t\u0171zij\u00e1t\u00e9k vil\u00e1g\u00edtja be a kik\u00f6t\u0151t<a href=\"https:\/\/www.visit-croatia.co.uk\/croatia-destinations\/split\/events-split\/#:~:text=New%20Year%E2%80%99s%20Eve%20is%20also,the%20Split%20Tourist%20Office%20website\">(Events in Split 2025 &#8211; Carnival, music, sport, film &#8211; Visit Croatia<\/a>)<a href=\"https:\/\/www.visit-croatia.co.uk\/croatia-destinations\/split\/events-split\/#:~:text=Croatian%20singers%20and%20to%20watch,the%20Split%20Tourist%20Office%20website\">(Events in Split 2025 &#8211; Carnival, music, sport, film &#8211; Visit Croatia<\/a>). A spliti advent tal\u00e1n kev\u00e9sb\u00e9 h\u00edres, mint a z\u00e1gr\u00e1bi, de hangulatos, vid\u00e1m, \u00e9s a r\u00f3mai palota h\u00e1tter\u00e9ben zajlik &#8211; egyed\u00fcl\u00e1ll\u00f3 kar\u00e1csony a tengerparton.     <\/p>\n\n<p><strong>T\u00f6megek \u00e9s forgalom hat\u00e1sa:<\/strong> Az adventi id\u0151szak Splitben nem olyan zs\u00fafolt, mint a ny\u00e1r, de a helyiek sz\u00e1m\u00e1ra ez a cs\u00facsid\u0151szak. K\u00fcl\u00f6n\u00f6sen december k\u00f6zep\u00e9t\u0151l kezd\u0151d\u0151en <strong>est\u00e9nk\u00e9nt \u00e9s h\u00e9tv\u00e9g\u00e9n<\/strong> a Riva <strong>tele van emberekkel<\/strong> &#8211; a helyiek munka ut\u00e1n tal\u00e1lkoznak, a csal\u00e1dok s\u00e9t\u00e1lni mennek, \u00e9s n\u00e9h\u00e1ny belf\u00f6ldi turista is ell\u00e1togat a v\u00e1ros kar\u00e1csonyi v\u00e1s\u00e1r\u00e1ra<a href=\"https:\/\/www.localguidetocroatia.com\/single-post\/split-christmas-market#:~:text=1,locals%20and%20domestic%20tour%20groups\">(Your Local Guide to Split Christmas Market 2025<\/a>). A l\u00e1togat\u00f3k sz\u00e1ma \u00f6sszess\u00e9g\u00e9ben ink\u00e1bb ezres nagys\u00e1grend\u0171, mint t\u00edzezres nagys\u00e1grend\u0171, kiv\u00e9ve a szilvesztert, amely hatalmas t\u00f6meget vonz. Szilveszter <strong>\u00e9jjel\u00e9n<\/strong> t\u00f6bb t\u00edzezer ember <strong>zs\u00fafol\u00f3dik a Riva partj\u00e1ra az \u00e9jf\u00e9li \u00fcnneps\u00e9gre<\/strong><a href=\"https:\/\/www.visit-croatia.co.uk\/croatia-destinations\/split\/events-split\/#:~:text=New%20Year%E2%80%99s%20Eve%20is%20also,the%20Split%20Tourist%20Office%20website\">(Events in Split 2025 &#8211; Carnival, music, sport, film &#8211; Visit Croatia<\/a>) &#8211; ez a t\u00e9l legforgalmasabb egyedi pillanata, a s\u00e9t\u00e1ny v\u00e1llt\u00f3l v\u00e1llig, a k\u00f6rnyez\u0151 utc\u00e1k pedig nagyon forgalmasak. Ami a forgalmat illeti, a decemberi h\u00e9tv\u00e9g\u00e9ken a <strong>v\u00e1rosk\u00f6zpont k\u00f6zel\u00e9ben dug\u00f3k<\/strong> alakulhatnak ki, mivel sok helyi lakos hajt be, hogy megn\u00e9zze a d\u00edsz\u00edt\u00e9seket vagy r\u00e9szt vegyen a rendezv\u00e9nyeken. Az \u00f3v\u00e1ros k\u00f6rny\u00e9k\u00e9n d\u00e9lut\u00e1nonk\u00e9nt \u00e9s est\u00e9nk\u00e9nt versenyess\u00e9 v\u00e1lik a parkol\u00e1s. Mivel azonban sok turista nincs jelen (a ny\u00e1rhoz k\u00e9pest), az utak m\u00e9g mindig k\u00f6nnyebbek, mint j\u00faliusban. A v\u00e1ros jellemz\u0151en nem z\u00e1rja le az utakat advent idej\u00e9re, kiv\u00e9ve esetleg a Riva \u00fat egy kis szakasz\u00e1t szilveszterkor a biztons\u00e1g kedv\u00e9\u00e9rt. A legnagyobb hat\u00e1s a <strong>parkol\u00f3helyek sz\u0171k\u00f6ss\u00e9ge<\/strong> \u00e9s a lass\u00fa cirk\u00e1l\u00e1s, mivel az aut\u00f3sok helyet keresnek. Ha heves es\u0151z\u00e9s van (ami t\u00e9len k\u00f6nnyen el\u0151fordulhat), a forgalom is akadozhat, mivel mindenki pr\u00f3b\u00e1l fedett parkol\u00f3helyet tal\u00e1lni. Szilveszterkor a gyalogosok t\u00f6mege miatt sz\u00e1m\u00edtani kell n\u00e9h\u00e1ny \u00fatlez\u00e1r\u00e1sra vagy rend\u0151r\u00f6k \u00e1ltal ellen\u0151rz\u00f6tt keresztez\u0151d\u00e9sre a v\u00edzparton. \u00d6sszefoglalva: m\u00e9rs\u00e9kelt torl\u00f3d\u00e1sok az adventi rendezv\u00e9nyek idej\u00e9n \u00e9s <strong>extr\u00e9m zs\u00fafolts\u00e1g (de nem sok aut\u00f3s)<\/strong> szilveszterkor.           <\/p>\n\n<p><strong>Parkol\u00e1si \u00e9s k\u00f6zleked\u00e9si tippek:<\/strong><\/p>\n\n<ul class=\"wp-block-list\">\n<li><strong>Parkol\u00e1s tervez\u00e9se vagy foglal\u00e1s haszn\u00e1lata:<\/strong> A helyi parkol\u00e1si hat\u00f3s\u00e1gok az \u00fcnnepi rohamot felismerve m\u00e9g azt is javasolj\u00e1k, hogy advent idej\u00e9n el\u0151re foglaljon parkol\u00f3helyet, hogy elker\u00fclje a vad\u00e1szatot<a href=\"https:\/\/splitcityparking.com\/hu\/advent-splitben\/#:~:text=For%20all%20visitors%20who%20plan,find%20a%20free%20parking%20space\">(Advent Splitben<\/a>). Ha a sz\u00e1ll\u00e1sodon van lehet\u0151s\u00e9g parkol\u00e1sra, haszn\u00e1ld ki, \u00e9s gyalog menj az \u00fcnneps\u00e9gekre. Ellenkez\u0151 esetben c\u00e9lozza meg a nagyobb gar\u00e1zsokat, mint p\u00e9ld\u00e1ul a <strong>Meterize<\/strong> vagy a <strong>Mall of Split<\/strong>, \u00e9s r\u00f6vid taxival\/busszal juthat be. Egyes mag\u00e1nparkol\u00f3k esetleg esti \u00e1tal\u00e1nyd\u00edjakat k\u00edn\u00e1lnak advent idej\u00e9n.   <\/li>\n\n\n\n<li><strong>Utcai parkol\u00e1s id\u0151z\u00edt\u00e9se:<\/strong> Ha es\u00e9lyt akarsz kapni a k\u00f6zpont k\u00f6zel\u00e9ben l\u00e9v\u0151 utcai parkol\u00e1sra, \u00e9rkezz a kora esti cs\u00facsid\u0151szak el\u0151tt. D\u00e9lut\u00e1n 5-6 \u00f3r\u00e1ig az olyan helyek, mint a <strong>Riva parkol\u00f3 (100 f\u00e9r\u0151hely) (<\/strong><a href=\"https:\/\/split.gg\/parking-in-split\/#:~:text=Parking%20in%20Split%20Survival%20Guide,open%2024%20hours%2C%20all%20year\"><strong>Parkol\u00e1s Splitben T\u00fal\u00e9l\u00e9si \u00fatmutat\u00f3<\/strong><\/a><strong>)<\/strong> \u00e9s a <strong>Zvon\u010dac<\/strong> tele lesznek a rendezv\u00e9nyek \u00e9jszak\u00e1in. Alternat\u00edv megold\u00e1s a <strong>Poljud melletti parkol\u00f3<\/strong> vagy <strong>a kik\u00f6t\u0151 ment\u00e9n (ACY Marina)<\/strong>, majd ~10 perc s\u00e9ta a j\u00f3l kivil\u00e1g\u00edtott \u00f6sv\u00e9nyeken a Riva fel\u00e9. A v\u00e1rosi parkol\u00f3kban t\u00e9len este 7 \u00f3ra ut\u00e1n \u00e1ltal\u00e1ban ingyenes a parkol\u00e1s, de ellen\u0151rizze a t\u00e1bl\u00e1kat vagy a Split Parking alkalmaz\u00e1st.   <\/li>\n\n\n\n<li><strong>T\u00f6megk\u00f6zleked\u00e9s:<\/strong> <strong>A buszok a bar\u00e1tod t\u00e9len.<\/strong> Megb\u00edzhat\u00f3an k\u00f6zlekednek, \u00e9s nem kell a parkol\u00e1ssal bajl\u00f3dnia. A f\u0151bb j\u00e1ratok (1, 3, 6, 9, 17 stb.) mind az \u00f3v\u00e1ros k\u00f6zel\u00e9ben futnak \u00f6ssze. Ha p\u00e9ld\u00e1ul Znjanban vagy Trstenikben sz\u00e1llsz meg, sz\u00e1llj fel a 8-as vagy a 17-es buszra; Poljud ter\u00fclet\u00e9r\u0151l a 3-as busszal; Split 3 ker\u00fclet\u00e9b\u0151l a 6-os busszal &#8211; a kar\u00e1csonyi v\u00e1s\u00e1r k\u00f6zel\u00e9ben n\u00e9h\u00e1ny sz\u00e1z m\u00e9teren bel\u00fcl lesz\u00e1llsz. Este 9-10 \u00f3ra ut\u00e1n a buszok megfogyatkoznak, de h\u00e9tv\u00e9g\u00e9n az \u00fcnnepi t\u00f6meg miatt n\u00e9h\u00e1ny busz k\u00e9s\u0151bb is k\u00f6zlekedik.   <\/li>\n\n\n\n<li><strong>Taxik \u00e9s fuvarmegoszt\u00e1s:<\/strong> Az adventi id\u0151szakban a taxik\/Uberek \u00e1ltal\u00e1ban k\u00f6nnyen beszerezhet\u0151k \u00e9s nem emelkednek az \u00e1rak (kiv\u00e9ve szilveszterkor). A taxi nagyszer\u0171 megold\u00e1s lehet a parkol\u00e1s teljes elker\u00fcl\u00e9s\u00e9re &#8211; egy r\u00f6vid \u00fat olyan ter\u00fcletekr\u0151l, mint \u017dnjan, Varo\u0161 vagy Meje, a Riva fel\u00e9 viszonylag olcs\u00f3. Szilveszterkor azonban <strong>sz\u00e1m\u00edtson arra, hogy a<\/strong> rendk\u00edv\u00fcl nagy kereslet miatt <strong>\u00e9jjel f\u00e9l egy \u00e9s hajnali 2 \u00f3ra k\u00f6z\u00f6tt nem fog taxit kapni a k\u00f6zpontb\u00f3l<\/strong>. Ha a Riva partj\u00e1n \u00fcnnepli a szilvesztert, vagy induljon el valamivel 12:00 el\u0151tt, hogy megel\u0151zze a rohan\u00e1st (\u00e9s kiss\u00e9 t\u00e1volabbr\u00f3l n\u00e9zze a t\u0171zij\u00e1t\u00e9kot), vagy k\u00e9sz\u00fclj\u00f6n fel arra, hogy gyalogolni vagy v\u00e1rakozni kell. N\u00e9h\u00e1ny helyb\u00e9li el\u0151zetesen taxit szervez hajnali 1 \u00f3r\u00e1ra, vagy a k\u00f6zponton k\u00edv\u00fcl parkol egy kijel\u00f6lt sof\u0151r. M\u00e9g egy tipp: szilveszterkor fontolja meg, hogy a t\u0171zij\u00e1t\u00e9kot a <strong>Marjan-hegyr\u0151l vagy egy h\u00e1ztet\u0151r\u0151l<\/strong> n\u00e9zze meg, \u00edgy aut\u00f3val is el tudja ker\u00fclni a lez\u00e1rt utakat &#8211; egy\u00e9bk\u00e9nt csak csatlakozzon a t\u00f6meghez, \u00e9s tervezze meg, hogy a vid\u00e1m utc\u00e1kon kereszt\u00fcl <strong>gyalog megy vissza<\/strong> a sz\u00e1llod\u00e1j\u00e1ba.     <\/li>\n\n\n\n<li><strong>Fogadd el a gyalogl\u00e1st:<\/strong><a href=\"https:\/\/www.localguidetocroatia.com\/single-post\/split-christmas-market#:~:text=,Split%20except%20on%20the%20mountains\">(Your Local Guide to Split Christmas Market 2025<\/a>), \u00edgy a s\u00e9ta a f\u00e9nyekben val\u00f3 gy\u00f6ny\u00f6rk\u00f6d\u00e9shez hozz\u00e1tartozik. Ha a k\u00f6zpontban vagy egy 20 perces s\u00e9t\u00e1n bel\u00fcl sz\u00e1ll meg, javasoljuk, hogy gyalog menjen, hogy teljesen mag\u00e1ba sz\u00edvja a hangulatot (\u00e9s el\u00e9gesse a fritule f\u00e1nkokat!). A v\u00e1ros gy\u00f6ny\u00f6r\u0171 \u00e9jszaka, \u00e9s egy\u00e1ltal\u00e1n nem kell agg\u00f3dnia a forgalom miatt.  <\/li>\n<\/ul>\n\n<p>Ha \u00fagy id\u0151z\u00edti l\u00e1togat\u00e1s\u00e1t, hogy az egybeessen e jelent\u0151s esem\u00e9nyek valamelyik\u00e9vel, akkor Splitet a leg\u00e9l\u00e9nkebb \u00e9s leg\u00fcnnep\u00e9lyesebb form\u00e1j\u00e1ban tapasztalhatja meg. Legyen sz\u00f3 ak\u00e1r az Ultra Europe t\u00e1ncr\u00f3l a konfetti alatt, ak\u00e1r a r\u00f3mai palot\u00e1n\u00e1l forralt bort kortyolgatva az adventi id\u0151szakban, minden egyes \u00fcnneps\u00e9g a helyi kult\u00fara egyedi \u00edz\u00e9t ny\u00fajtja. Ne feledje ezeket a praktikus parkol\u00e1si \u00e9s k\u00f6zleked\u00e9si tippeket &#8211; ezek seg\u00edts\u00e9g\u00e9vel profik\u00e9nt navig\u00e1lhat Split forgalmas utc\u00e1in, \u00edgy biztons\u00e1gosan \u00e9s stresszmentesen \u00e9lvezheti az \u00fcnneps\u00e9geket.    <strong>Sretan tegye!<\/strong>  (J\u00f3 utat!)<\/p>\n\n<p><\/p>\n","protected":false},"excerpt":{"rendered":"<p>Kutat\u00e1sokat fogok v\u00e9gezni Split f\u0151bb esem\u00e9nyei, k\u00f6zt\u00fck az Ultra Europe, a Diocletianus Napok \u00e9s az Advent Splitben, valamint m\u00e1s jelent\u0151s helyi fesztiv\u00e1lok ut\u00e1n. A cikk parkol\u00e1si tan\u00e1csokkal \u00e9s alternat\u00edv k\u00f6zleked\u00e9si lehet\u0151s\u00e9gekkel szolg\u00e1l majd az ezeken az esem\u00e9nyeken r\u00e9szt vev\u0151 turist\u00e1k sz\u00e1m\u00e1ra. Amint a kutat\u00e1s befejez\u0151dik, elk\u00e9sz\u00edtem a teljes \u00fatmutat\u00f3t, hogy \u00e1tn\u00e9zhess\u00e9tek. Jelent\u0151sebb \u00e9ves esem\u00e9nyek Splitben, [&hellip;]<\/p>\n","protected":false},"author":1,"featured_media":11409,"comment_status":"open","ping_status":"open","sticky":false,"template":"","format":"standard","meta":{"footnotes":""},"categories":[168],"tags":[],"class_list":["post-11433","post","type-post","status-publish","format-standard","has-post-thumbnail","hentry","category-uncategorized-hu"],"yoast_head":"<!-- This site is optimized with the Yoast SEO plugin v27.4 - https:\/\/yoast.com\/product\/yoast-seo-wordpress\/ -->\n<title>Hol parkoljon Splitben a nagyobb rendezv\u00e9nyeken: A Year-Round Guide - Split City Parking<\/title>\n<meta name=\"robots\" content=\"index, follow, max-snippet:-1, max-image-preview:large, max-video-preview:-1\" \/>\n<link rel=\"canonical\" href=\"https:\/\/splitcityparking.com\/hu\/hol-parkoljon-splitben-a-nagyobb-rendezvenyeken-a-year-round-guide\/\" \/>\n<meta property=\"og:locale\" content=\"hu_HU\" \/>\n<meta property=\"og:type\" content=\"article\" \/>\n<meta property=\"og:title\" content=\"Hol parkoljon Splitben a nagyobb rendezv\u00e9nyeken: A Year-Round Guide - Split City Parking\" \/>\n<meta property=\"og:description\" content=\"Kutat\u00e1sokat fogok v\u00e9gezni Split f\u0151bb esem\u00e9nyei, k\u00f6zt\u00fck az Ultra Europe, a Diocletianus Napok \u00e9s az Advent Splitben, valamint m\u00e1s jelent\u0151s helyi fesztiv\u00e1lok ut\u00e1n. A cikk parkol\u00e1si tan\u00e1csokkal \u00e9s alternat\u00edv k\u00f6zleked\u00e9si lehet\u0151s\u00e9gekkel szolg\u00e1l majd az ezeken az esem\u00e9nyeken r\u00e9szt vev\u0151 turist\u00e1k sz\u00e1m\u00e1ra. Amint a kutat\u00e1s befejez\u0151dik, elk\u00e9sz\u00edtem a teljes \u00fatmutat\u00f3t, hogy \u00e1tn\u00e9zhess\u00e9tek. Jelent\u0151sebb \u00e9ves esem\u00e9nyek Splitben, [&hellip;]\" \/>\n<meta property=\"og:url\" content=\"https:\/\/splitcityparking.com\/hu\/hol-parkoljon-splitben-a-nagyobb-rendezvenyeken-a-year-round-guide\/\" \/>\n<meta property=\"og:site_name\" content=\"Split City Parking\" \/>\n<meta property=\"article:published_time\" content=\"2025-03-11T12:23:05+00:00\" \/>\n<meta property=\"article:modified_time\" content=\"2025-03-11T12:25:19+00:00\" \/>\n<meta property=\"og:image\" content=\"https:\/\/splitcityparking.com\/wp-content\/uploads\/2025\/03\/vibrant-night-cityscape-of-split-seeing-from-marjan-hill-viewpoint-croatia.jpg\" \/>\n\t<meta property=\"og:image:width\" content=\"2000\" \/>\n\t<meta property=\"og:image:height\" content=\"1333\" \/>\n\t<meta property=\"og:image:type\" content=\"image\/jpeg\" \/>\n<meta name=\"author\" content=\"parking\" \/>\n<meta name=\"twitter:card\" content=\"summary_large_image\" \/>\n<meta name=\"twitter:label1\" content=\"Szerz\u0151:\" \/>\n\t<meta name=\"twitter:data1\" content=\"parking\" \/>\n\t<meta name=\"twitter:label2\" content=\"Becs\u00fclt olvas\u00e1si id\u0151\" \/>\n\t<meta name=\"twitter:data2\" content=\"38 perc\" \/>\n<script type=\"application\/ld+json\" class=\"yoast-schema-graph\">{\"@context\":\"https:\\\/\\\/schema.org\",\"@graph\":[{\"@type\":\"Article\",\"@id\":\"https:\\\/\\\/splitcityparking.com\\\/hu\\\/hol-parkoljon-splitben-a-nagyobb-rendezvenyeken-a-year-round-guide\\\/#article\",\"isPartOf\":{\"@id\":\"https:\\\/\\\/splitcityparking.com\\\/hu\\\/hol-parkoljon-splitben-a-nagyobb-rendezvenyeken-a-year-round-guide\\\/\"},\"author\":{\"name\":\"parking\",\"@id\":\"https:\\\/\\\/splitcityparking.com\\\/hu\\\/#\\\/schema\\\/person\\\/67bfeb6a49b0026ad87cee0923224dd6\"},\"headline\":\"Hol parkoljon Splitben a nagyobb rendezv\u00e9nyeken: A Year-Round Guide\",\"datePublished\":\"2025-03-11T12:23:05+00:00\",\"dateModified\":\"2025-03-11T12:25:19+00:00\",\"mainEntityOfPage\":{\"@id\":\"https:\\\/\\\/splitcityparking.com\\\/hu\\\/hol-parkoljon-splitben-a-nagyobb-rendezvenyeken-a-year-round-guide\\\/\"},\"wordCount\":7572,\"commentCount\":0,\"image\":{\"@id\":\"https:\\\/\\\/splitcityparking.com\\\/hu\\\/hol-parkoljon-splitben-a-nagyobb-rendezvenyeken-a-year-round-guide\\\/#primaryimage\"},\"thumbnailUrl\":\"https:\\\/\\\/splitcityparking.com\\\/wp-content\\\/uploads\\\/2025\\\/03\\\/vibrant-night-cityscape-of-split-seeing-from-marjan-hill-viewpoint-croatia.jpg\",\"articleSection\":[\"Uncategorized @hu\"],\"inLanguage\":\"hu\",\"potentialAction\":[{\"@type\":\"CommentAction\",\"name\":\"Comment\",\"target\":[\"https:\\\/\\\/splitcityparking.com\\\/hu\\\/hol-parkoljon-splitben-a-nagyobb-rendezvenyeken-a-year-round-guide\\\/#respond\"]}]},{\"@type\":\"WebPage\",\"@id\":\"https:\\\/\\\/splitcityparking.com\\\/hu\\\/hol-parkoljon-splitben-a-nagyobb-rendezvenyeken-a-year-round-guide\\\/\",\"url\":\"https:\\\/\\\/splitcityparking.com\\\/hu\\\/hol-parkoljon-splitben-a-nagyobb-rendezvenyeken-a-year-round-guide\\\/\",\"name\":\"Hol parkoljon Splitben a nagyobb rendezv\u00e9nyeken: A Year-Round Guide - Split City Parking\",\"isPartOf\":{\"@id\":\"https:\\\/\\\/splitcityparking.com\\\/hu\\\/#website\"},\"primaryImageOfPage\":{\"@id\":\"https:\\\/\\\/splitcityparking.com\\\/hu\\\/hol-parkoljon-splitben-a-nagyobb-rendezvenyeken-a-year-round-guide\\\/#primaryimage\"},\"image\":{\"@id\":\"https:\\\/\\\/splitcityparking.com\\\/hu\\\/hol-parkoljon-splitben-a-nagyobb-rendezvenyeken-a-year-round-guide\\\/#primaryimage\"},\"thumbnailUrl\":\"https:\\\/\\\/splitcityparking.com\\\/wp-content\\\/uploads\\\/2025\\\/03\\\/vibrant-night-cityscape-of-split-seeing-from-marjan-hill-viewpoint-croatia.jpg\",\"datePublished\":\"2025-03-11T12:23:05+00:00\",\"dateModified\":\"2025-03-11T12:25:19+00:00\",\"author\":{\"@id\":\"https:\\\/\\\/splitcityparking.com\\\/hu\\\/#\\\/schema\\\/person\\\/67bfeb6a49b0026ad87cee0923224dd6\"},\"breadcrumb\":{\"@id\":\"https:\\\/\\\/splitcityparking.com\\\/hu\\\/hol-parkoljon-splitben-a-nagyobb-rendezvenyeken-a-year-round-guide\\\/#breadcrumb\"},\"inLanguage\":\"hu\",\"potentialAction\":[{\"@type\":\"ReadAction\",\"target\":[\"https:\\\/\\\/splitcityparking.com\\\/hu\\\/hol-parkoljon-splitben-a-nagyobb-rendezvenyeken-a-year-round-guide\\\/\"]}]},{\"@type\":\"ImageObject\",\"inLanguage\":\"hu\",\"@id\":\"https:\\\/\\\/splitcityparking.com\\\/hu\\\/hol-parkoljon-splitben-a-nagyobb-rendezvenyeken-a-year-round-guide\\\/#primaryimage\",\"url\":\"https:\\\/\\\/splitcityparking.com\\\/wp-content\\\/uploads\\\/2025\\\/03\\\/vibrant-night-cityscape-of-split-seeing-from-marjan-hill-viewpoint-croatia.jpg\",\"contentUrl\":\"https:\\\/\\\/splitcityparking.com\\\/wp-content\\\/uploads\\\/2025\\\/03\\\/vibrant-night-cityscape-of-split-seeing-from-marjan-hill-viewpoint-croatia.jpg\",\"width\":2000,\"height\":1333,\"caption\":\"Vibrant Night Cityscape of Split seeing from Marjan hill viewpoint, Croatia\"},{\"@type\":\"BreadcrumbList\",\"@id\":\"https:\\\/\\\/splitcityparking.com\\\/hu\\\/hol-parkoljon-splitben-a-nagyobb-rendezvenyeken-a-year-round-guide\\\/#breadcrumb\",\"itemListElement\":[{\"@type\":\"ListItem\",\"position\":1,\"name\":\"Home\",\"item\":\"https:\\\/\\\/splitcityparking.com\\\/hu\\\/split-city-parkolas\\\/\"},{\"@type\":\"ListItem\",\"position\":2,\"name\":\"Hol parkoljon Splitben a nagyobb rendezv\u00e9nyeken: A Year-Round Guide\"}]},{\"@type\":\"WebSite\",\"@id\":\"https:\\\/\\\/splitcityparking.com\\\/hu\\\/#website\",\"url\":\"https:\\\/\\\/splitcityparking.com\\\/hu\\\/\",\"name\":\"Split City Parking\",\"description\":\"Parking and parking garages in Split. Reserve now and secure your parking space in our garage!\",\"potentialAction\":[{\"@type\":\"SearchAction\",\"target\":{\"@type\":\"EntryPoint\",\"urlTemplate\":\"https:\\\/\\\/splitcityparking.com\\\/hu\\\/?s={search_term_string}\"},\"query-input\":{\"@type\":\"PropertyValueSpecification\",\"valueRequired\":true,\"valueName\":\"search_term_string\"}}],\"inLanguage\":\"hu\"},{\"@type\":\"Person\",\"@id\":\"https:\\\/\\\/splitcityparking.com\\\/hu\\\/#\\\/schema\\\/person\\\/67bfeb6a49b0026ad87cee0923224dd6\",\"name\":\"parking\",\"image\":{\"@type\":\"ImageObject\",\"inLanguage\":\"hu\",\"@id\":\"https:\\\/\\\/secure.gravatar.com\\\/avatar\\\/5a8a4db074faa17539b9bbbae12ed6d18176060e70861db07ee16c5f81b3b911?s=96&d=mm&r=g\",\"url\":\"https:\\\/\\\/secure.gravatar.com\\\/avatar\\\/5a8a4db074faa17539b9bbbae12ed6d18176060e70861db07ee16c5f81b3b911?s=96&d=mm&r=g\",\"contentUrl\":\"https:\\\/\\\/secure.gravatar.com\\\/avatar\\\/5a8a4db074faa17539b9bbbae12ed6d18176060e70861db07ee16c5f81b3b911?s=96&d=mm&r=g\",\"caption\":\"parking\"},\"sameAs\":[\"https:\\\/\\\/splitcityparking.com\"]}]}<\/script>\n<!-- \/ Yoast SEO plugin. -->","yoast_head_json":{"title":"Hol parkoljon Splitben a nagyobb rendezv\u00e9nyeken: A Year-Round Guide - Split City Parking","robots":{"index":"index","follow":"follow","max-snippet":"max-snippet:-1","max-image-preview":"max-image-preview:large","max-video-preview":"max-video-preview:-1"},"canonical":"https:\/\/splitcityparking.com\/hu\/hol-parkoljon-splitben-a-nagyobb-rendezvenyeken-a-year-round-guide\/","og_locale":"hu_HU","og_type":"article","og_title":"Hol parkoljon Splitben a nagyobb rendezv\u00e9nyeken: A Year-Round Guide - Split City Parking","og_description":"Kutat\u00e1sokat fogok v\u00e9gezni Split f\u0151bb esem\u00e9nyei, k\u00f6zt\u00fck az Ultra Europe, a Diocletianus Napok \u00e9s az Advent Splitben, valamint m\u00e1s jelent\u0151s helyi fesztiv\u00e1lok ut\u00e1n. A cikk parkol\u00e1si tan\u00e1csokkal \u00e9s alternat\u00edv k\u00f6zleked\u00e9si lehet\u0151s\u00e9gekkel szolg\u00e1l majd az ezeken az esem\u00e9nyeken r\u00e9szt vev\u0151 turist\u00e1k sz\u00e1m\u00e1ra. Amint a kutat\u00e1s befejez\u0151dik, elk\u00e9sz\u00edtem a teljes \u00fatmutat\u00f3t, hogy \u00e1tn\u00e9zhess\u00e9tek. Jelent\u0151sebb \u00e9ves esem\u00e9nyek Splitben, [&hellip;]","og_url":"https:\/\/splitcityparking.com\/hu\/hol-parkoljon-splitben-a-nagyobb-rendezvenyeken-a-year-round-guide\/","og_site_name":"Split City Parking","article_published_time":"2025-03-11T12:23:05+00:00","article_modified_time":"2025-03-11T12:25:19+00:00","og_image":[{"width":2000,"height":1333,"url":"https:\/\/splitcityparking.com\/wp-content\/uploads\/2025\/03\/vibrant-night-cityscape-of-split-seeing-from-marjan-hill-viewpoint-croatia.jpg","type":"image\/jpeg"}],"author":"parking","twitter_card":"summary_large_image","twitter_misc":{"Szerz\u0151:":"parking","Becs\u00fclt olvas\u00e1si id\u0151":"38 perc"},"schema":{"@context":"https:\/\/schema.org","@graph":[{"@type":"Article","@id":"https:\/\/splitcityparking.com\/hu\/hol-parkoljon-splitben-a-nagyobb-rendezvenyeken-a-year-round-guide\/#article","isPartOf":{"@id":"https:\/\/splitcityparking.com\/hu\/hol-parkoljon-splitben-a-nagyobb-rendezvenyeken-a-year-round-guide\/"},"author":{"name":"parking","@id":"https:\/\/splitcityparking.com\/hu\/#\/schema\/person\/67bfeb6a49b0026ad87cee0923224dd6"},"headline":"Hol parkoljon Splitben a nagyobb rendezv\u00e9nyeken: A Year-Round Guide","datePublished":"2025-03-11T12:23:05+00:00","dateModified":"2025-03-11T12:25:19+00:00","mainEntityOfPage":{"@id":"https:\/\/splitcityparking.com\/hu\/hol-parkoljon-splitben-a-nagyobb-rendezvenyeken-a-year-round-guide\/"},"wordCount":7572,"commentCount":0,"image":{"@id":"https:\/\/splitcityparking.com\/hu\/hol-parkoljon-splitben-a-nagyobb-rendezvenyeken-a-year-round-guide\/#primaryimage"},"thumbnailUrl":"https:\/\/splitcityparking.com\/wp-content\/uploads\/2025\/03\/vibrant-night-cityscape-of-split-seeing-from-marjan-hill-viewpoint-croatia.jpg","articleSection":["Uncategorized @hu"],"inLanguage":"hu","potentialAction":[{"@type":"CommentAction","name":"Comment","target":["https:\/\/splitcityparking.com\/hu\/hol-parkoljon-splitben-a-nagyobb-rendezvenyeken-a-year-round-guide\/#respond"]}]},{"@type":"WebPage","@id":"https:\/\/splitcityparking.com\/hu\/hol-parkoljon-splitben-a-nagyobb-rendezvenyeken-a-year-round-guide\/","url":"https:\/\/splitcityparking.com\/hu\/hol-parkoljon-splitben-a-nagyobb-rendezvenyeken-a-year-round-guide\/","name":"Hol parkoljon Splitben a nagyobb rendezv\u00e9nyeken: A Year-Round Guide - Split City Parking","isPartOf":{"@id":"https:\/\/splitcityparking.com\/hu\/#website"},"primaryImageOfPage":{"@id":"https:\/\/splitcityparking.com\/hu\/hol-parkoljon-splitben-a-nagyobb-rendezvenyeken-a-year-round-guide\/#primaryimage"},"image":{"@id":"https:\/\/splitcityparking.com\/hu\/hol-parkoljon-splitben-a-nagyobb-rendezvenyeken-a-year-round-guide\/#primaryimage"},"thumbnailUrl":"https:\/\/splitcityparking.com\/wp-content\/uploads\/2025\/03\/vibrant-night-cityscape-of-split-seeing-from-marjan-hill-viewpoint-croatia.jpg","datePublished":"2025-03-11T12:23:05+00:00","dateModified":"2025-03-11T12:25:19+00:00","author":{"@id":"https:\/\/splitcityparking.com\/hu\/#\/schema\/person\/67bfeb6a49b0026ad87cee0923224dd6"},"breadcrumb":{"@id":"https:\/\/splitcityparking.com\/hu\/hol-parkoljon-splitben-a-nagyobb-rendezvenyeken-a-year-round-guide\/#breadcrumb"},"inLanguage":"hu","potentialAction":[{"@type":"ReadAction","target":["https:\/\/splitcityparking.com\/hu\/hol-parkoljon-splitben-a-nagyobb-rendezvenyeken-a-year-round-guide\/"]}]},{"@type":"ImageObject","inLanguage":"hu","@id":"https:\/\/splitcityparking.com\/hu\/hol-parkoljon-splitben-a-nagyobb-rendezvenyeken-a-year-round-guide\/#primaryimage","url":"https:\/\/splitcityparking.com\/wp-content\/uploads\/2025\/03\/vibrant-night-cityscape-of-split-seeing-from-marjan-hill-viewpoint-croatia.jpg","contentUrl":"https:\/\/splitcityparking.com\/wp-content\/uploads\/2025\/03\/vibrant-night-cityscape-of-split-seeing-from-marjan-hill-viewpoint-croatia.jpg","width":2000,"height":1333,"caption":"Vibrant Night Cityscape of Split seeing from Marjan hill viewpoint, Croatia"},{"@type":"BreadcrumbList","@id":"https:\/\/splitcityparking.com\/hu\/hol-parkoljon-splitben-a-nagyobb-rendezvenyeken-a-year-round-guide\/#breadcrumb","itemListElement":[{"@type":"ListItem","position":1,"name":"Home","item":"https:\/\/splitcityparking.com\/hu\/split-city-parkolas\/"},{"@type":"ListItem","position":2,"name":"Hol parkoljon Splitben a nagyobb rendezv\u00e9nyeken: A Year-Round Guide"}]},{"@type":"WebSite","@id":"https:\/\/splitcityparking.com\/hu\/#website","url":"https:\/\/splitcityparking.com\/hu\/","name":"Split City Parking","description":"Parking and parking garages in Split. Reserve now and secure your parking space in our garage!","potentialAction":[{"@type":"SearchAction","target":{"@type":"EntryPoint","urlTemplate":"https:\/\/splitcityparking.com\/hu\/?s={search_term_string}"},"query-input":{"@type":"PropertyValueSpecification","valueRequired":true,"valueName":"search_term_string"}}],"inLanguage":"hu"},{"@type":"Person","@id":"https:\/\/splitcityparking.com\/hu\/#\/schema\/person\/67bfeb6a49b0026ad87cee0923224dd6","name":"parking","image":{"@type":"ImageObject","inLanguage":"hu","@id":"https:\/\/secure.gravatar.com\/avatar\/5a8a4db074faa17539b9bbbae12ed6d18176060e70861db07ee16c5f81b3b911?s=96&d=mm&r=g","url":"https:\/\/secure.gravatar.com\/avatar\/5a8a4db074faa17539b9bbbae12ed6d18176060e70861db07ee16c5f81b3b911?s=96&d=mm&r=g","contentUrl":"https:\/\/secure.gravatar.com\/avatar\/5a8a4db074faa17539b9bbbae12ed6d18176060e70861db07ee16c5f81b3b911?s=96&d=mm&r=g","caption":"parking"},"sameAs":["https:\/\/splitcityparking.com"]}]}},"_links":{"self":[{"href":"https:\/\/splitcityparking.com\/hu\/wp-json\/wp\/v2\/posts\/11433","targetHints":{"allow":["GET"]}}],"collection":[{"href":"https:\/\/splitcityparking.com\/hu\/wp-json\/wp\/v2\/posts"}],"about":[{"href":"https:\/\/splitcityparking.com\/hu\/wp-json\/wp\/v2\/types\/post"}],"author":[{"embeddable":true,"href":"https:\/\/splitcityparking.com\/hu\/wp-json\/wp\/v2\/users\/1"}],"replies":[{"embeddable":true,"href":"https:\/\/splitcityparking.com\/hu\/wp-json\/wp\/v2\/comments?post=11433"}],"version-history":[{"count":1,"href":"https:\/\/splitcityparking.com\/hu\/wp-json\/wp\/v2\/posts\/11433\/revisions"}],"predecessor-version":[{"id":11436,"href":"https:\/\/splitcityparking.com\/hu\/wp-json\/wp\/v2\/posts\/11433\/revisions\/11436"}],"wp:featuredmedia":[{"embeddable":true,"href":"https:\/\/splitcityparking.com\/hu\/wp-json\/wp\/v2\/media\/11409"}],"wp:attachment":[{"href":"https:\/\/splitcityparking.com\/hu\/wp-json\/wp\/v2\/media?parent=11433"}],"wp:term":[{"taxonomy":"category","embeddable":true,"href":"https:\/\/splitcityparking.com\/hu\/wp-json\/wp\/v2\/categories?post=11433"},{"taxonomy":"post_tag","embeddable":true,"href":"https:\/\/splitcityparking.com\/hu\/wp-json\/wp\/v2\/tags?post=11433"}],"curies":[{"name":"wp","href":"https:\/\/api.w.org\/{rel}","templated":true}]}}