{"id":12887,"date":"2025-12-06T07:14:20","date_gmt":"2025-12-06T07:14:20","guid":{"rendered":"https:\/\/splitcityparking.com\/horvat-utdijkoteles-utak-a-turistak-szamara\/"},"modified":"2025-12-06T07:16:24","modified_gmt":"2025-12-06T07:16:24","slug":"horvat-utdijkoteles-utak-a-turistak-szamara","status":"publish","type":"post","link":"https:\/\/splitcityparking.com\/hu\/horvat-utdijkoteles-utak-a-turistak-szamara\/","title":{"rendered":"Horv\u00e1t \u00fatd\u00edjk\u00f6teles utak a turist\u00e1k sz\u00e1m\u00e1ra"},"content":{"rendered":"\n<p>Horv\u00e1t \u00fatd\u00edjk\u00f6teles utak magyar\u00e1zata turist\u00e1knak: \u00c1rak, tippek \u00e9s rejtett k\u00f6lts\u00e9gek (2025 Guide)<br\/>Tervezel egy horv\u00e1torsz\u00e1gi aut\u00f3s kir\u00e1ndul\u00e1st? A gy\u00f6ny\u00f6r\u0171 tengerpartok, szigetek \u00e9s t\u00f6rt\u00e9nelmi v\u00e1rosok miatt az aut\u00f3z\u00e1s az egyik legjobb m\u00f3dja az orsz\u00e1g felfedez\u00e9s\u00e9nek. De miel\u0151tt \u00fatnak indul, okos dolog meg\u00e9rteni, hogyan m\u0171k\u00f6dnek a horv\u00e1t fizet\u0151s utak &#8211; mennyibe ker\u00fclnek, hogyan kell fizetni, \u00e9s hogyan ker\u00fclheti el a felesleges d\u00edjakat.<br\/>Ez az egyszer\u0171 \u00fatmutat\u00f3 seg\u00edt, hogy \u00fagy k\u00e9sz\u00fclj\u00f6n fel, mint egy helyi lakos, \u00e9s stresszmentesen utazhasson.  <\/p>\n\n<h2 class=\"wp-block-heading\"><strong>Kell-e \u00fatd\u00edjat fizetni Horv\u00e1torsz\u00e1gban?<\/strong><\/h2>\n\n<p>Igen. A legt\u00f6bb horv\u00e1torsz\u00e1gi aut\u00f3p\u00e1lya ( <g id=\"gid_0\">autoceste<\/g>) \u00fatd\u00edjk\u00f6teles. Ezek az aut\u00f3p\u00e1ly\u00e1k \u00f6sszek\u00f6tnek:  <\/p>\n\n<ul class=\"wp-block-list\">\n<li>Z\u00e1gr\u00e1b \u2192 Split<\/li>\n\n\n\n<li>Split \u2192 Dubrovnik (r\u00e9szben)<\/li>\n\n\n\n<li>Z\u00e1gr\u00e1b \u2192 Zadar<\/li>\n\n\n\n<li>Rijeka \u2192 Z\u00e1gr\u00e1b<\/li>\n\n\n\n<li>Isztria \u2192 Kvarner \u00e9s Dalm\u00e1cia (alagutakon \u00e9s gyorsforgalmi utakon kereszt\u00fcl)<\/li>\n<\/ul>\n\n<p>Az \u00fatd\u00edj hozz\u00e1j\u00e1rul az utak fenntart\u00e1s\u00e1hoz \u00e9s j\u00f3 \u00e1llapotban tart\u00e1s\u00e1hoz.<\/p>\n\n<h3 class=\"wp-block-heading\">Val\u00f3s idej\u0171 k\u00f6zleked\u00e9si inform\u00e1ci\u00f3kat szeretne?<\/h3>\n\n<p>N\u00e9zze meg a Horv\u00e1t Aut\u00f3klub (HAK) hivatalos honlapj\u00e1t:<br\/>\ud83d\udc49. <a href=\"https:\/\/www.hak.hr\/\"><strong>https:\/\/www.hak.hr<\/strong><\/a> <em>(k\u00fcls\u0151 link)<\/em><\/p>\n\n<h2 class=\"wp-block-heading\"><strong>Hogyan m\u0171k\u00f6dik az \u00fatd\u00edj (egyszer\u0171 magyar\u00e1zat a l\u00e1togat\u00f3k sz\u00e1m\u00e1ra)<\/strong><\/h2>\n\n<p>Horv\u00e1torsz\u00e1g t\u00f6bbnyire <strong>jegyrendszert<\/strong> haszn\u00e1l:<\/p>\n\n<ol class=\"wp-block-list\">\n<li>Az aut\u00f3p\u00e1ly\u00e1ra val\u00f3 felhajt\u00e1skor jegyet kell v\u00e1ltani.<\/li>\n\n\n\n<li>Amikor kisz\u00e1ll, a megtett \u00fat alapj\u00e1n fizet.<\/li>\n<\/ol>\n\n<p>Egyes r\u00f6videbb szakaszok r\u00f6gt\u00f6n <strong>fix d\u00edjat<\/strong> sz\u00e1m\u00edtanak fel.<\/p>\n\n<figure class=\"wp-block-image size-large\"><img fetchpriority=\"high\" decoding=\"async\" width=\"1024\" height=\"682\" src=\"https:\/\/splitcityparking.com\/wp-content\/uploads\/2025\/12\/junction-near-a-mountain-2025-03-08-18-33-19-utc-1024x682.jpg\" alt=\"\" class=\"wp-image-12847\" srcset=\"https:\/\/splitcityparking.com\/wp-content\/uploads\/2025\/12\/junction-near-a-mountain-2025-03-08-18-33-19-utc-1024x682.jpg 1024w, https:\/\/splitcityparking.com\/wp-content\/uploads\/2025\/12\/junction-near-a-mountain-2025-03-08-18-33-19-utc-300x200.jpg 300w, https:\/\/splitcityparking.com\/wp-content\/uploads\/2025\/12\/junction-near-a-mountain-2025-03-08-18-33-19-utc-768x512.jpg 768w, https:\/\/splitcityparking.com\/wp-content\/uploads\/2025\/12\/junction-near-a-mountain-2025-03-08-18-33-19-utc-1536x1023.jpg 1536w, https:\/\/splitcityparking.com\/wp-content\/uploads\/2025\/12\/junction-near-a-mountain-2025-03-08-18-33-19-utc.jpg 1680w\" sizes=\"(max-width: 1024px) 100vw, 1024px\" \/><figcaption class=\"wp-element-caption\">Dr\u00f3nr\u00f3l k\u00e9sz\u00fclt l\u00e9gi felv\u00e9tel egy hegy melletti \u00fatel\u00e1gaz\u00e1sr\u00f3l. K\u00f6zleked\u00e9si \u00e9s infrastruktur\u00e1lis koncepci\u00f3 <\/figcaption><\/figure>\n\n<h2 class=\"wp-block-heading\"><strong>Mennyibe ker\u00fcl az \u00fatd\u00edj? (P\u00e9lda\u00fatvonalak turist\u00e1knak) <\/strong><\/h2>\n\n<p>Az utaz\u00f3k \u00e1ltal\u00e1nosan haszn\u00e1lt \u00fatvonalak:<\/p>\n\n<figure class=\"wp-block-table\"><table class=\"has-fixed-layout\"><thead><tr><th>\u00datvonal<\/th><th>Hozz\u00e1vet\u0151leges \u00e1r (EUR) <\/th><\/tr><\/thead><tbody><tr><td><strong>Z\u00e1gr\u00e1b \u2192 Split<\/strong><\/td><td>\u20ac24-\u20ac27<\/td><\/tr><tr><td><strong>Split \u2192 Dubrovnik<\/strong> (az A1-es aut\u00f3p\u00e1ly\u00e1n kereszt\u00fcl Plo\u010de fel\u00e9)<\/td><td>\u20ac9<\/td><\/tr><tr><td><strong>Z\u00e1gr\u00e1b \u2192 Zadar<\/strong><\/td><td>\u20ac17<\/td><\/tr><tr><td><strong>Z\u00e1gr\u00e1b \u2192 Fiume<\/strong><\/td><td>\u20ac9<\/td><\/tr><tr><td><strong>Zadar \u2192 Split<\/strong><\/td><td>\u20ac8-\u20ac10<\/td><\/tr><\/tbody><\/table><\/figure>\n\n<p>A motorker\u00e9kp\u00e1rok k\u00f6r\u00fclbel\u00fcl <strong>40%-kal kevesebbet<\/strong> fizetnek, m\u00edg a lak\u00f3aut\u00f3k \u00e9s a kisteheraut\u00f3k t\u00f6bbet.<\/p>\n\n<h2 class=\"wp-block-heading\"><strong>Hogyan fizessen az \u00fatd\u00edj\u00e9rt<\/strong><\/h2>\n\n<p>V\u00e1laszthat:<\/p>\n\n<h3 class=\"wp-block-heading\"><strong>1. K\u00e9szp\u00e9nz vagy k\u00e1rtya<\/strong><\/h3>\n\n<p>Csak adja \u00e1t a jegy\u00e9t a p\u00e9nzt\u00e1rosnak, \u00e9s fizessen vele:<\/p>\n\n<ul class=\"wp-block-list\">\n<li>Eur\u00f3 (\u20ac)<\/li>\n\n\n\n<li>Hitelk\u00e1rty\u00e1k<\/li>\n\n\n\n<li>Bet\u00e9ti k\u00e1rty\u00e1k<\/li>\n<\/ul>\n\n<h3 class=\"wp-block-heading\"><strong>2. Elektronikus ENC k\u00e9sz\u00fcl\u00e9k (a legjobb megold\u00e1s hosszabb utakra)<\/strong><\/h3>\n\n<p>Az ENC ad:<\/p>\n\n<ul class=\"wp-block-list\">\n<li>Ak\u00e1r 21% kedvezm\u00e9ny<\/li>\n\n\n\n<li>Hozz\u00e1f\u00e9r\u00e9s a gyors\u00edt\u00f3s\u00e1vokhoz<\/li>\n\n\n\n<li>Nem kell minden standn\u00e1l meg\u00e1llni<\/li>\n<\/ul>\n\n<p>Nagyszer\u0171 a t\u00f6bb hossz\u00fa utat tervez\u0151 utaz\u00f3k sz\u00e1m\u00e1ra.<\/p>\n\n<h3 class=\"wp-block-heading\"><strong>3. Automatikus g\u00e9pek<\/strong><\/h3>\n\n<p>N\u00e9h\u00e1ny kij\u00e1ratn\u00e1l p\u00e9nzt\u00e1ros n\u00e9lk\u00fcl is lehet fizetni. K\u00f6nnyen haszn\u00e1lhat\u00f3, minden angolul. <\/p>\n\n<h2 class=\"wp-block-heading\"><strong>Extra k\u00f6lts\u00e9gek, amelyekre a turist\u00e1k nem sz\u00e1m\u00edtanak<\/strong><\/h2>\n\n<p>Sok utaz\u00f3t meglepnek ezek:<\/p>\n\n<h3 class=\"wp-block-heading\"><strong>1. Ny\u00e1ri \u00e1remel\u00e9s<\/strong><\/h3>\n\n<p>J\u00fanius v\u00e9g\u00e9t\u0151l szeptember v\u00e9g\u00e9ig az \u00e1rak <strong>k\u00f6r\u00fclbel\u00fcl 10%-kal<\/strong> emelkednek.<\/p>\n\n<h3 class=\"wp-block-heading\"><strong>2. Elveszett jegy = maxim\u00e1lis d\u00edj<\/strong><\/h3>\n\n<p>Ha elvesz\u00edti a jegy\u00e9t, akkor a <strong>legmagasabb \u00fatd\u00edjat<\/strong> kell fizetnie <strong>az \u00fatvonal\u00e1\u00e9rt<\/strong>, m\u00e9g akkor is, ha csak n\u00e9h\u00e1ny kij\u00e1ratot vezetett.<\/p>\n\n<h3 class=\"wp-block-heading\"><strong>3. Az alagutak n\u00f6velhetik a k\u00f6lts\u00e9geket<\/strong><\/h3>\n\n<p>A legt\u00f6bb j\u00e1rat tartalmazza az \u00e1rakat, de n\u00e9h\u00e1ny region\u00e1lis alag\u00fat k\u00fcl\u00f6n d\u00edjaz\u00e1sban r\u00e9szes\u00fcl.<\/p>\n\n<h3 class=\"wp-block-heading\"><strong>4. Hiba a rossz s\u00e1vban<\/strong><\/h3>\n\n<p>Az ENC-s\u00e1vba ENC-eszk\u00f6z n\u00e9lk\u00fcl t\u00f6rt\u00e9n\u0151 behajt\u00e1s k\u00e9s\u00e9seket okozhat.<\/p>\n\n<h2 class=\"wp-block-heading\"><strong>Helyi tippek a p\u00e9nzmegtakar\u00edt\u00e1shoz az \u00faton<\/strong><\/h2>\n\n<h3 class=\"wp-block-heading\"><strong>\u2714 Ker\u00fclje az aut\u00f3p\u00e1ly\u00e1kat r\u00f6vid t\u00e1vols\u00e1gokon<\/strong><\/h3>\n\n<p>P\u00e9ld\u00e1ul a <strong>Split \u00e9s Omi\u0161<\/strong> vagy <strong>Zadar \u00e9s Nin<\/strong> k\u00f6z\u00f6tti k\u00f6zleked\u00e9s d\u00edjmentes \u00e9s m\u00e9g mindig nagyon gyors.<\/p>\n\n<h3 class=\"wp-block-heading\"><strong>\u2714 Haszn\u00e1lja a fest\u0151i utakat, ha nem siet\u0151s a dolga<\/strong><\/h3>\n\n<p>A h\u00edres tengerparti \u00fat (D8 vagy &#8222;Jadranska Magistrala&#8221;) szabad, gy\u00f6ny\u00f6r\u0171 \u00e9s t\u00f6k\u00e9letes a fot\u00f3z\u00e1shoz.<\/p>\n\n<h3 class=\"wp-block-heading\"><strong>\u2714 Parkol\u00e1si terv nagyobb v\u00e1rosokban<\/strong><\/h3>\n\n<p>Az olyan v\u00e1rosokban, mint Split, Dubrovnik \u00e9s Zadar, szigor\u00fa parkol\u00e1si z\u00f3n\u00e1k vannak.<br\/>Ha Splitbe l\u00e1togatsz, itt n\u00e9zd meg a <strong>helyi parkol\u00e1si z\u00f3n\u00e1kat, t\u00e9rk\u00e9peket \u00e9s szab\u00e1lyokat<\/strong>:<br\/>\ud83d\udc49.<a href=\"https:\/\/splitcityparking.com\/hu\/\"> <strong>Split parkol\u00e1si z\u00f3n\u00e1k \u00e9s tarif\u00e1k<\/strong><\/a><\/p>\n\n<h3 class=\"wp-block-heading\"><strong>\u2714 Utazzon kor\u00e1n reggel ny\u00e1ron<\/strong><\/h3>\n\n<p>A sorok 10:00 \u00e9s 18:00 \u00f3ra k\u00f6z\u00f6tt kilom\u00e9teres hossz\u00fas\u00e1g\u00faak lehetnek.<\/p>\n\n<h2 class=\"wp-block-heading\"><strong>Vezet\u00e9si tippek az els\u0151 l\u00e1togat\u00f3knak<\/strong><\/h2>\n\n<h3 class=\"wp-block-heading\"><strong>Sz\u00fcks\u00e9ged van a f\u00e9nyre nappal<\/strong><\/h3>\n\n<p>Ez a t\u00f6rv\u00e9ny.<\/p>\n\n<h3 class=\"wp-block-heading\"><strong>A sebess\u00e9ghat\u00e1rokat szigor\u00faan betartj\u00e1k<\/strong><\/h3>\n\n<p>Az aut\u00f3p\u00e1ly\u00e1kon sz\u00e1mos kamer\u00e1t telep\u00edtettek.<\/p>\n\n<h3 class=\"wp-block-heading\"><strong>Gyakoriak az \u00fczemanyagt\u00f6lt\u0151 \u00e1llom\u00e1sok<\/strong><\/h3>\n\n<p>A legt\u00f6bbj\u00fck \u00e9jjel-nappal nyitva van, tiszta WC-kkel \u00e9s k\u00e1v\u00e9z\u00f3kkal.<\/p>\n\n<h3 class=\"wp-block-heading\"><strong>A Pelje\u0161ac h\u00edd d\u00edjmentes<\/strong><\/h3>\n\n<p>Nagyszer\u0171 h\u00edr mindazoknak, akik Dubrovnikba l\u00e1togatnak.<\/p>\n\n<h2 class=\"wp-block-heading\"><strong>N\u00e9pszer\u0171 turistautak (\u00fatd\u00edjjal)<\/strong><\/h2>\n\n<h3 class=\"wp-block-heading\"><strong>1. Z\u00e1gr\u00e1b \u2192 Plitvicei-tavak \u2192 Zadar \u2192 Split<\/strong><\/h3>\n\n<p>T\u00f6k\u00e9letes egy 5-7 napos \u00fatra.<\/p>\n\n<h3 class=\"wp-block-heading\"><strong>2. Isztriai partvid\u00e9k \u2192 Rijeka \u2192 Zadar \u2192 Split<\/strong><\/h3>\n\n<p>Tele strandokkal, term\u00e9szetv\u00e9delmi parkokkal \u00e9s tengeri herkenty\u0171kkel.<\/p>\n\n<h3 class=\"wp-block-heading\"><strong>3. Split \u2192 Makarska \u2192 Plo\u010de \u2192 Dubrovnik<\/strong><\/h3>\n\n<p>Gy\u00f6ny\u00f6r\u0171 tengerparti utaz\u00e1s nagyszer\u0171 kil\u00e1t\u00e1ssal.<\/p>\n\n<h2 class=\"wp-block-heading\"><strong>GYIK Horv\u00e1torsz\u00e1gban k\u00f6zleked\u0151 turist\u00e1knak<\/strong><\/h2>\n\n<h3 class=\"wp-block-heading\"><strong>Dr\u00e1ga az \u00fatd\u00edj?<\/strong><\/h3>\n\n<p>M\u00e9rs\u00e9kelt. A Z\u00e1gr\u00e1b \u2192 Split \u00fatvonalon k\u00f6r\u00fclbel\u00fcl 25 eur\u00f3ra sz\u00e1m\u00edthat. <\/p>\n\n<h3 class=\"wp-block-heading\"><strong>Elker\u00fclhetem az \u00fatd\u00edjat?<\/strong><\/h3>\n\n<p>Igen! De az utaz\u00e1si id\u0151 megn\u0151. <\/p>\n\n<h3 class=\"wp-block-heading\"><strong>Fizethetek USD-ben vagy GBP-ben?<\/strong><\/h3>\n\n<p>Nem &#8211; csak eur\u00f3.<\/p>\n\n<h3 class=\"wp-block-heading\"><strong>K\u00f6nny\u0171 aut\u00f3t b\u00e9relni Horv\u00e1torsz\u00e1gban?<\/strong><\/h3>\n\n<p>Igen, k\u00fcl\u00f6n\u00f6sen Splitben \u00e9s Dubrovnikban.<\/p>\n","protected":false},"excerpt":{"rendered":"<p>Horv\u00e1t \u00fatd\u00edjk\u00f6teles utak magyar\u00e1zata turist\u00e1knak: \u00c1rak, tippek \u00e9s rejtett k\u00f6lts\u00e9gek (2025 Guide)Tervezel egy horv\u00e1torsz\u00e1gi aut\u00f3s kir\u00e1ndul\u00e1st? A gy\u00f6ny\u00f6r\u0171 tengerpartok, szigetek \u00e9s t\u00f6rt\u00e9nelmi v\u00e1rosok miatt az aut\u00f3z\u00e1s az egyik legjobb m\u00f3dja az orsz\u00e1g felfedez\u00e9s\u00e9nek. De miel\u0151tt \u00fatnak indul, okos dolog meg\u00e9rteni, hogyan m\u0171k\u00f6dnek a horv\u00e1t fizet\u0151s utak &#8211; mennyibe ker\u00fclnek, hogyan kell fizetni, \u00e9s hogyan ker\u00fclheti [&hellip;]<\/p>\n","protected":false},"author":1,"featured_media":12888,"comment_status":"open","ping_status":"open","sticky":false,"template":"","format":"standard","meta":{"footnotes":""},"categories":[168],"tags":[],"class_list":["post-12887","post","type-post","status-publish","format-standard","has-post-thumbnail","hentry","category-uncategorized-hu"],"yoast_head":"<!-- This site is optimized with the Yoast SEO plugin v27.4 - https:\/\/yoast.com\/product\/yoast-seo-wordpress\/ -->\n<title>Horv\u00e1t \u00fatd\u00edjk\u00f6teles utak a turist\u00e1k sz\u00e1m\u00e1ra - Split City Parking<\/title>\n<meta name=\"robots\" content=\"index, follow, max-snippet:-1, max-image-preview:large, max-video-preview:-1\" \/>\n<link rel=\"canonical\" href=\"https:\/\/splitcityparking.com\/hu\/horvat-utdijkoteles-utak-a-turistak-szamara\/\" \/>\n<meta property=\"og:locale\" content=\"hu_HU\" \/>\n<meta property=\"og:type\" content=\"article\" \/>\n<meta property=\"og:title\" content=\"Horv\u00e1t \u00fatd\u00edjk\u00f6teles utak a turist\u00e1k sz\u00e1m\u00e1ra - Split City Parking\" \/>\n<meta property=\"og:description\" content=\"Horv\u00e1t \u00fatd\u00edjk\u00f6teles utak magyar\u00e1zata turist\u00e1knak: \u00c1rak, tippek \u00e9s rejtett k\u00f6lts\u00e9gek (2025 Guide)Tervezel egy horv\u00e1torsz\u00e1gi aut\u00f3s kir\u00e1ndul\u00e1st? A gy\u00f6ny\u00f6r\u0171 tengerpartok, szigetek \u00e9s t\u00f6rt\u00e9nelmi v\u00e1rosok miatt az aut\u00f3z\u00e1s az egyik legjobb m\u00f3dja az orsz\u00e1g felfedez\u00e9s\u00e9nek. De miel\u0151tt \u00fatnak indul, okos dolog meg\u00e9rteni, hogyan m\u0171k\u00f6dnek a horv\u00e1t fizet\u0151s utak &#8211; mennyibe ker\u00fclnek, hogyan kell fizetni, \u00e9s hogyan ker\u00fclheti [&hellip;]\" \/>\n<meta property=\"og:url\" content=\"https:\/\/splitcityparking.com\/hu\/horvat-utdijkoteles-utak-a-turistak-szamara\/\" \/>\n<meta property=\"og:site_name\" content=\"Split City Parking\" \/>\n<meta property=\"article:published_time\" content=\"2025-12-06T07:14:20+00:00\" \/>\n<meta property=\"article:modified_time\" content=\"2025-12-06T07:16:24+00:00\" \/>\n<meta property=\"og:image\" content=\"https:\/\/splitcityparking.com\/wp-content\/uploads\/2025\/12\/amazing-aerial-view-of-the-peljesac-bridge-2024-12-06-04-46-25-utc.jpg\" \/>\n\t<meta property=\"og:image:width\" content=\"1680\" \/>\n\t<meta property=\"og:image:height\" content=\"1258\" \/>\n\t<meta property=\"og:image:type\" content=\"image\/jpeg\" \/>\n<meta name=\"author\" content=\"parking\" \/>\n<meta name=\"twitter:card\" content=\"summary_large_image\" \/>\n<meta name=\"twitter:label1\" content=\"Szerz\u0151:\" \/>\n\t<meta name=\"twitter:data1\" content=\"parking\" \/>\n\t<meta name=\"twitter:label2\" content=\"Becs\u00fclt olvas\u00e1si id\u0151\" \/>\n\t<meta name=\"twitter:data2\" content=\"5 perc\" \/>\n<script type=\"application\/ld+json\" class=\"yoast-schema-graph\">{\"@context\":\"https:\\\/\\\/schema.org\",\"@graph\":[{\"@type\":\"Article\",\"@id\":\"https:\\\/\\\/splitcityparking.com\\\/hu\\\/horvat-utdijkoteles-utak-a-turistak-szamara\\\/#article\",\"isPartOf\":{\"@id\":\"https:\\\/\\\/splitcityparking.com\\\/hu\\\/horvat-utdijkoteles-utak-a-turistak-szamara\\\/\"},\"author\":{\"name\":\"parking\",\"@id\":\"https:\\\/\\\/splitcityparking.com\\\/hu\\\/#\\\/schema\\\/person\\\/67bfeb6a49b0026ad87cee0923224dd6\"},\"headline\":\"Horv\u00e1t \u00fatd\u00edjk\u00f6teles utak a turist\u00e1k sz\u00e1m\u00e1ra\",\"datePublished\":\"2025-12-06T07:14:20+00:00\",\"dateModified\":\"2025-12-06T07:16:24+00:00\",\"mainEntityOfPage\":{\"@id\":\"https:\\\/\\\/splitcityparking.com\\\/hu\\\/horvat-utdijkoteles-utak-a-turistak-szamara\\\/\"},\"wordCount\":965,\"commentCount\":0,\"image\":{\"@id\":\"https:\\\/\\\/splitcityparking.com\\\/hu\\\/horvat-utdijkoteles-utak-a-turistak-szamara\\\/#primaryimage\"},\"thumbnailUrl\":\"https:\\\/\\\/splitcityparking.com\\\/wp-content\\\/uploads\\\/2025\\\/12\\\/amazing-aerial-view-of-the-peljesac-bridge-2024-12-06-04-46-25-utc.jpg\",\"articleSection\":[\"Uncategorized @hu\"],\"inLanguage\":\"hu\",\"potentialAction\":[{\"@type\":\"CommentAction\",\"name\":\"Comment\",\"target\":[\"https:\\\/\\\/splitcityparking.com\\\/hu\\\/horvat-utdijkoteles-utak-a-turistak-szamara\\\/#respond\"]}]},{\"@type\":\"WebPage\",\"@id\":\"https:\\\/\\\/splitcityparking.com\\\/hu\\\/horvat-utdijkoteles-utak-a-turistak-szamara\\\/\",\"url\":\"https:\\\/\\\/splitcityparking.com\\\/hu\\\/horvat-utdijkoteles-utak-a-turistak-szamara\\\/\",\"name\":\"Horv\u00e1t \u00fatd\u00edjk\u00f6teles utak a turist\u00e1k sz\u00e1m\u00e1ra - Split City Parking\",\"isPartOf\":{\"@id\":\"https:\\\/\\\/splitcityparking.com\\\/hu\\\/#website\"},\"primaryImageOfPage\":{\"@id\":\"https:\\\/\\\/splitcityparking.com\\\/hu\\\/horvat-utdijkoteles-utak-a-turistak-szamara\\\/#primaryimage\"},\"image\":{\"@id\":\"https:\\\/\\\/splitcityparking.com\\\/hu\\\/horvat-utdijkoteles-utak-a-turistak-szamara\\\/#primaryimage\"},\"thumbnailUrl\":\"https:\\\/\\\/splitcityparking.com\\\/wp-content\\\/uploads\\\/2025\\\/12\\\/amazing-aerial-view-of-the-peljesac-bridge-2024-12-06-04-46-25-utc.jpg\",\"datePublished\":\"2025-12-06T07:14:20+00:00\",\"dateModified\":\"2025-12-06T07:16:24+00:00\",\"author\":{\"@id\":\"https:\\\/\\\/splitcityparking.com\\\/hu\\\/#\\\/schema\\\/person\\\/67bfeb6a49b0026ad87cee0923224dd6\"},\"breadcrumb\":{\"@id\":\"https:\\\/\\\/splitcityparking.com\\\/hu\\\/horvat-utdijkoteles-utak-a-turistak-szamara\\\/#breadcrumb\"},\"inLanguage\":\"hu\",\"potentialAction\":[{\"@type\":\"ReadAction\",\"target\":[\"https:\\\/\\\/splitcityparking.com\\\/hu\\\/horvat-utdijkoteles-utak-a-turistak-szamara\\\/\"]}]},{\"@type\":\"ImageObject\",\"inLanguage\":\"hu\",\"@id\":\"https:\\\/\\\/splitcityparking.com\\\/hu\\\/horvat-utdijkoteles-utak-a-turistak-szamara\\\/#primaryimage\",\"url\":\"https:\\\/\\\/splitcityparking.com\\\/wp-content\\\/uploads\\\/2025\\\/12\\\/amazing-aerial-view-of-the-peljesac-bridge-2024-12-06-04-46-25-utc.jpg\",\"contentUrl\":\"https:\\\/\\\/splitcityparking.com\\\/wp-content\\\/uploads\\\/2025\\\/12\\\/amazing-aerial-view-of-the-peljesac-bridge-2024-12-06-04-46-25-utc.jpg\",\"width\":1680,\"height\":1258,\"caption\":\"Csod\u00e1latos l\u00e9gi felv\u00e9tel a Peljesac h\u00eddr\u00f3l, amely \u00f6sszek\u00f6ti a sz\u00e1razf\u00f6ldet a f\u00e9lszigettel, a horv\u00e1torsz\u00e1gi Ston k\u00f6zel\u00e9ben.\"},{\"@type\":\"BreadcrumbList\",\"@id\":\"https:\\\/\\\/splitcityparking.com\\\/hu\\\/horvat-utdijkoteles-utak-a-turistak-szamara\\\/#breadcrumb\",\"itemListElement\":[{\"@type\":\"ListItem\",\"position\":1,\"name\":\"Home\",\"item\":\"https:\\\/\\\/splitcityparking.com\\\/hu\\\/split-city-parkolas\\\/\"},{\"@type\":\"ListItem\",\"position\":2,\"name\":\"Horv\u00e1t \u00fatd\u00edjk\u00f6teles utak a turist\u00e1k sz\u00e1m\u00e1ra\"}]},{\"@type\":\"WebSite\",\"@id\":\"https:\\\/\\\/splitcityparking.com\\\/hu\\\/#website\",\"url\":\"https:\\\/\\\/splitcityparking.com\\\/hu\\\/\",\"name\":\"Split City Parking\",\"description\":\"Parking and parking garages in Split. Reserve now and secure your parking space in our garage!\",\"potentialAction\":[{\"@type\":\"SearchAction\",\"target\":{\"@type\":\"EntryPoint\",\"urlTemplate\":\"https:\\\/\\\/splitcityparking.com\\\/hu\\\/?s={search_term_string}\"},\"query-input\":{\"@type\":\"PropertyValueSpecification\",\"valueRequired\":true,\"valueName\":\"search_term_string\"}}],\"inLanguage\":\"hu\"},{\"@type\":\"Person\",\"@id\":\"https:\\\/\\\/splitcityparking.com\\\/hu\\\/#\\\/schema\\\/person\\\/67bfeb6a49b0026ad87cee0923224dd6\",\"name\":\"parking\",\"image\":{\"@type\":\"ImageObject\",\"inLanguage\":\"hu\",\"@id\":\"https:\\\/\\\/secure.gravatar.com\\\/avatar\\\/5a8a4db074faa17539b9bbbae12ed6d18176060e70861db07ee16c5f81b3b911?s=96&d=mm&r=g\",\"url\":\"https:\\\/\\\/secure.gravatar.com\\\/avatar\\\/5a8a4db074faa17539b9bbbae12ed6d18176060e70861db07ee16c5f81b3b911?s=96&d=mm&r=g\",\"contentUrl\":\"https:\\\/\\\/secure.gravatar.com\\\/avatar\\\/5a8a4db074faa17539b9bbbae12ed6d18176060e70861db07ee16c5f81b3b911?s=96&d=mm&r=g\",\"caption\":\"parking\"},\"sameAs\":[\"https:\\\/\\\/splitcityparking.com\"]}]}<\/script>\n<!-- \/ Yoast SEO plugin. -->","yoast_head_json":{"title":"Horv\u00e1t \u00fatd\u00edjk\u00f6teles utak a turist\u00e1k sz\u00e1m\u00e1ra - Split City Parking","robots":{"index":"index","follow":"follow","max-snippet":"max-snippet:-1","max-image-preview":"max-image-preview:large","max-video-preview":"max-video-preview:-1"},"canonical":"https:\/\/splitcityparking.com\/hu\/horvat-utdijkoteles-utak-a-turistak-szamara\/","og_locale":"hu_HU","og_type":"article","og_title":"Horv\u00e1t \u00fatd\u00edjk\u00f6teles utak a turist\u00e1k sz\u00e1m\u00e1ra - Split City Parking","og_description":"Horv\u00e1t \u00fatd\u00edjk\u00f6teles utak magyar\u00e1zata turist\u00e1knak: \u00c1rak, tippek \u00e9s rejtett k\u00f6lts\u00e9gek (2025 Guide)Tervezel egy horv\u00e1torsz\u00e1gi aut\u00f3s kir\u00e1ndul\u00e1st? A gy\u00f6ny\u00f6r\u0171 tengerpartok, szigetek \u00e9s t\u00f6rt\u00e9nelmi v\u00e1rosok miatt az aut\u00f3z\u00e1s az egyik legjobb m\u00f3dja az orsz\u00e1g felfedez\u00e9s\u00e9nek. De miel\u0151tt \u00fatnak indul, okos dolog meg\u00e9rteni, hogyan m\u0171k\u00f6dnek a horv\u00e1t fizet\u0151s utak &#8211; mennyibe ker\u00fclnek, hogyan kell fizetni, \u00e9s hogyan ker\u00fclheti [&hellip;]","og_url":"https:\/\/splitcityparking.com\/hu\/horvat-utdijkoteles-utak-a-turistak-szamara\/","og_site_name":"Split City Parking","article_published_time":"2025-12-06T07:14:20+00:00","article_modified_time":"2025-12-06T07:16:24+00:00","og_image":[{"width":1680,"height":1258,"url":"https:\/\/splitcityparking.com\/wp-content\/uploads\/2025\/12\/amazing-aerial-view-of-the-peljesac-bridge-2024-12-06-04-46-25-utc.jpg","type":"image\/jpeg"}],"author":"parking","twitter_card":"summary_large_image","twitter_misc":{"Szerz\u0151:":"parking","Becs\u00fclt olvas\u00e1si id\u0151":"5 perc"},"schema":{"@context":"https:\/\/schema.org","@graph":[{"@type":"Article","@id":"https:\/\/splitcityparking.com\/hu\/horvat-utdijkoteles-utak-a-turistak-szamara\/#article","isPartOf":{"@id":"https:\/\/splitcityparking.com\/hu\/horvat-utdijkoteles-utak-a-turistak-szamara\/"},"author":{"name":"parking","@id":"https:\/\/splitcityparking.com\/hu\/#\/schema\/person\/67bfeb6a49b0026ad87cee0923224dd6"},"headline":"Horv\u00e1t \u00fatd\u00edjk\u00f6teles utak a turist\u00e1k sz\u00e1m\u00e1ra","datePublished":"2025-12-06T07:14:20+00:00","dateModified":"2025-12-06T07:16:24+00:00","mainEntityOfPage":{"@id":"https:\/\/splitcityparking.com\/hu\/horvat-utdijkoteles-utak-a-turistak-szamara\/"},"wordCount":965,"commentCount":0,"image":{"@id":"https:\/\/splitcityparking.com\/hu\/horvat-utdijkoteles-utak-a-turistak-szamara\/#primaryimage"},"thumbnailUrl":"https:\/\/splitcityparking.com\/wp-content\/uploads\/2025\/12\/amazing-aerial-view-of-the-peljesac-bridge-2024-12-06-04-46-25-utc.jpg","articleSection":["Uncategorized @hu"],"inLanguage":"hu","potentialAction":[{"@type":"CommentAction","name":"Comment","target":["https:\/\/splitcityparking.com\/hu\/horvat-utdijkoteles-utak-a-turistak-szamara\/#respond"]}]},{"@type":"WebPage","@id":"https:\/\/splitcityparking.com\/hu\/horvat-utdijkoteles-utak-a-turistak-szamara\/","url":"https:\/\/splitcityparking.com\/hu\/horvat-utdijkoteles-utak-a-turistak-szamara\/","name":"Horv\u00e1t \u00fatd\u00edjk\u00f6teles utak a turist\u00e1k sz\u00e1m\u00e1ra - Split City Parking","isPartOf":{"@id":"https:\/\/splitcityparking.com\/hu\/#website"},"primaryImageOfPage":{"@id":"https:\/\/splitcityparking.com\/hu\/horvat-utdijkoteles-utak-a-turistak-szamara\/#primaryimage"},"image":{"@id":"https:\/\/splitcityparking.com\/hu\/horvat-utdijkoteles-utak-a-turistak-szamara\/#primaryimage"},"thumbnailUrl":"https:\/\/splitcityparking.com\/wp-content\/uploads\/2025\/12\/amazing-aerial-view-of-the-peljesac-bridge-2024-12-06-04-46-25-utc.jpg","datePublished":"2025-12-06T07:14:20+00:00","dateModified":"2025-12-06T07:16:24+00:00","author":{"@id":"https:\/\/splitcityparking.com\/hu\/#\/schema\/person\/67bfeb6a49b0026ad87cee0923224dd6"},"breadcrumb":{"@id":"https:\/\/splitcityparking.com\/hu\/horvat-utdijkoteles-utak-a-turistak-szamara\/#breadcrumb"},"inLanguage":"hu","potentialAction":[{"@type":"ReadAction","target":["https:\/\/splitcityparking.com\/hu\/horvat-utdijkoteles-utak-a-turistak-szamara\/"]}]},{"@type":"ImageObject","inLanguage":"hu","@id":"https:\/\/splitcityparking.com\/hu\/horvat-utdijkoteles-utak-a-turistak-szamara\/#primaryimage","url":"https:\/\/splitcityparking.com\/wp-content\/uploads\/2025\/12\/amazing-aerial-view-of-the-peljesac-bridge-2024-12-06-04-46-25-utc.jpg","contentUrl":"https:\/\/splitcityparking.com\/wp-content\/uploads\/2025\/12\/amazing-aerial-view-of-the-peljesac-bridge-2024-12-06-04-46-25-utc.jpg","width":1680,"height":1258,"caption":"Csod\u00e1latos l\u00e9gi felv\u00e9tel a Peljesac h\u00eddr\u00f3l, amely \u00f6sszek\u00f6ti a sz\u00e1razf\u00f6ldet a f\u00e9lszigettel, a horv\u00e1torsz\u00e1gi Ston k\u00f6zel\u00e9ben."},{"@type":"BreadcrumbList","@id":"https:\/\/splitcityparking.com\/hu\/horvat-utdijkoteles-utak-a-turistak-szamara\/#breadcrumb","itemListElement":[{"@type":"ListItem","position":1,"name":"Home","item":"https:\/\/splitcityparking.com\/hu\/split-city-parkolas\/"},{"@type":"ListItem","position":2,"name":"Horv\u00e1t \u00fatd\u00edjk\u00f6teles utak a turist\u00e1k sz\u00e1m\u00e1ra"}]},{"@type":"WebSite","@id":"https:\/\/splitcityparking.com\/hu\/#website","url":"https:\/\/splitcityparking.com\/hu\/","name":"Split City Parking","description":"Parking and parking garages in Split. Reserve now and secure your parking space in our garage!","potentialAction":[{"@type":"SearchAction","target":{"@type":"EntryPoint","urlTemplate":"https:\/\/splitcityparking.com\/hu\/?s={search_term_string}"},"query-input":{"@type":"PropertyValueSpecification","valueRequired":true,"valueName":"search_term_string"}}],"inLanguage":"hu"},{"@type":"Person","@id":"https:\/\/splitcityparking.com\/hu\/#\/schema\/person\/67bfeb6a49b0026ad87cee0923224dd6","name":"parking","image":{"@type":"ImageObject","inLanguage":"hu","@id":"https:\/\/secure.gravatar.com\/avatar\/5a8a4db074faa17539b9bbbae12ed6d18176060e70861db07ee16c5f81b3b911?s=96&d=mm&r=g","url":"https:\/\/secure.gravatar.com\/avatar\/5a8a4db074faa17539b9bbbae12ed6d18176060e70861db07ee16c5f81b3b911?s=96&d=mm&r=g","contentUrl":"https:\/\/secure.gravatar.com\/avatar\/5a8a4db074faa17539b9bbbae12ed6d18176060e70861db07ee16c5f81b3b911?s=96&d=mm&r=g","caption":"parking"},"sameAs":["https:\/\/splitcityparking.com"]}]}},"_links":{"self":[{"href":"https:\/\/splitcityparking.com\/hu\/wp-json\/wp\/v2\/posts\/12887","targetHints":{"allow":["GET"]}}],"collection":[{"href":"https:\/\/splitcityparking.com\/hu\/wp-json\/wp\/v2\/posts"}],"about":[{"href":"https:\/\/splitcityparking.com\/hu\/wp-json\/wp\/v2\/types\/post"}],"author":[{"embeddable":true,"href":"https:\/\/splitcityparking.com\/hu\/wp-json\/wp\/v2\/users\/1"}],"replies":[{"embeddable":true,"href":"https:\/\/splitcityparking.com\/hu\/wp-json\/wp\/v2\/comments?post=12887"}],"version-history":[{"count":2,"href":"https:\/\/splitcityparking.com\/hu\/wp-json\/wp\/v2\/posts\/12887\/revisions"}],"predecessor-version":[{"id":12900,"href":"https:\/\/splitcityparking.com\/hu\/wp-json\/wp\/v2\/posts\/12887\/revisions\/12900"}],"wp:featuredmedia":[{"embeddable":true,"href":"https:\/\/splitcityparking.com\/hu\/wp-json\/wp\/v2\/media\/12888"}],"wp:attachment":[{"href":"https:\/\/splitcityparking.com\/hu\/wp-json\/wp\/v2\/media?parent=12887"}],"wp:term":[{"taxonomy":"category","embeddable":true,"href":"https:\/\/splitcityparking.com\/hu\/wp-json\/wp\/v2\/categories?post=12887"},{"taxonomy":"post_tag","embeddable":true,"href":"https:\/\/splitcityparking.com\/hu\/wp-json\/wp\/v2\/tags?post=12887"}],"curies":[{"name":"wp","href":"https:\/\/api.w.org\/{rel}","templated":true}]}}