{"id":9953,"date":"2023-05-31T16:20:48","date_gmt":"2023-05-31T16:20:48","guid":{"rendered":"https:\/\/splitcityparking.com\/miert-ne-hagyja-az-autojat-a-tuzo-napon\/"},"modified":"2024-11-13T10:17:46","modified_gmt":"2024-11-13T10:17:46","slug":"miert-ne-hagyja-az-autojat-a-tuzo-napon","status":"publish","type":"post","link":"https:\/\/splitcityparking.com\/hu\/miert-ne-hagyja-az-autojat-a-tuzo-napon\/","title":{"rendered":"Mi\u00e9rt ne hagyja az aut\u00f3j\u00e1t a t\u0171z\u0151 napon?"},"content":{"rendered":"\t\t<div data-elementor-type=\"wp-post\" data-elementor-id=\"9953\" class=\"elementor elementor-9953 elementor-5363\" data-elementor-post-type=\"post\">\n\t\t\t\t\t\t<section class=\"elementor-section elementor-top-section elementor-element elementor-element-69b5f8d elementor-section-boxed elementor-section-height-default elementor-section-height-default\" data-id=\"69b5f8d\" data-element_type=\"section\" data-e-type=\"section\">\n\t\t\t\t\t\t<div class=\"elementor-container elementor-column-gap-default\">\n\t\t\t\t\t<div class=\"elementor-column elementor-col-100 elementor-top-column elementor-element elementor-element-a5d221a\" data-id=\"a5d221a\" data-element_type=\"column\" data-e-type=\"column\">\n\t\t\t<div class=\"elementor-widget-wrap elementor-element-populated\">\n\t\t\t\t\t\t<div class=\"elementor-element elementor-element-9a9e8a3 elementor-widget elementor-widget-text-editor\" data-id=\"9a9e8a3\" data-element_type=\"widget\" data-e-type=\"widget\" data-widget_type=\"text-editor.default\">\n\t\t\t\t\t\t\t\t\t<p><span style=\"font-weight: 400;\">Mindannyian megtapasztaltuk m\u00e1r azt a kellemetlen \u00e9rz\u00e9st, amikor egy \u00f3r\u00e1k \u00f3ta a napon s\u00fctk\u00e9rez\u0151 aut\u00f3ban \u00fcl\u00fcnk. De tudta, hogy a nap melege sokkal t\u00f6bb k\u00e1rt okozhat az aut\u00f3j\u00e1ban, mint hogy csak k\u00e9nyelmetlen\u00fcl k\u00e9nyelmetlen\u00fcl \u00fclj\u00f6n benne? Ebben a cikkben megvizsg\u00e1ljuk, hogy a nap milyen k\u00fcl\u00f6nb\u00f6z\u0151 m\u00f3don k\u00e1ros\u00edthatja aut\u00f3j\u00e1t, \u00e9s mit tehet annak v\u00e9delme \u00e9rdek\u00e9ben.  <\/span><\/p>\n<p><span style=\"font-weight: 400;\">Ha Splitbe tervezel utaz\u00e1st, mindenk\u00e9ppen n\u00e9zd meg a k\u00f6vetkez\u0151 oldalakat <\/span><a href=\"https:\/\/splitcityparking.com\/hu\/\"><span style=\"font-weight: 400;\">Split parkol\u00e1s<\/span><\/a><span style=\"font-weight: 400;\">  mint p\u00e9ld\u00e1ul a Split City Parking, amely k\u00e9nyelmes \u00e9s biztons\u00e1gos parkol\u00e1si megold\u00e1sokat k\u00edn\u00e1l a leny\u0171g\u00f6z\u0151 tengerparti v\u00e1rosba l\u00e1togat\u00f3 utaz\u00f3knak. Ez a parkol\u00e1si lehet\u0151s\u00e9g k\u00fcl\u00f6nb\u00f6z\u0151 parkol\u00e1si lehet\u0151s\u00e9geket k\u00edn\u00e1l, hogy megv\u00e9dje aut\u00f3j\u00e1t a t\u0171z\u0151 napt\u00f3l mind\u00f6ssze napi 20\u20ac-\u00e9rt. <\/span><\/p>\n\t\t\t\t\t\t\t\t<\/div>\n\t\t\t\t\t<\/div>\n\t\t<\/div>\n\t\t\t\t\t<\/div>\n\t\t<\/section>\n\t\t\t\t<section class=\"elementor-section elementor-top-section elementor-element elementor-element-ccbfd94 elementor-section-boxed elementor-section-height-default elementor-section-height-default\" data-id=\"ccbfd94\" data-element_type=\"section\" data-e-type=\"section\">\n\t\t\t\t\t\t<div class=\"elementor-container elementor-column-gap-default\">\n\t\t\t\t\t<div class=\"elementor-column elementor-col-100 elementor-top-column elementor-element elementor-element-cd885de\" data-id=\"cd885de\" data-element_type=\"column\" data-e-type=\"column\">\n\t\t\t<div class=\"elementor-widget-wrap elementor-element-populated\">\n\t\t\t\t\t\t<div class=\"elementor-element elementor-element-595fadf elementor-widget elementor-widget-text-editor\" data-id=\"595fadf\" data-element_type=\"widget\" data-e-type=\"widget\" data-widget_type=\"text-editor.default\">\n\t\t\t\t\t\t\t\t\t<h2><span style=\"font-weight: 400;\">Mi t\u00f6rt\u00e9nik az aut\u00f3j\u00e1val a t\u0171z\u0151 napon?  <\/span><\/h2>\n<p><span style=\"font-weight: 400;\">Ha aut\u00f3ja hosszabb ideig a napon parkol, a h\u0151 \u00e9s az UV-sugarak k\u00e1ros\u00edthatj\u00e1k mind a bels\u0151, mind a k\u00fcls\u0151 fel\u00fcletet. A napsugarak hat\u00e1s\u00e1ra a m\u0171szerfal, a korm\u00e1nyker\u00e9k \u00e9s az \u00fcl\u00e9sek kifakulhatnak \u00e9s megrepedhetnek, m\u00edg a h\u0151 hat\u00e1s\u00e1ra az aut\u00f3 belsej\u00e9ben l\u00e9v\u0151 elektronika \u00e9s a m\u0171anyagok elvetemedhetnek \u00e9s meghib\u00e1sodhatnak. Ezenk\u00edv\u00fcl a nap h\u0151je miatt a fest\u00e9k kifakulhat \u00e9s lekophat, a gumiabroncsok kisz\u00e1radhatnak \u00e9s megrepedhetnek, a sz\u00e9lv\u00e9d\u0151 pedig meggyeng\u00fclhet.  <\/span><\/p>\n\t\t\t\t\t\t\t\t<\/div>\n\t\t\t\t\t<\/div>\n\t\t<\/div>\n\t\t\t\t\t<\/div>\n\t\t<\/section>\n\t\t\t\t<section class=\"elementor-section elementor-top-section elementor-element elementor-element-7eaeb17 elementor-section-boxed elementor-section-height-default elementor-section-height-default\" data-id=\"7eaeb17\" data-element_type=\"section\" data-e-type=\"section\">\n\t\t\t\t\t\t<div class=\"elementor-container elementor-column-gap-default\">\n\t\t\t\t\t<div class=\"elementor-column elementor-col-100 elementor-top-column elementor-element elementor-element-d8f2ee7\" data-id=\"d8f2ee7\" data-element_type=\"column\" data-e-type=\"column\">\n\t\t\t<div class=\"elementor-widget-wrap elementor-element-populated\">\n\t\t\t\t\t\t<div class=\"elementor-element elementor-element-26cffbf elementor-widget elementor-widget-text-editor\" data-id=\"26cffbf\" data-element_type=\"widget\" data-e-type=\"widget\" data-widget_type=\"text-editor.default\">\n\t\t\t\t\t\t\t\t\t<p><img fetchpriority=\"high\" decoding=\"async\" class=\"aligncenter size-large wp-image-5367\" src=\"https:\/\/splitcityparking.com\/wp-content\/uploads\/2023\/05\/Split-City-Parking_EN-Why-shouldnt-you-leave-your-car-in-the-scorching-sun-2-1024x683.jpg\" alt=\"aut\u00f3 a t\u0171z\u0151 napon\" width=\"800\" height=\"534\" srcset=\"https:\/\/splitcityparking.com\/wp-content\/uploads\/2023\/05\/Split-City-Parking_EN-Why-shouldnt-you-leave-your-car-in-the-scorching-sun-2-1024x683.jpg 1024w, https:\/\/splitcityparking.com\/wp-content\/uploads\/2023\/05\/Split-City-Parking_EN-Why-shouldnt-you-leave-your-car-in-the-scorching-sun-2-300x200.jpg 300w, https:\/\/splitcityparking.com\/wp-content\/uploads\/2023\/05\/Split-City-Parking_EN-Why-shouldnt-you-leave-your-car-in-the-scorching-sun-2-768x512.jpg 768w, https:\/\/splitcityparking.com\/wp-content\/uploads\/2023\/05\/Split-City-Parking_EN-Why-shouldnt-you-leave-your-car-in-the-scorching-sun-2-1536x1025.jpg 1536w, https:\/\/splitcityparking.com\/wp-content\/uploads\/2023\/05\/Split-City-Parking_EN-Why-shouldnt-you-leave-your-car-in-the-scorching-sun-2.jpg 2048w\" sizes=\"(max-width: 800px) 100vw, 800px\" \/><\/p>\n\t\t\t\t\t\t\t\t<\/div>\n\t\t\t\t\t<\/div>\n\t\t<\/div>\n\t\t\t\t\t<\/div>\n\t\t<\/section>\n\t\t\t\t<section class=\"elementor-section elementor-top-section elementor-element elementor-element-6557396 elementor-section-boxed elementor-section-height-default elementor-section-height-default\" data-id=\"6557396\" data-element_type=\"section\" data-e-type=\"section\">\n\t\t\t\t\t\t<div class=\"elementor-container elementor-column-gap-default\">\n\t\t\t\t\t<div class=\"elementor-column elementor-col-100 elementor-top-column elementor-element elementor-element-dea03c9\" data-id=\"dea03c9\" data-element_type=\"column\" data-e-type=\"column\">\n\t\t\t<div class=\"elementor-widget-wrap elementor-element-populated\">\n\t\t\t\t\t\t<div class=\"elementor-element elementor-element-50e97e7 elementor-widget elementor-widget-text-editor\" data-id=\"50e97e7\" data-element_type=\"widget\" data-e-type=\"widget\" data-widget_type=\"text-editor.default\">\n\t\t\t\t\t\t\t\t\t<h3><span style=\"font-weight: 400;\">A bels\u0151 t\u00e9r k\u00e1rosod\u00e1sa<\/span><\/h3>\n<p><span style=\"font-weight: 400;\">Ha aut\u00f3ja a t\u0171z\u0151 nap alatt parkol, az aut\u00f3 belsej\u00e9ben a h\u0151m\u00e9rs\u00e9klet elviselhetetlen\u00fcl magasra emelkedhet. Az aut\u00f3 belsej\u00e9ben uralkod\u00f3 forr\u00f3 h\u0151m\u00e9rs\u00e9klet k\u00e1ros\u00edthatja az aut\u00f3 bels\u0151 r\u00e9szeit.   <\/span><\/p>\n<p><span style=\"font-weight: 400;\">P\u00e9ld\u00e1ul a m\u0171szerfal \u00e9s az \u00fcl\u00e9sek kifakulhatnak, megrepedhetnek vagy elsz\u00ednez\u0151dhetnek. A nap h\u0151je k\u00e1ros\u00edthatja az aut\u00f3 hifi-, navig\u00e1ci\u00f3s \u00e9s kl\u00edmaberendez\u00e9s elektronikus alkatr\u00e9szeit is. <\/span><\/p>\n<p><span style=\"font-weight: 400;\">Ha nincs hozz\u00e1f\u00e9r\u00e9se fedezett vagy <\/span><a href=\"https:\/\/splitcityparking.com\/parking-in-a-garage-vs-outside\/\"><span style=\"font-weight: 400;\">bels\u0151 parkol\u00f3hoz<\/span><\/a><span style=\"font-weight: 400;\">, egy naperny\u0151 haszn\u00e1lata vagy a m\u0171szerfal letakar\u00e1sa egy t\u00f6r\u00fclk\u00f6z\u0151vel vagy ruh\u00e1val szint\u00e9n seg\u00edthet cs\u00f6kkenteni a k\u00f6zvetlen napf\u00e9ny \u00e9s a h\u0151 mennyis\u00e9g\u00e9t, amely bejut az aut\u00f3ba, \u00e9s k\u00e1ros\u00edtja a bels\u0151 teret.<\/span><\/p>\n\t\t\t\t\t\t\t\t<\/div>\n\t\t\t\t\t<\/div>\n\t\t<\/div>\n\t\t\t\t\t<\/div>\n\t\t<\/section>\n\t\t\t\t<section class=\"elementor-section elementor-top-section elementor-element elementor-element-a6487c6 elementor-section-boxed elementor-section-height-default elementor-section-height-default\" data-id=\"a6487c6\" data-element_type=\"section\" data-e-type=\"section\">\n\t\t\t\t\t\t<div class=\"elementor-container elementor-column-gap-default\">\n\t\t\t\t\t<div class=\"elementor-column elementor-col-100 elementor-top-column elementor-element elementor-element-f1f5a12\" data-id=\"f1f5a12\" data-element_type=\"column\" data-e-type=\"column\">\n\t\t\t<div class=\"elementor-widget-wrap elementor-element-populated\">\n\t\t\t\t\t\t<div class=\"elementor-element elementor-element-b3f82e9 elementor-widget elementor-widget-text-editor\" data-id=\"b3f82e9\" data-element_type=\"widget\" data-e-type=\"widget\" data-widget_type=\"text-editor.default\">\n\t\t\t\t\t\t\t\t\t<h3><span style=\"font-weight: 400;\">K\u00fcls\u0151 s\u00e9r\u00fcl\u00e9sek<\/span><\/h3>\n<p><span style=\"font-weight: 400;\">A nap nemcsak az aut\u00f3 belsej\u00e9ben okozhat k\u00e1rt, hanem az aut\u00f3 k\u00fclsej\u00e9ben is. A nap UV-sugarai miatt az aut\u00f3 fest\u00e9se kifakulhat \u00e9s oxid\u00e1l\u00f3dhat, \u00edgy az aut\u00f3 \u00f6regnek \u00e9s elhaszn\u00e1l\u00f3dottnak t\u0171nik.   <\/span><\/p>\n<p><span style=\"font-weight: 400;\">Az aut\u00f3 m\u0171anyag \u00e9s gumi alkatr\u00e9szei, p\u00e9ld\u00e1ul a l\u00f6kh\u00e1r\u00edt\u00f3, a k\u00e1rpitoz\u00e1s \u00e9s a sz\u00e9lv\u00e9d\u0151t\u00f6rl\u0151k szint\u00e9n t\u00f6r\u00e9kenny\u00e9 v\u00e1lhatnak \u00e9s megrepedhetnek a hosszan tart\u00f3 naps\u00fct\u00e9s hat\u00e1s\u00e1ra. Ez\u00e9rt fontos, hogy az aut\u00f3 k\u00fclsej\u00e9t aut\u00f3fed\u00e9l haszn\u00e1lat\u00e1val vagy \u00e1rny\u00e9kos helyen t\u00f6rt\u00e9n\u0151 parkol\u00e1ssal v\u00e9dje. <\/span><\/p>\n\t\t\t\t\t\t\t\t<\/div>\n\t\t\t\t\t<\/div>\n\t\t<\/div>\n\t\t\t\t\t<\/div>\n\t\t<\/section>\n\t\t\t\t<section class=\"elementor-section elementor-top-section elementor-element elementor-element-dab638c elementor-section-boxed elementor-section-height-default elementor-section-height-default\" data-id=\"dab638c\" data-element_type=\"section\" data-e-type=\"section\">\n\t\t\t\t\t\t<div class=\"elementor-container elementor-column-gap-default\">\n\t\t\t\t\t<div class=\"elementor-column elementor-col-100 elementor-top-column elementor-element elementor-element-5b7ce31\" data-id=\"5b7ce31\" data-element_type=\"column\" data-e-type=\"column\">\n\t\t\t<div class=\"elementor-widget-wrap elementor-element-populated\">\n\t\t\t\t\t\t<div class=\"elementor-element elementor-element-6e34159 elementor-widget elementor-widget-text-editor\" data-id=\"6e34159\" data-element_type=\"widget\" data-e-type=\"widget\" data-widget_type=\"text-editor.default\">\n\t\t\t\t\t\t\t\t\t<p><img decoding=\"async\" class=\"aligncenter size-large wp-image-5368\" src=\"https:\/\/splitcityparking.com\/wp-content\/uploads\/2023\/05\/Split-City-Parking_EN-Why-shouldnt-you-leave-your-car-in-the-scorching-sun-3-1024x683.jpg\" alt=\"v\u00e9dje aut\u00f3j\u00e1t a napt\u00f3l\" width=\"800\" height=\"534\" srcset=\"https:\/\/splitcityparking.com\/wp-content\/uploads\/2023\/05\/Split-City-Parking_EN-Why-shouldnt-you-leave-your-car-in-the-scorching-sun-3-1024x683.jpg 1024w, https:\/\/splitcityparking.com\/wp-content\/uploads\/2023\/05\/Split-City-Parking_EN-Why-shouldnt-you-leave-your-car-in-the-scorching-sun-3-300x200.jpg 300w, https:\/\/splitcityparking.com\/wp-content\/uploads\/2023\/05\/Split-City-Parking_EN-Why-shouldnt-you-leave-your-car-in-the-scorching-sun-3-768x512.jpg 768w, https:\/\/splitcityparking.com\/wp-content\/uploads\/2023\/05\/Split-City-Parking_EN-Why-shouldnt-you-leave-your-car-in-the-scorching-sun-3-1536x1024.jpg 1536w, https:\/\/splitcityparking.com\/wp-content\/uploads\/2023\/05\/Split-City-Parking_EN-Why-shouldnt-you-leave-your-car-in-the-scorching-sun-3.jpg 2048w\" sizes=\"(max-width: 800px) 100vw, 800px\" \/><\/p>\n\t\t\t\t\t\t\t\t<\/div>\n\t\t\t\t\t<\/div>\n\t\t<\/div>\n\t\t\t\t\t<\/div>\n\t\t<\/section>\n\t\t\t\t<section class=\"elementor-section elementor-top-section elementor-element elementor-element-d6799ca elementor-section-boxed elementor-section-height-default elementor-section-height-default\" data-id=\"d6799ca\" data-element_type=\"section\" data-e-type=\"section\">\n\t\t\t\t\t\t<div class=\"elementor-container elementor-column-gap-default\">\n\t\t\t\t\t<div class=\"elementor-column elementor-col-100 elementor-top-column elementor-element elementor-element-348431a\" data-id=\"348431a\" data-element_type=\"column\" data-e-type=\"column\">\n\t\t\t<div class=\"elementor-widget-wrap elementor-element-populated\">\n\t\t\t\t\t\t<div class=\"elementor-element elementor-element-eb76ebb elementor-widget elementor-widget-text-editor\" data-id=\"eb76ebb\" data-element_type=\"widget\" data-e-type=\"widget\" data-widget_type=\"text-editor.default\">\n\t\t\t\t\t\t\t\t\t<h2><span style=\"font-weight: 400;\">Hogyan v\u00e9dje aut\u00f3j\u00e1t a napt\u00f3l<\/span><\/h2>\n<p><span style=\"font-weight: 400;\">T\u00f6bbf\u00e9lek\u00e9ppen is megv\u00e9dheti aut\u00f3j\u00e1t a t\u0171z\u0151 napt\u00f3l. El\u0151sz\u00f6r is, pr\u00f3b\u00e1lja meg aut\u00f3j\u00e1t \u00e1rny\u00e9kos helyen parkolni, p\u00e9ld\u00e1ul egy fa alatt vagy   <\/span><a href=\"https:\/\/splitcityparking.com\/advantages-of-parking-in-the-garage\/\"><span style=\"font-weight: 400;\">egy gar\u00e1zsban<\/span><\/a><span style=\"font-weight: 400;\">. If you cannot find a shaded area, use a car cover to protect the car&#8217;s exterior.   <\/span><\/p>\n<p><span style=\"font-weight: 400;\">Haszn\u00e1lhat napellenz\u0151t is, hogy h\u0171v\u00f6sen tartsa az aut\u00f3 belsej\u00e9t, \u00e9s megv\u00e9dje a m\u0171szerfalat \u00e9s az \u00fcl\u00e9seket. Ezenk\u00edv\u00fcl az aut\u00f3 k\u00fclsej\u00e9t UV-v\u00e9d\u0151szerrel is bekenheti, hogy megakad\u00e1lyozza a napsugarak okozta fakul\u00e1st \u00e9s k\u00e1rosod\u00e1st.   <\/span><\/p>\n<p><span style=\"font-weight: 400;\">Ha k\u00f6veti ezeket az egyszer\u0171 tippeket, megv\u00e9dheti aut\u00f3j\u00e1t a nap k\u00e1ros hat\u00e1sait\u00f3l, \u00e9s nyugodtan tudhatja, hogy j\u00e1rm\u0171ve biztons\u00e1gban van, \u00edgy \u00d6n szabadon felfedezheti az \u00f6sszes izgalmas helyet, ahol a napf\u00e9nyt \u00e9s a napf\u00e9nyt is megtapasztalhatja. <\/span><a href=\"https:\/\/splitcityparking.com\/things-to-do-in-split\/\"><span style=\"font-weight: 400;\">Splitben<\/span><\/a><span style=\"font-weight: 400;\"> an\u00e9lk\u00fcl, hogy agg\u00f3dnia kellene aut\u00f3ja miatt<\/span><\/p>\n\t\t\t\t\t\t\t\t<\/div>\n\t\t\t\t\t<\/div>\n\t\t<\/div>\n\t\t\t\t\t<\/div>\n\t\t<\/section>\n\t\t\t\t<section class=\"elementor-section elementor-top-section elementor-element elementor-element-6e9ddec elementor-section-boxed elementor-section-height-default elementor-section-height-default\" data-id=\"6e9ddec\" data-element_type=\"section\" data-e-type=\"section\">\n\t\t\t\t\t\t<div class=\"elementor-container elementor-column-gap-default\">\n\t\t\t\t\t<div class=\"elementor-column elementor-col-100 elementor-top-column elementor-element elementor-element-c0506a2\" data-id=\"c0506a2\" data-element_type=\"column\" data-e-type=\"column\">\n\t\t\t<div class=\"elementor-widget-wrap elementor-element-populated\">\n\t\t\t\t\t\t<div class=\"elementor-element elementor-element-6e16ee8 elementor-widget elementor-widget-text-editor\" data-id=\"6e16ee8\" data-element_type=\"widget\" data-e-type=\"widget\" data-widget_type=\"text-editor.default\">\n\t\t\t\t\t\t\t\t\t<h2><span style=\"font-weight: 400;\">GYIK<\/span><\/h2>\n<h3><span style=\"font-weight: 400;\">Mi\u00e9rt forr\u00f3sodik fel annyira a napon parkol\u00f3 z\u00e1rt aut\u00f3 belseje?  <\/span><\/h3>\n<p><span style=\"font-weight: 400;\">Amikor egy aut\u00f3 a napon parkol, jelent\u0151s mennyis\u00e9g\u0171 napenergi\u00e1t nyel el. A napsugarak \u00e1thatolnak az aut\u00f3 ablakain, \u00e9s felmeleg\u00edtik az aut\u00f3 belsej\u00e9ben l\u00e9v\u0151 leveg\u0151t \u00e9s fel\u00fcleteket, ami a h\u0151m\u00e9rs\u00e9klet emelked\u00e9s\u00e9hez vezet.   <\/span><\/p>\n<p><span style=\"font-weight: 400;\">Ahogy az aut\u00f3 ablakai \u00e9s ajtajai z\u00e1rva vannak, a h\u0151 bent reked, \u00e9s a h\u0151m\u00e9rs\u00e9klet tov\u00e1bb emelkedik. A h\u0151m\u00e9rs\u00e9klet gyorsan emelkedhet, sz\u00e9ls\u0151s\u00e9ges esetben el\u00e9rheti a 60 Celsius-fokot vagy m\u00e9g ann\u00e1l is t\u00f6bbet, ami kellemetlenn\u00e9, s\u0151t vesz\u00e9lyess\u00e9 teheti az aut\u00f3ban hagyott emberek vagy h\u00e1zi\u00e1llatok sz\u00e1m\u00e1ra. <\/span><\/p>\n<h3><span style=\"font-weight: 400;\">J\u00f3 \u00f6tlet a napf\u00e9nyben letakarni az aut\u00f3t?  <\/span><\/h3>\n<p><span style=\"font-weight: 400;\">Az aut\u00f3 napf\u00e9nyre bor\u00edt\u00e1sa kiv\u00e1l\u00f3 m\u00f3dja annak, hogy megv\u00e9dje azt a nap k\u00e1ros \u00e9s k\u00e1ros\u00edt\u00f3 sugarait\u00f3l. Az aut\u00f3fed\u00e9l seg\u00edthet megakad\u00e1lyozni, hogy az aut\u00f3 k\u00fclseje kifakuljon \u00e9s megrepedjen a hosszan tart\u00f3 naps\u00fct\u00e9s miatt.   <\/span><\/p>\n<p><span style=\"font-weight: 400;\">Ezenk\u00edv\u00fcl az aut\u00f3fed\u00e9l haszn\u00e1lata seg\u00edthet megv\u00e9deni az aut\u00f3 fest\u00e9s\u00e9t a mad\u00e1r\u00fcr\u00fcl\u00e9kt\u0151l, a fa nedv\u00e9t\u0151l \u00e9s m\u00e1s k\u00f6rnyezeti t\u00e9nyez\u0151kt\u0151l, amelyek k\u00e1ros\u00edthatj\u00e1k az aut\u00f3 k\u00fclsej\u00e9t. Fontos azonban, hogy l\u00e9g\u00e1tereszt\u0151 anyagb\u00f3l k\u00e9sz\u00fclt fedelet haszn\u00e1ljon, hogy megakad\u00e1lyozza a nedvess\u00e9g \u00e9s a pen\u00e9sz kialakul\u00e1s\u00e1t, ami id\u0151vel k\u00e1ros\u00edthatja az aut\u00f3 k\u00fclsej\u00e9t. <\/span><\/p>\n<h3><span style=\"font-weight: 400;\">Van m\u00f3d a gumiabroncsok napt\u00f3l val\u00f3 v\u00e9delm\u00e9re?  <\/span><\/h3>\n<p><span style=\"font-weight: 400;\">A gumiabroncsokat t\u00f6bbf\u00e9lek\u00e9ppen is megv\u00e9dhetj\u00fck a nap k\u00e1ros sugarait\u00f3l. Az egyik m\u00f3dszer az UV-g\u00e1tl\u00f3t tartalmaz\u00f3 gumiv\u00e9d\u0151szer alkalmaz\u00e1sa a gumiabroncsokon, hogy megakad\u00e1lyozza a tart\u00f3s napsug\u00e1rz\u00e1s miatti repedez\u00e9st \u00e9s kifakul\u00e1st.   <\/span><\/p>\n<p><span style=\"font-weight: 400;\">Egy m\u00e1sik lehet\u0151s\u00e9g, hogy aut\u00f3j\u00e1t \u00e1rny\u00e9kos helyen parkolja, hogy cs\u00f6kkentse a gumiabroncsok k\u00f6zvetlen kitetts\u00e9g\u00e9t a napsugaraknak. Az aut\u00f3ponyva haszn\u00e1lata szint\u00e9n hat\u00e9kony m\u00f3dja annak, hogy megv\u00e9dje a gumiabroncsokat a napsugarakt\u00f3l. Ezekkel a megel\u0151z\u0151 int\u00e9zked\u00e9sekkel meghosszabb\u00edthatja gumiabroncsai \u00e9lettartam\u00e1t, \u00e9s elker\u00fclheti a k\u00f6lts\u00e9ges cser\u00e9t.    <\/span><\/p>\n\t\t\t\t\t\t\t\t<\/div>\n\t\t\t\t\t<\/div>\n\t\t<\/div>\n\t\t\t\t\t<\/div>\n\t\t<\/section>\n\t\t\t\t<\/div>\n\t\t","protected":false},"excerpt":{"rendered":"<p>Mindannyian megtapasztaltuk m\u00e1r azt a kellemetlen \u00e9rz\u00e9st, amikor egy \u00f3r\u00e1k \u00f3ta a napon s\u00fctk\u00e9rez\u0151 aut\u00f3ban \u00fcl\u00fcnk. De tudta, hogy a nap melege sokkal t\u00f6bb k\u00e1rt okozhat az aut\u00f3j\u00e1ban, mint hogy csak k\u00e9nyelmetlen\u00fcl k\u00e9nyelmetlen\u00fcl \u00fclj\u00f6n benne? Ebben a cikkben megvizsg\u00e1ljuk, hogy a nap milyen k\u00fcl\u00f6nb\u00f6z\u0151 m\u00f3don k\u00e1ros\u00edthatja aut\u00f3j\u00e1t, \u00e9s mit tehet annak v\u00e9delme \u00e9rdek\u00e9ben. Ha Splitbe [&hellip;]<\/p>\n","protected":false},"author":1,"featured_media":9954,"comment_status":"open","ping_status":"open","sticky":false,"template":"","format":"standard","meta":{"footnotes":""},"categories":[168],"tags":[],"class_list":["post-9953","post","type-post","status-publish","format-standard","has-post-thumbnail","hentry","category-uncategorized-hu"],"yoast_head":"<!-- This site is optimized with the Yoast SEO plugin v27.4 - https:\/\/yoast.com\/product\/yoast-seo-wordpress\/ -->\n<title>Mi\u00e9rt ne hagyja az aut\u00f3j\u00e1t a t\u0171z\u0151 napon?<\/title>\n<meta name=\"description\" content=\"V\u00e9dje aut\u00f3j\u00e1t a t\u0171z\u0151 napt\u00f3l! Ismerje meg, milyen k\u00e1rokat okozhat, \u00e9s hogyan el\u0151zheti meg a fakul\u00e1s, a reped\u00e9sek \u00e9s m\u00e1s k\u00e1ros hat\u00e1sok kialakul\u00e1s\u00e1t.\" \/>\n<meta name=\"robots\" content=\"index, follow, max-snippet:-1, max-image-preview:large, max-video-preview:-1\" \/>\n<link rel=\"canonical\" href=\"https:\/\/splitcityparking.com\/hu\/miert-ne-hagyja-az-autojat-a-tuzo-napon\/\" \/>\n<meta property=\"og:locale\" content=\"hu_HU\" \/>\n<meta property=\"og:type\" content=\"article\" \/>\n<meta property=\"og:title\" content=\"Mi\u00e9rt ne hagyja az aut\u00f3j\u00e1t a t\u0171z\u0151 napon?\" \/>\n<meta property=\"og:description\" content=\"V\u00e9dje aut\u00f3j\u00e1t a t\u0171z\u0151 napt\u00f3l! Ismerje meg, milyen k\u00e1rokat okozhat, \u00e9s hogyan el\u0151zheti meg a fakul\u00e1s, a reped\u00e9sek \u00e9s m\u00e1s k\u00e1ros hat\u00e1sok kialakul\u00e1s\u00e1t.\" \/>\n<meta property=\"og:url\" content=\"https:\/\/splitcityparking.com\/hu\/miert-ne-hagyja-az-autojat-a-tuzo-napon\/\" \/>\n<meta property=\"og:site_name\" content=\"Split City Parking\" \/>\n<meta property=\"article:published_time\" content=\"2023-05-31T16:20:48+00:00\" \/>\n<meta property=\"article:modified_time\" content=\"2024-11-13T10:17:46+00:00\" \/>\n<meta property=\"og:image\" content=\"https:\/\/splitcityparking.com\/wp-content\/uploads\/2023\/05\/Split-City-Parking_EN-Why-shouldnt-you-leave-your-car-in-the-scorching-sun-1.jpg\" \/>\n\t<meta property=\"og:image:width\" content=\"1200\" \/>\n\t<meta property=\"og:image:height\" content=\"675\" \/>\n\t<meta property=\"og:image:type\" content=\"image\/jpeg\" \/>\n<meta name=\"author\" content=\"parking\" \/>\n<meta name=\"twitter:card\" content=\"summary_large_image\" \/>\n<meta name=\"twitter:label1\" content=\"Szerz\u0151:\" \/>\n\t<meta name=\"twitter:data1\" content=\"parking\" \/>\n\t<meta name=\"twitter:label2\" content=\"Becs\u00fclt olvas\u00e1si id\u0151\" \/>\n\t<meta name=\"twitter:data2\" content=\"5 perc\" \/>\n<script type=\"application\/ld+json\" class=\"yoast-schema-graph\">{\"@context\":\"https:\\\/\\\/schema.org\",\"@graph\":[{\"@type\":\"Article\",\"@id\":\"https:\\\/\\\/splitcityparking.com\\\/hu\\\/miert-ne-hagyja-az-autojat-a-tuzo-napon\\\/#article\",\"isPartOf\":{\"@id\":\"https:\\\/\\\/splitcityparking.com\\\/hu\\\/miert-ne-hagyja-az-autojat-a-tuzo-napon\\\/\"},\"author\":{\"name\":\"parking\",\"@id\":\"https:\\\/\\\/splitcityparking.com\\\/hu\\\/#\\\/schema\\\/person\\\/67bfeb6a49b0026ad87cee0923224dd6\"},\"headline\":\"Mi\u00e9rt ne hagyja az aut\u00f3j\u00e1t a t\u0171z\u0151 napon?\",\"datePublished\":\"2023-05-31T16:20:48+00:00\",\"dateModified\":\"2024-11-13T10:17:46+00:00\",\"mainEntityOfPage\":{\"@id\":\"https:\\\/\\\/splitcityparking.com\\\/hu\\\/miert-ne-hagyja-az-autojat-a-tuzo-napon\\\/\"},\"wordCount\":1109,\"commentCount\":0,\"image\":{\"@id\":\"https:\\\/\\\/splitcityparking.com\\\/hu\\\/miert-ne-hagyja-az-autojat-a-tuzo-napon\\\/#primaryimage\"},\"thumbnailUrl\":\"https:\\\/\\\/splitcityparking.com\\\/wp-content\\\/uploads\\\/2023\\\/05\\\/Split-City-Parking_EN-Why-shouldnt-you-leave-your-car-in-the-scorching-sun-1.jpg\",\"articleSection\":[\"Uncategorized @hu\"],\"inLanguage\":\"hu\",\"potentialAction\":[{\"@type\":\"CommentAction\",\"name\":\"Comment\",\"target\":[\"https:\\\/\\\/splitcityparking.com\\\/hu\\\/miert-ne-hagyja-az-autojat-a-tuzo-napon\\\/#respond\"]}]},{\"@type\":\"WebPage\",\"@id\":\"https:\\\/\\\/splitcityparking.com\\\/hu\\\/miert-ne-hagyja-az-autojat-a-tuzo-napon\\\/\",\"url\":\"https:\\\/\\\/splitcityparking.com\\\/hu\\\/miert-ne-hagyja-az-autojat-a-tuzo-napon\\\/\",\"name\":\"Mi\u00e9rt ne hagyja az aut\u00f3j\u00e1t a t\u0171z\u0151 napon?\",\"isPartOf\":{\"@id\":\"https:\\\/\\\/splitcityparking.com\\\/hu\\\/#website\"},\"primaryImageOfPage\":{\"@id\":\"https:\\\/\\\/splitcityparking.com\\\/hu\\\/miert-ne-hagyja-az-autojat-a-tuzo-napon\\\/#primaryimage\"},\"image\":{\"@id\":\"https:\\\/\\\/splitcityparking.com\\\/hu\\\/miert-ne-hagyja-az-autojat-a-tuzo-napon\\\/#primaryimage\"},\"thumbnailUrl\":\"https:\\\/\\\/splitcityparking.com\\\/wp-content\\\/uploads\\\/2023\\\/05\\\/Split-City-Parking_EN-Why-shouldnt-you-leave-your-car-in-the-scorching-sun-1.jpg\",\"datePublished\":\"2023-05-31T16:20:48+00:00\",\"dateModified\":\"2024-11-13T10:17:46+00:00\",\"author\":{\"@id\":\"https:\\\/\\\/splitcityparking.com\\\/hu\\\/#\\\/schema\\\/person\\\/67bfeb6a49b0026ad87cee0923224dd6\"},\"description\":\"V\u00e9dje aut\u00f3j\u00e1t a t\u0171z\u0151 napt\u00f3l! Ismerje meg, milyen k\u00e1rokat okozhat, \u00e9s hogyan el\u0151zheti meg a fakul\u00e1s, a reped\u00e9sek \u00e9s m\u00e1s k\u00e1ros hat\u00e1sok kialakul\u00e1s\u00e1t.\",\"breadcrumb\":{\"@id\":\"https:\\\/\\\/splitcityparking.com\\\/hu\\\/miert-ne-hagyja-az-autojat-a-tuzo-napon\\\/#breadcrumb\"},\"inLanguage\":\"hu\",\"potentialAction\":[{\"@type\":\"ReadAction\",\"target\":[\"https:\\\/\\\/splitcityparking.com\\\/hu\\\/miert-ne-hagyja-az-autojat-a-tuzo-napon\\\/\"]}]},{\"@type\":\"ImageObject\",\"inLanguage\":\"hu\",\"@id\":\"https:\\\/\\\/splitcityparking.com\\\/hu\\\/miert-ne-hagyja-az-autojat-a-tuzo-napon\\\/#primaryimage\",\"url\":\"https:\\\/\\\/splitcityparking.com\\\/wp-content\\\/uploads\\\/2023\\\/05\\\/Split-City-Parking_EN-Why-shouldnt-you-leave-your-car-in-the-scorching-sun-1.jpg\",\"contentUrl\":\"https:\\\/\\\/splitcityparking.com\\\/wp-content\\\/uploads\\\/2023\\\/05\\\/Split-City-Parking_EN-Why-shouldnt-you-leave-your-car-in-the-scorching-sun-1.jpg\",\"width\":1200,\"height\":675},{\"@type\":\"BreadcrumbList\",\"@id\":\"https:\\\/\\\/splitcityparking.com\\\/hu\\\/miert-ne-hagyja-az-autojat-a-tuzo-napon\\\/#breadcrumb\",\"itemListElement\":[{\"@type\":\"ListItem\",\"position\":1,\"name\":\"Home\",\"item\":\"https:\\\/\\\/splitcityparking.com\\\/hu\\\/split-city-parkolas\\\/\"},{\"@type\":\"ListItem\",\"position\":2,\"name\":\"Mi\u00e9rt ne hagyja az aut\u00f3j\u00e1t a t\u0171z\u0151 napon?\"}]},{\"@type\":\"WebSite\",\"@id\":\"https:\\\/\\\/splitcityparking.com\\\/hu\\\/#website\",\"url\":\"https:\\\/\\\/splitcityparking.com\\\/hu\\\/\",\"name\":\"Split City Parking\",\"description\":\"Parking and parking garages in Split. Reserve now and secure your parking space in our garage!\",\"potentialAction\":[{\"@type\":\"SearchAction\",\"target\":{\"@type\":\"EntryPoint\",\"urlTemplate\":\"https:\\\/\\\/splitcityparking.com\\\/hu\\\/?s={search_term_string}\"},\"query-input\":{\"@type\":\"PropertyValueSpecification\",\"valueRequired\":true,\"valueName\":\"search_term_string\"}}],\"inLanguage\":\"hu\"},{\"@type\":\"Person\",\"@id\":\"https:\\\/\\\/splitcityparking.com\\\/hu\\\/#\\\/schema\\\/person\\\/67bfeb6a49b0026ad87cee0923224dd6\",\"name\":\"parking\",\"image\":{\"@type\":\"ImageObject\",\"inLanguage\":\"hu\",\"@id\":\"https:\\\/\\\/secure.gravatar.com\\\/avatar\\\/5a8a4db074faa17539b9bbbae12ed6d18176060e70861db07ee16c5f81b3b911?s=96&d=mm&r=g\",\"url\":\"https:\\\/\\\/secure.gravatar.com\\\/avatar\\\/5a8a4db074faa17539b9bbbae12ed6d18176060e70861db07ee16c5f81b3b911?s=96&d=mm&r=g\",\"contentUrl\":\"https:\\\/\\\/secure.gravatar.com\\\/avatar\\\/5a8a4db074faa17539b9bbbae12ed6d18176060e70861db07ee16c5f81b3b911?s=96&d=mm&r=g\",\"caption\":\"parking\"},\"sameAs\":[\"https:\\\/\\\/splitcityparking.com\"]}]}<\/script>\n<!-- \/ Yoast SEO plugin. -->","yoast_head_json":{"title":"Mi\u00e9rt ne hagyja az aut\u00f3j\u00e1t a t\u0171z\u0151 napon?","description":"V\u00e9dje aut\u00f3j\u00e1t a t\u0171z\u0151 napt\u00f3l! Ismerje meg, milyen k\u00e1rokat okozhat, \u00e9s hogyan el\u0151zheti meg a fakul\u00e1s, a reped\u00e9sek \u00e9s m\u00e1s k\u00e1ros hat\u00e1sok kialakul\u00e1s\u00e1t.","robots":{"index":"index","follow":"follow","max-snippet":"max-snippet:-1","max-image-preview":"max-image-preview:large","max-video-preview":"max-video-preview:-1"},"canonical":"https:\/\/splitcityparking.com\/hu\/miert-ne-hagyja-az-autojat-a-tuzo-napon\/","og_locale":"hu_HU","og_type":"article","og_title":"Mi\u00e9rt ne hagyja az aut\u00f3j\u00e1t a t\u0171z\u0151 napon?","og_description":"V\u00e9dje aut\u00f3j\u00e1t a t\u0171z\u0151 napt\u00f3l! Ismerje meg, milyen k\u00e1rokat okozhat, \u00e9s hogyan el\u0151zheti meg a fakul\u00e1s, a reped\u00e9sek \u00e9s m\u00e1s k\u00e1ros hat\u00e1sok kialakul\u00e1s\u00e1t.","og_url":"https:\/\/splitcityparking.com\/hu\/miert-ne-hagyja-az-autojat-a-tuzo-napon\/","og_site_name":"Split City Parking","article_published_time":"2023-05-31T16:20:48+00:00","article_modified_time":"2024-11-13T10:17:46+00:00","og_image":[{"width":1200,"height":675,"url":"https:\/\/splitcityparking.com\/wp-content\/uploads\/2023\/05\/Split-City-Parking_EN-Why-shouldnt-you-leave-your-car-in-the-scorching-sun-1.jpg","type":"image\/jpeg"}],"author":"parking","twitter_card":"summary_large_image","twitter_misc":{"Szerz\u0151:":"parking","Becs\u00fclt olvas\u00e1si id\u0151":"5 perc"},"schema":{"@context":"https:\/\/schema.org","@graph":[{"@type":"Article","@id":"https:\/\/splitcityparking.com\/hu\/miert-ne-hagyja-az-autojat-a-tuzo-napon\/#article","isPartOf":{"@id":"https:\/\/splitcityparking.com\/hu\/miert-ne-hagyja-az-autojat-a-tuzo-napon\/"},"author":{"name":"parking","@id":"https:\/\/splitcityparking.com\/hu\/#\/schema\/person\/67bfeb6a49b0026ad87cee0923224dd6"},"headline":"Mi\u00e9rt ne hagyja az aut\u00f3j\u00e1t a t\u0171z\u0151 napon?","datePublished":"2023-05-31T16:20:48+00:00","dateModified":"2024-11-13T10:17:46+00:00","mainEntityOfPage":{"@id":"https:\/\/splitcityparking.com\/hu\/miert-ne-hagyja-az-autojat-a-tuzo-napon\/"},"wordCount":1109,"commentCount":0,"image":{"@id":"https:\/\/splitcityparking.com\/hu\/miert-ne-hagyja-az-autojat-a-tuzo-napon\/#primaryimage"},"thumbnailUrl":"https:\/\/splitcityparking.com\/wp-content\/uploads\/2023\/05\/Split-City-Parking_EN-Why-shouldnt-you-leave-your-car-in-the-scorching-sun-1.jpg","articleSection":["Uncategorized @hu"],"inLanguage":"hu","potentialAction":[{"@type":"CommentAction","name":"Comment","target":["https:\/\/splitcityparking.com\/hu\/miert-ne-hagyja-az-autojat-a-tuzo-napon\/#respond"]}]},{"@type":"WebPage","@id":"https:\/\/splitcityparking.com\/hu\/miert-ne-hagyja-az-autojat-a-tuzo-napon\/","url":"https:\/\/splitcityparking.com\/hu\/miert-ne-hagyja-az-autojat-a-tuzo-napon\/","name":"Mi\u00e9rt ne hagyja az aut\u00f3j\u00e1t a t\u0171z\u0151 napon?","isPartOf":{"@id":"https:\/\/splitcityparking.com\/hu\/#website"},"primaryImageOfPage":{"@id":"https:\/\/splitcityparking.com\/hu\/miert-ne-hagyja-az-autojat-a-tuzo-napon\/#primaryimage"},"image":{"@id":"https:\/\/splitcityparking.com\/hu\/miert-ne-hagyja-az-autojat-a-tuzo-napon\/#primaryimage"},"thumbnailUrl":"https:\/\/splitcityparking.com\/wp-content\/uploads\/2023\/05\/Split-City-Parking_EN-Why-shouldnt-you-leave-your-car-in-the-scorching-sun-1.jpg","datePublished":"2023-05-31T16:20:48+00:00","dateModified":"2024-11-13T10:17:46+00:00","author":{"@id":"https:\/\/splitcityparking.com\/hu\/#\/schema\/person\/67bfeb6a49b0026ad87cee0923224dd6"},"description":"V\u00e9dje aut\u00f3j\u00e1t a t\u0171z\u0151 napt\u00f3l! Ismerje meg, milyen k\u00e1rokat okozhat, \u00e9s hogyan el\u0151zheti meg a fakul\u00e1s, a reped\u00e9sek \u00e9s m\u00e1s k\u00e1ros hat\u00e1sok kialakul\u00e1s\u00e1t.","breadcrumb":{"@id":"https:\/\/splitcityparking.com\/hu\/miert-ne-hagyja-az-autojat-a-tuzo-napon\/#breadcrumb"},"inLanguage":"hu","potentialAction":[{"@type":"ReadAction","target":["https:\/\/splitcityparking.com\/hu\/miert-ne-hagyja-az-autojat-a-tuzo-napon\/"]}]},{"@type":"ImageObject","inLanguage":"hu","@id":"https:\/\/splitcityparking.com\/hu\/miert-ne-hagyja-az-autojat-a-tuzo-napon\/#primaryimage","url":"https:\/\/splitcityparking.com\/wp-content\/uploads\/2023\/05\/Split-City-Parking_EN-Why-shouldnt-you-leave-your-car-in-the-scorching-sun-1.jpg","contentUrl":"https:\/\/splitcityparking.com\/wp-content\/uploads\/2023\/05\/Split-City-Parking_EN-Why-shouldnt-you-leave-your-car-in-the-scorching-sun-1.jpg","width":1200,"height":675},{"@type":"BreadcrumbList","@id":"https:\/\/splitcityparking.com\/hu\/miert-ne-hagyja-az-autojat-a-tuzo-napon\/#breadcrumb","itemListElement":[{"@type":"ListItem","position":1,"name":"Home","item":"https:\/\/splitcityparking.com\/hu\/split-city-parkolas\/"},{"@type":"ListItem","position":2,"name":"Mi\u00e9rt ne hagyja az aut\u00f3j\u00e1t a t\u0171z\u0151 napon?"}]},{"@type":"WebSite","@id":"https:\/\/splitcityparking.com\/hu\/#website","url":"https:\/\/splitcityparking.com\/hu\/","name":"Split City Parking","description":"Parking and parking garages in Split. Reserve now and secure your parking space in our garage!","potentialAction":[{"@type":"SearchAction","target":{"@type":"EntryPoint","urlTemplate":"https:\/\/splitcityparking.com\/hu\/?s={search_term_string}"},"query-input":{"@type":"PropertyValueSpecification","valueRequired":true,"valueName":"search_term_string"}}],"inLanguage":"hu"},{"@type":"Person","@id":"https:\/\/splitcityparking.com\/hu\/#\/schema\/person\/67bfeb6a49b0026ad87cee0923224dd6","name":"parking","image":{"@type":"ImageObject","inLanguage":"hu","@id":"https:\/\/secure.gravatar.com\/avatar\/5a8a4db074faa17539b9bbbae12ed6d18176060e70861db07ee16c5f81b3b911?s=96&d=mm&r=g","url":"https:\/\/secure.gravatar.com\/avatar\/5a8a4db074faa17539b9bbbae12ed6d18176060e70861db07ee16c5f81b3b911?s=96&d=mm&r=g","contentUrl":"https:\/\/secure.gravatar.com\/avatar\/5a8a4db074faa17539b9bbbae12ed6d18176060e70861db07ee16c5f81b3b911?s=96&d=mm&r=g","caption":"parking"},"sameAs":["https:\/\/splitcityparking.com"]}]}},"_links":{"self":[{"href":"https:\/\/splitcityparking.com\/hu\/wp-json\/wp\/v2\/posts\/9953","targetHints":{"allow":["GET"]}}],"collection":[{"href":"https:\/\/splitcityparking.com\/hu\/wp-json\/wp\/v2\/posts"}],"about":[{"href":"https:\/\/splitcityparking.com\/hu\/wp-json\/wp\/v2\/types\/post"}],"author":[{"embeddable":true,"href":"https:\/\/splitcityparking.com\/hu\/wp-json\/wp\/v2\/users\/1"}],"replies":[{"embeddable":true,"href":"https:\/\/splitcityparking.com\/hu\/wp-json\/wp\/v2\/comments?post=9953"}],"version-history":[{"count":1,"href":"https:\/\/splitcityparking.com\/hu\/wp-json\/wp\/v2\/posts\/9953\/revisions"}],"predecessor-version":[{"id":9955,"href":"https:\/\/splitcityparking.com\/hu\/wp-json\/wp\/v2\/posts\/9953\/revisions\/9955"}],"wp:featuredmedia":[{"embeddable":true,"href":"https:\/\/splitcityparking.com\/hu\/wp-json\/wp\/v2\/media\/9954"}],"wp:attachment":[{"href":"https:\/\/splitcityparking.com\/hu\/wp-json\/wp\/v2\/media?parent=9953"}],"wp:term":[{"taxonomy":"category","embeddable":true,"href":"https:\/\/splitcityparking.com\/hu\/wp-json\/wp\/v2\/categories?post=9953"},{"taxonomy":"post_tag","embeddable":true,"href":"https:\/\/splitcityparking.com\/hu\/wp-json\/wp\/v2\/tags?post=9953"}],"curies":[{"name":"wp","href":"https:\/\/api.w.org\/{rel}","templated":true}]}}