{"id":11383,"date":"2025-03-05T08:51:13","date_gmt":"2025-03-05T08:51:13","guid":{"rendered":"https:\/\/splitcityparking.com\/chorvatsko-vs-francuzsko-futbalovy-suboj-na-poljude-v-lige-narodov-2025\/"},"modified":"2025-03-05T08:51:31","modified_gmt":"2025-03-05T08:51:31","slug":"chorvatsko-vs-francuzsko-futbalovy-suboj-na-poljude-v-lige-narodov-2025","status":"publish","type":"post","link":"https:\/\/splitcityparking.com\/sk\/chorvatsko-vs-francuzsko-futbalovy-suboj-na-poljude-v-lige-narodov-2025\/","title":{"rendered":"Chorv\u00e1tsko vs. Franc\u00fazsko: Futbalov\u00fd s\u00faboj na Poljude v Lige n\u00e1rodov 2025"},"content":{"rendered":"\n<p><strong>Chorv\u00e1tsko vs. Franc\u00fazsko: Futbalov\u00fd s\u00faboj na Poljude v Lige n\u00e1rodov 2025<\/strong><\/p>\n\n<h3 class=\"wp-block-heading\"><strong>Ohniv\u00e1 bitka o semifin\u00e1le<\/strong><\/h3>\n\n<p>Futbalov\u00ed fan\u00fa\u0161ikovia, pripravte sa na nezabudnute\u013en\u00fa \u0161portov\u00fa udalos\u0165! <strong>20. marca 2025 o 20:45 hod.<\/strong> sa na sl\u00e1vnom <strong>\u0161tadi\u00f3ne Poljud<\/strong> v Splite stretn\u00fa Chorv\u00e1tsko a Franc\u00fazsko v nap\u00ednavom <strong>\u0161tvr\u0165fin\u00e1le Ligy n\u00e1rodov UEFA<\/strong>. Z\u00e1pas s\u013eubuje elektrizuj\u00facu atmosf\u00e9ru a \u0161pi\u010dkov\u00fd futbal, preto si nezabudnite zabezpe\u010di\u0165 miesto na trib\u00fane!  <\/p>\n\n<h3 class=\"wp-block-heading\"><strong>Poljud: Symbol v\u00e1\u0161ne a futbalovej trad\u00edcie<\/strong><\/h3>\n\n<p>Splitsk\u00fd <strong>\u0161tadi\u00f3n Poljud<\/strong>, majstrovsk\u00e9 architektonick\u00e9 dielo <strong>Borisa Maga\u0161a<\/strong>, hostil niektor\u00e9 z najv\u00fdznamnej\u0161\u00edch \u0161portov\u00fdch momentov v chorv\u00e1tskej hist\u00f3rii. Od svojho otvorenia v roku 1979 priv\u00edtal mno\u017estvo medzin\u00e1rodn\u00fdch \u0161portov\u00fdch podujat\u00ed. \u0160tadi\u00f3n Poljud s kapacitou <strong>33 987<\/strong> miest je zn\u00e1my svojou jedine\u010dnou atmosf\u00e9rou, najm\u00e4 ke\u010f na ihrisku nast\u00fapi chorv\u00e1tska reprezent\u00e1cia.  <\/p>\n\n<h3 class=\"wp-block-heading\"><strong>Chorv\u00e1tsky n\u00e1rodn\u00fd t\u00edm: Hrdos\u0165 n\u00e1roda<\/strong><\/h3>\n\n<p>Chorv\u00e1tsko pod veden\u00edm <strong>Zlatka Dali\u010da<\/strong> op\u00e4\u0165 potvrdilo svoju silu v skupinovej f\u00e1ze turnaja. Sk\u00fasen\u00ed l\u00eddri ako <strong>Luka Modri\u0107, Ivan Peri\u0161i\u0107 a Marcelo Brozovi\u0107<\/strong> viedli t\u00edm cez \u0165a\u017ek\u00e9 v\u00fdzvy, zatia\u013e \u010do mlad\u00e9 talenty ako <strong>Jo\u0161ko Gvardiol<\/strong> dodali t\u00edmu energiu a silu. Teraz m\u00e1 Chorv\u00e1tsko pred dom\u00e1cim publikom zlat\u00fa pr\u00edle\u017eitos\u0165 dosta\u0165 sa do semifin\u00e1le.  <\/p>\n\n<h3 class=\"wp-block-heading\"><strong>Franc\u00fazsko: Hroziv\u00fd s\u00faper s bohatou hist\u00f3riou<\/strong><\/h3>\n\n<p>Franc\u00fazsky n\u00e1rodn\u00fd t\u00edm zn\u00e1my ako <strong>&#8222;Les Bleus<\/strong>&#8220; pricestuje do Splitu s odhodlan\u00edm zabezpe\u010di\u0165 si \u00fa\u010das\u0165 v semifin\u00e1le. Franc\u00fazsko, ktor\u00e9 vedie <strong>Didier Deschamps<\/strong>, b\u00fdval\u00fd tr\u00e9ner v\u00ed\u0165azov majstrovstiev sveta, sa m\u00f4\u017ee pochv\u00e1li\u0165 v\u00fdnimo\u010dn\u00fdm t\u00edmom, v ktorom s\u00fa <strong>Kylian Mbapp\u00e9, Antoine Griezmann a Aur\u00e9lien Tchouam\u00e9ni<\/strong>. Ich kombin\u00e1cia mladosti, sk\u00fasenost\u00ed a technickej prevahy z nich rob\u00ed jeden z naj\u0165a\u017e\u0161\u00edch t\u00edmov v Eur\u00f3pe.  <\/p>\n\n<h3 class=\"wp-block-heading\"><strong>Chorv\u00e1tsko vs. Franc\u00fazsko: s\u00faperenie, na ktor\u00e9 sa nezab\u00fada<\/strong><\/h3>\n\n<p>T\u00edto dvaja futbalov\u00ed giganti sa stretli u\u017e viackr\u00e1t, pri\u010dom ka\u017ed\u00e9 stretnutie prinieslo dr\u00e1mu a vzru\u0161enie. Ich najsl\u00e1vnej\u0161\u00ed s\u00faboj sa odohral vo <strong>fin\u00e1le majstrovstiev sveta 2018,<\/strong> z ktor\u00e9ho vy\u0161lo v\u00ed\u0165azne Franc\u00fazsko, ktor\u00e9 zv\u00ed\u0165azilo <strong>4:2<\/strong>. Chorv\u00e1tsko si v\u0161ak na\u010falej buduje svoju reput\u00e1ciu a teraz m\u00e1 ide\u00e1lnu pr\u00edle\u017eitos\u0165 pok\u00fasi\u0165 sa o vyk\u00fapenie na dom\u00e1cej p\u00f4de.  <\/p>\n\n<h3 class=\"wp-block-heading\"><strong>Ako z\u00edska\u0165 vstupenky?<\/strong><\/h3>\n\n<p>Vzh\u013eadom na obrovsk\u00fd z\u00e1ujem o z\u00e1pas v\u00e1m odpor\u00fa\u010dame, aby ste <strong>si vstupenky zabezpe\u010dili \u010do najsk\u00f4r<\/strong> prostredn\u00edctvom ofici\u00e1lnych predajn\u00fdch kan\u00e1lov. Nenechajte si ujs\u0165 pr\u00edle\u017eitos\u0165 sta\u0165 sa s\u00fa\u010das\u0165ou hist\u00f3rie a by\u0165 svedkom tohto predstavenia na\u017eivo. <\/p>\n\n<h3 class=\"wp-block-heading\"><strong>Elektrizuj\u00faca atmosf\u00e9ra v meste Poljud<\/strong><\/h3>\n\n<p>Poljud je viac ne\u017e len \u0161tadi\u00f3n &#8211; je to symbol v\u00e1\u0161ne a jednoty. <strong>Torcida<\/strong>, najstar\u0161ia organizovan\u00e1 skupina fan\u00fa\u0161ikov v Eur\u00f3pe, je zn\u00e1ma svojou neochvejnou podporou a dychber\u00facimi choreografiami. Ka\u017ed\u00fd, kto niekedy nav\u0161t\u00edvil z\u00e1pas v Splite, vie, \u017ee ide o nezabudnute\u013en\u00fd z\u00e1\u017eitok. <\/p>\n\n<h3 class=\"wp-block-heading\"><strong>Rozdeli\u0165: Dokonal\u00e1 destin\u00e1cia pre futbal a cestovn\u00fd ruch<\/strong><\/h3>\n\n<p>Okrem futbalov\u00e9ho predstavenia pon\u00faka Split aj bohat\u00e9 kult\u00farne a historick\u00e9 z\u00e1\u017eitky. N\u00e1v\u0161tevn\u00edci si m\u00f4\u017eu prezrie\u0165 <strong>Diokleci\u00e1nov pal\u00e1c, promen\u00e1du Riva a vrch Marjan<\/strong>, ochutna\u0165 miestnu kuchy\u0148u a spozna\u0165 stredomorsk\u00fd \u017eivotn\u00fd \u0161t\u00fdl. Tento z\u00e1pas je ide\u00e1lnou pr\u00edle\u017eitos\u0165ou spoji\u0165 futbal svetovej \u00farovne s nezabudnute\u013enou dovolenkou.  <\/p>\n\n<h3 class=\"wp-block-heading\"><strong>Taktick\u00e1 bitka medzi tr\u00e9nermi<\/strong><\/h3>\n\n<p>Tento s\u00faboj nie je len o hr\u00e1\u010doch, ale aj o strategickom s\u00faboji medzi <strong>Zlatkom Dali\u0107om a Didierom Deschampsom<\/strong>. Obaja tr\u00e9neri s\u00fa majstrami adapt\u00e1cie a taktick\u00e9ho myslenia a ich rozhodnutia po\u010das z\u00e1pasu m\u00f4\u017eu rozhodn\u00fa\u0165 o v\u00fdsledku \u0161tvr\u0165fin\u00e1le. <\/p>\n\n<h3 class=\"wp-block-heading\"><strong>Najlep\u0161ia mo\u017enos\u0165 parkovania v Splite: Najlep\u0161ia ponuka parkovania v Splite<\/strong><\/h3>\n\n<p>Ak cestujete na z\u00e1pas a potrebujete pohodlne zaparkova\u0165, spolo\u010dnos\u0165 <strong>Split City Parking<\/strong> pon\u00faka najv\u00fdhodnej\u0161ie parkovanie v meste. Nach\u00e1dza sa v bl\u00edzkosti centra mesta a poskytuje \u013eahk\u00fd pr\u00edstup k \u0161tadi\u00f3nu Poljud a \u010fal\u0161\u00edm k\u013e\u00fa\u010dov\u00fdm miestam v Splite. <\/p>\n\n<p><strong>Ceny:<\/strong><\/p>\n\n<ul class=\"wp-block-list\">\n<li><strong>2 \u20ac za hodinu<\/strong><\/li>\n\n\n\n<li><strong>25 \u20ac na de\u0148<\/strong> (48%+ z\u013eava za celodenn\u00fd pobyt!)<\/li>\n<\/ul>\n\n<p>Viac inform\u00e1ci\u00ed a rezerv\u00e1ciu miesta n\u00e1jdete na str\u00e1nke<a href=\"https:\/\/splitcityparking.com\/sk\/\"> <strong>Parkovanie v meste Split<\/strong><\/a>.<\/p>\n\n<h3 class=\"wp-block-heading\"><strong>Nenechajte si ujs\u0165 udalos\u0165 roka!<\/strong><\/h3>\n\n<p>Futbalov\u00fd z\u00e1pas Chorv\u00e1tsko &#8211; Franc\u00fazsko je jednou z najo\u010dak\u00e1vanej\u0161\u00edch \u0161portov\u00fdch udalost\u00ed roka. \u0160tadi\u00f3n pln\u00fd v\u00e1\u0161niv\u00fdch fan\u00fa\u0161ikov, nap\u00ednav\u00fd z\u00e1pas a nezabudnute\u013en\u00e1 atmosf\u00e9ra s\u00fa zaru\u010den\u00e9.   <strong>K\u00fapte si l\u00edstky u\u017e teraz a bu\u010fte svedkami \u0161pi\u010dkov\u00e9ho futbalu na \u0161tadi\u00f3ne Poljud!<\/strong><\/p>\n","protected":false},"excerpt":{"rendered":"<p>Chorv\u00e1tsko vs. Franc\u00fazsko: Futbalov\u00fd s\u00faboj na Poljude v Lige n\u00e1rodov 2025 Ohniv\u00e1 bitka o semifin\u00e1le Futbalov\u00ed fan\u00fa\u0161ikovia, pripravte sa na nezabudnute\u013en\u00fa \u0161portov\u00fa udalos\u0165! 20. marca 2025 o 20:45 hod. sa na sl\u00e1vnom \u0161tadi\u00f3ne Poljud v Splite stretn\u00fa Chorv\u00e1tsko a Franc\u00fazsko v nap\u00ednavom \u0161tvr\u0165fin\u00e1le Ligy n\u00e1rodov UEFA. Z\u00e1pas s\u013eubuje elektrizuj\u00facu atmosf\u00e9ru a \u0161pi\u010dkov\u00fd futbal, preto si [&hellip;]<\/p>\n","protected":false},"author":1,"featured_media":11366,"comment_status":"open","ping_status":"open","sticky":false,"template":"","format":"standard","meta":{"footnotes":""},"categories":[169],"tags":[],"class_list":["post-11383","post","type-post","status-publish","format-standard","has-post-thumbnail","hentry","category-uncategorized-sk"],"yoast_head":"<!-- This site is optimized with the Yoast SEO plugin v27.4 - https:\/\/yoast.com\/product\/yoast-seo-wordpress\/ -->\n<title>Chorv\u00e1tsko vs. Franc\u00fazsko: Futbalov\u00fd s\u00faboj na Poljude v Lige n\u00e1rodov 2025 - Split City Parking<\/title>\n<meta name=\"robots\" content=\"index, follow, max-snippet:-1, max-image-preview:large, max-video-preview:-1\" \/>\n<link rel=\"canonical\" href=\"https:\/\/splitcityparking.com\/sk\/chorvatsko-vs-francuzsko-futbalovy-suboj-na-poljude-v-lige-narodov-2025\/\" \/>\n<meta property=\"og:locale\" content=\"sk_SK\" \/>\n<meta property=\"og:type\" content=\"article\" \/>\n<meta property=\"og:title\" content=\"Chorv\u00e1tsko vs. Franc\u00fazsko: Futbalov\u00fd s\u00faboj na Poljude v Lige n\u00e1rodov 2025 - Split City Parking\" \/>\n<meta property=\"og:description\" content=\"Chorv\u00e1tsko vs. Franc\u00fazsko: Futbalov\u00fd s\u00faboj na Poljude v Lige n\u00e1rodov 2025 Ohniv\u00e1 bitka o semifin\u00e1le Futbalov\u00ed fan\u00fa\u0161ikovia, pripravte sa na nezabudnute\u013en\u00fa \u0161portov\u00fa udalos\u0165! 20. marca 2025 o 20:45 hod. sa na sl\u00e1vnom \u0161tadi\u00f3ne Poljud v Splite stretn\u00fa Chorv\u00e1tsko a Franc\u00fazsko v nap\u00ednavom \u0161tvr\u0165fin\u00e1le Ligy n\u00e1rodov UEFA. Z\u00e1pas s\u013eubuje elektrizuj\u00facu atmosf\u00e9ru a \u0161pi\u010dkov\u00fd futbal, preto si [&hellip;]\" \/>\n<meta property=\"og:url\" content=\"https:\/\/splitcityparking.com\/sk\/chorvatsko-vs-francuzsko-futbalovy-suboj-na-poljude-v-lige-narodov-2025\/\" \/>\n<meta property=\"og:site_name\" content=\"Split City Parking\" \/>\n<meta property=\"article:published_time\" content=\"2025-03-05T08:51:13+00:00\" \/>\n<meta property=\"article:modified_time\" content=\"2025-03-05T08:51:31+00:00\" \/>\n<meta property=\"og:image\" content=\"https:\/\/splitcityparking.com\/wp-content\/uploads\/2025\/03\/football-fan-wearing-croatian-soccer-jersey-watching-game-on-screen.jpg\" \/>\n\t<meta property=\"og:image:width\" content=\"1853\" \/>\n\t<meta property=\"og:image:height\" content=\"2000\" \/>\n\t<meta property=\"og:image:type\" content=\"image\/jpeg\" \/>\n<meta name=\"author\" content=\"parking\" \/>\n<meta name=\"twitter:card\" content=\"summary_large_image\" \/>\n<meta name=\"twitter:label1\" content=\"Autor\" \/>\n\t<meta name=\"twitter:data1\" content=\"parking\" \/>\n\t<meta name=\"twitter:label2\" content=\"Predpokladan\u00fd \u010das \u010d\u00edtania\" \/>\n\t<meta name=\"twitter:data2\" content=\"4 min\u00faty\" \/>\n<script type=\"application\/ld+json\" class=\"yoast-schema-graph\">{\"@context\":\"https:\\\/\\\/schema.org\",\"@graph\":[{\"@type\":\"Article\",\"@id\":\"https:\\\/\\\/splitcityparking.com\\\/sk\\\/chorvatsko-vs-francuzsko-futbalovy-suboj-na-poljude-v-lige-narodov-2025\\\/#article\",\"isPartOf\":{\"@id\":\"https:\\\/\\\/splitcityparking.com\\\/sk\\\/chorvatsko-vs-francuzsko-futbalovy-suboj-na-poljude-v-lige-narodov-2025\\\/\"},\"author\":{\"name\":\"parking\",\"@id\":\"https:\\\/\\\/splitcityparking.com\\\/sk\\\/#\\\/schema\\\/person\\\/67bfeb6a49b0026ad87cee0923224dd6\"},\"headline\":\"Chorv\u00e1tsko vs. Franc\u00fazsko: Futbalov\u00fd s\u00faboj na Poljude v Lige n\u00e1rodov 2025\",\"datePublished\":\"2025-03-05T08:51:13+00:00\",\"dateModified\":\"2025-03-05T08:51:31+00:00\",\"mainEntityOfPage\":{\"@id\":\"https:\\\/\\\/splitcityparking.com\\\/sk\\\/chorvatsko-vs-francuzsko-futbalovy-suboj-na-poljude-v-lige-narodov-2025\\\/\"},\"wordCount\":809,\"commentCount\":0,\"image\":{\"@id\":\"https:\\\/\\\/splitcityparking.com\\\/sk\\\/chorvatsko-vs-francuzsko-futbalovy-suboj-na-poljude-v-lige-narodov-2025\\\/#primaryimage\"},\"thumbnailUrl\":\"https:\\\/\\\/splitcityparking.com\\\/wp-content\\\/uploads\\\/2025\\\/03\\\/football-fan-wearing-croatian-soccer-jersey-watching-game-on-screen.jpg\",\"articleSection\":[\"Uncategorized @sk\"],\"inLanguage\":\"sk-SK\",\"potentialAction\":[{\"@type\":\"CommentAction\",\"name\":\"Comment\",\"target\":[\"https:\\\/\\\/splitcityparking.com\\\/sk\\\/chorvatsko-vs-francuzsko-futbalovy-suboj-na-poljude-v-lige-narodov-2025\\\/#respond\"]}]},{\"@type\":\"WebPage\",\"@id\":\"https:\\\/\\\/splitcityparking.com\\\/sk\\\/chorvatsko-vs-francuzsko-futbalovy-suboj-na-poljude-v-lige-narodov-2025\\\/\",\"url\":\"https:\\\/\\\/splitcityparking.com\\\/sk\\\/chorvatsko-vs-francuzsko-futbalovy-suboj-na-poljude-v-lige-narodov-2025\\\/\",\"name\":\"Chorv\u00e1tsko vs. Franc\u00fazsko: Futbalov\u00fd s\u00faboj na Poljude v Lige n\u00e1rodov 2025 - Split City Parking\",\"isPartOf\":{\"@id\":\"https:\\\/\\\/splitcityparking.com\\\/sk\\\/#website\"},\"primaryImageOfPage\":{\"@id\":\"https:\\\/\\\/splitcityparking.com\\\/sk\\\/chorvatsko-vs-francuzsko-futbalovy-suboj-na-poljude-v-lige-narodov-2025\\\/#primaryimage\"},\"image\":{\"@id\":\"https:\\\/\\\/splitcityparking.com\\\/sk\\\/chorvatsko-vs-francuzsko-futbalovy-suboj-na-poljude-v-lige-narodov-2025\\\/#primaryimage\"},\"thumbnailUrl\":\"https:\\\/\\\/splitcityparking.com\\\/wp-content\\\/uploads\\\/2025\\\/03\\\/football-fan-wearing-croatian-soccer-jersey-watching-game-on-screen.jpg\",\"datePublished\":\"2025-03-05T08:51:13+00:00\",\"dateModified\":\"2025-03-05T08:51:31+00:00\",\"author\":{\"@id\":\"https:\\\/\\\/splitcityparking.com\\\/sk\\\/#\\\/schema\\\/person\\\/67bfeb6a49b0026ad87cee0923224dd6\"},\"breadcrumb\":{\"@id\":\"https:\\\/\\\/splitcityparking.com\\\/sk\\\/chorvatsko-vs-francuzsko-futbalovy-suboj-na-poljude-v-lige-narodov-2025\\\/#breadcrumb\"},\"inLanguage\":\"sk-SK\",\"potentialAction\":[{\"@type\":\"ReadAction\",\"target\":[\"https:\\\/\\\/splitcityparking.com\\\/sk\\\/chorvatsko-vs-francuzsko-futbalovy-suboj-na-poljude-v-lige-narodov-2025\\\/\"]}]},{\"@type\":\"ImageObject\",\"inLanguage\":\"sk-SK\",\"@id\":\"https:\\\/\\\/splitcityparking.com\\\/sk\\\/chorvatsko-vs-francuzsko-futbalovy-suboj-na-poljude-v-lige-narodov-2025\\\/#primaryimage\",\"url\":\"https:\\\/\\\/splitcityparking.com\\\/wp-content\\\/uploads\\\/2025\\\/03\\\/football-fan-wearing-croatian-soccer-jersey-watching-game-on-screen.jpg\",\"contentUrl\":\"https:\\\/\\\/splitcityparking.com\\\/wp-content\\\/uploads\\\/2025\\\/03\\\/football-fan-wearing-croatian-soccer-jersey-watching-game-on-screen.jpg\",\"width\":1853,\"height\":2000,\"caption\":\"Football fan wearing Croatian soccer jersey watching game on screen\"},{\"@type\":\"BreadcrumbList\",\"@id\":\"https:\\\/\\\/splitcityparking.com\\\/sk\\\/chorvatsko-vs-francuzsko-futbalovy-suboj-na-poljude-v-lige-narodov-2025\\\/#breadcrumb\",\"itemListElement\":[{\"@type\":\"ListItem\",\"position\":1,\"name\":\"Domov\",\"item\":\"https:\\\/\\\/splitcityparking.com\\\/sk\\\/parkovanie-v-meste-split\\\/\"},{\"@type\":\"ListItem\",\"position\":2,\"name\":\"Chorv\u00e1tsko vs. Franc\u00fazsko: Futbalov\u00fd s\u00faboj na Poljude v Lige n\u00e1rodov 2025\"}]},{\"@type\":\"WebSite\",\"@id\":\"https:\\\/\\\/splitcityparking.com\\\/sk\\\/#website\",\"url\":\"https:\\\/\\\/splitcityparking.com\\\/sk\\\/\",\"name\":\"Split City Parking\",\"description\":\"Parking and parking garages in Split. Reserve now and secure your parking space in our garage!\",\"potentialAction\":[{\"@type\":\"SearchAction\",\"target\":{\"@type\":\"EntryPoint\",\"urlTemplate\":\"https:\\\/\\\/splitcityparking.com\\\/sk\\\/?s={search_term_string}\"},\"query-input\":{\"@type\":\"PropertyValueSpecification\",\"valueRequired\":true,\"valueName\":\"search_term_string\"}}],\"inLanguage\":\"sk-SK\"},{\"@type\":\"Person\",\"@id\":\"https:\\\/\\\/splitcityparking.com\\\/sk\\\/#\\\/schema\\\/person\\\/67bfeb6a49b0026ad87cee0923224dd6\",\"name\":\"parking\",\"image\":{\"@type\":\"ImageObject\",\"inLanguage\":\"sk-SK\",\"@id\":\"https:\\\/\\\/secure.gravatar.com\\\/avatar\\\/5a8a4db074faa17539b9bbbae12ed6d18176060e70861db07ee16c5f81b3b911?s=96&d=mm&r=g\",\"url\":\"https:\\\/\\\/secure.gravatar.com\\\/avatar\\\/5a8a4db074faa17539b9bbbae12ed6d18176060e70861db07ee16c5f81b3b911?s=96&d=mm&r=g\",\"contentUrl\":\"https:\\\/\\\/secure.gravatar.com\\\/avatar\\\/5a8a4db074faa17539b9bbbae12ed6d18176060e70861db07ee16c5f81b3b911?s=96&d=mm&r=g\",\"caption\":\"parking\"},\"sameAs\":[\"https:\\\/\\\/splitcityparking.com\"]}]}<\/script>\n<!-- \/ Yoast SEO plugin. -->","yoast_head_json":{"title":"Chorv\u00e1tsko vs. Franc\u00fazsko: Futbalov\u00fd s\u00faboj na Poljude v Lige n\u00e1rodov 2025 - Split City Parking","robots":{"index":"index","follow":"follow","max-snippet":"max-snippet:-1","max-image-preview":"max-image-preview:large","max-video-preview":"max-video-preview:-1"},"canonical":"https:\/\/splitcityparking.com\/sk\/chorvatsko-vs-francuzsko-futbalovy-suboj-na-poljude-v-lige-narodov-2025\/","og_locale":"sk_SK","og_type":"article","og_title":"Chorv\u00e1tsko vs. Franc\u00fazsko: Futbalov\u00fd s\u00faboj na Poljude v Lige n\u00e1rodov 2025 - Split City Parking","og_description":"Chorv\u00e1tsko vs. Franc\u00fazsko: Futbalov\u00fd s\u00faboj na Poljude v Lige n\u00e1rodov 2025 Ohniv\u00e1 bitka o semifin\u00e1le Futbalov\u00ed fan\u00fa\u0161ikovia, pripravte sa na nezabudnute\u013en\u00fa \u0161portov\u00fa udalos\u0165! 20. marca 2025 o 20:45 hod. sa na sl\u00e1vnom \u0161tadi\u00f3ne Poljud v Splite stretn\u00fa Chorv\u00e1tsko a Franc\u00fazsko v nap\u00ednavom \u0161tvr\u0165fin\u00e1le Ligy n\u00e1rodov UEFA. Z\u00e1pas s\u013eubuje elektrizuj\u00facu atmosf\u00e9ru a \u0161pi\u010dkov\u00fd futbal, preto si [&hellip;]","og_url":"https:\/\/splitcityparking.com\/sk\/chorvatsko-vs-francuzsko-futbalovy-suboj-na-poljude-v-lige-narodov-2025\/","og_site_name":"Split City Parking","article_published_time":"2025-03-05T08:51:13+00:00","article_modified_time":"2025-03-05T08:51:31+00:00","og_image":[{"width":1853,"height":2000,"url":"https:\/\/splitcityparking.com\/wp-content\/uploads\/2025\/03\/football-fan-wearing-croatian-soccer-jersey-watching-game-on-screen.jpg","type":"image\/jpeg"}],"author":"parking","twitter_card":"summary_large_image","twitter_misc":{"Autor":"parking","Predpokladan\u00fd \u010das \u010d\u00edtania":"4 min\u00faty"},"schema":{"@context":"https:\/\/schema.org","@graph":[{"@type":"Article","@id":"https:\/\/splitcityparking.com\/sk\/chorvatsko-vs-francuzsko-futbalovy-suboj-na-poljude-v-lige-narodov-2025\/#article","isPartOf":{"@id":"https:\/\/splitcityparking.com\/sk\/chorvatsko-vs-francuzsko-futbalovy-suboj-na-poljude-v-lige-narodov-2025\/"},"author":{"name":"parking","@id":"https:\/\/splitcityparking.com\/sk\/#\/schema\/person\/67bfeb6a49b0026ad87cee0923224dd6"},"headline":"Chorv\u00e1tsko vs. Franc\u00fazsko: Futbalov\u00fd s\u00faboj na Poljude v Lige n\u00e1rodov 2025","datePublished":"2025-03-05T08:51:13+00:00","dateModified":"2025-03-05T08:51:31+00:00","mainEntityOfPage":{"@id":"https:\/\/splitcityparking.com\/sk\/chorvatsko-vs-francuzsko-futbalovy-suboj-na-poljude-v-lige-narodov-2025\/"},"wordCount":809,"commentCount":0,"image":{"@id":"https:\/\/splitcityparking.com\/sk\/chorvatsko-vs-francuzsko-futbalovy-suboj-na-poljude-v-lige-narodov-2025\/#primaryimage"},"thumbnailUrl":"https:\/\/splitcityparking.com\/wp-content\/uploads\/2025\/03\/football-fan-wearing-croatian-soccer-jersey-watching-game-on-screen.jpg","articleSection":["Uncategorized @sk"],"inLanguage":"sk-SK","potentialAction":[{"@type":"CommentAction","name":"Comment","target":["https:\/\/splitcityparking.com\/sk\/chorvatsko-vs-francuzsko-futbalovy-suboj-na-poljude-v-lige-narodov-2025\/#respond"]}]},{"@type":"WebPage","@id":"https:\/\/splitcityparking.com\/sk\/chorvatsko-vs-francuzsko-futbalovy-suboj-na-poljude-v-lige-narodov-2025\/","url":"https:\/\/splitcityparking.com\/sk\/chorvatsko-vs-francuzsko-futbalovy-suboj-na-poljude-v-lige-narodov-2025\/","name":"Chorv\u00e1tsko vs. Franc\u00fazsko: Futbalov\u00fd s\u00faboj na Poljude v Lige n\u00e1rodov 2025 - Split City Parking","isPartOf":{"@id":"https:\/\/splitcityparking.com\/sk\/#website"},"primaryImageOfPage":{"@id":"https:\/\/splitcityparking.com\/sk\/chorvatsko-vs-francuzsko-futbalovy-suboj-na-poljude-v-lige-narodov-2025\/#primaryimage"},"image":{"@id":"https:\/\/splitcityparking.com\/sk\/chorvatsko-vs-francuzsko-futbalovy-suboj-na-poljude-v-lige-narodov-2025\/#primaryimage"},"thumbnailUrl":"https:\/\/splitcityparking.com\/wp-content\/uploads\/2025\/03\/football-fan-wearing-croatian-soccer-jersey-watching-game-on-screen.jpg","datePublished":"2025-03-05T08:51:13+00:00","dateModified":"2025-03-05T08:51:31+00:00","author":{"@id":"https:\/\/splitcityparking.com\/sk\/#\/schema\/person\/67bfeb6a49b0026ad87cee0923224dd6"},"breadcrumb":{"@id":"https:\/\/splitcityparking.com\/sk\/chorvatsko-vs-francuzsko-futbalovy-suboj-na-poljude-v-lige-narodov-2025\/#breadcrumb"},"inLanguage":"sk-SK","potentialAction":[{"@type":"ReadAction","target":["https:\/\/splitcityparking.com\/sk\/chorvatsko-vs-francuzsko-futbalovy-suboj-na-poljude-v-lige-narodov-2025\/"]}]},{"@type":"ImageObject","inLanguage":"sk-SK","@id":"https:\/\/splitcityparking.com\/sk\/chorvatsko-vs-francuzsko-futbalovy-suboj-na-poljude-v-lige-narodov-2025\/#primaryimage","url":"https:\/\/splitcityparking.com\/wp-content\/uploads\/2025\/03\/football-fan-wearing-croatian-soccer-jersey-watching-game-on-screen.jpg","contentUrl":"https:\/\/splitcityparking.com\/wp-content\/uploads\/2025\/03\/football-fan-wearing-croatian-soccer-jersey-watching-game-on-screen.jpg","width":1853,"height":2000,"caption":"Football fan wearing Croatian soccer jersey watching game on screen"},{"@type":"BreadcrumbList","@id":"https:\/\/splitcityparking.com\/sk\/chorvatsko-vs-francuzsko-futbalovy-suboj-na-poljude-v-lige-narodov-2025\/#breadcrumb","itemListElement":[{"@type":"ListItem","position":1,"name":"Domov","item":"https:\/\/splitcityparking.com\/sk\/parkovanie-v-meste-split\/"},{"@type":"ListItem","position":2,"name":"Chorv\u00e1tsko vs. Franc\u00fazsko: Futbalov\u00fd s\u00faboj na Poljude v Lige n\u00e1rodov 2025"}]},{"@type":"WebSite","@id":"https:\/\/splitcityparking.com\/sk\/#website","url":"https:\/\/splitcityparking.com\/sk\/","name":"Split City Parking","description":"Parking and parking garages in Split. Reserve now and secure your parking space in our garage!","potentialAction":[{"@type":"SearchAction","target":{"@type":"EntryPoint","urlTemplate":"https:\/\/splitcityparking.com\/sk\/?s={search_term_string}"},"query-input":{"@type":"PropertyValueSpecification","valueRequired":true,"valueName":"search_term_string"}}],"inLanguage":"sk-SK"},{"@type":"Person","@id":"https:\/\/splitcityparking.com\/sk\/#\/schema\/person\/67bfeb6a49b0026ad87cee0923224dd6","name":"parking","image":{"@type":"ImageObject","inLanguage":"sk-SK","@id":"https:\/\/secure.gravatar.com\/avatar\/5a8a4db074faa17539b9bbbae12ed6d18176060e70861db07ee16c5f81b3b911?s=96&d=mm&r=g","url":"https:\/\/secure.gravatar.com\/avatar\/5a8a4db074faa17539b9bbbae12ed6d18176060e70861db07ee16c5f81b3b911?s=96&d=mm&r=g","contentUrl":"https:\/\/secure.gravatar.com\/avatar\/5a8a4db074faa17539b9bbbae12ed6d18176060e70861db07ee16c5f81b3b911?s=96&d=mm&r=g","caption":"parking"},"sameAs":["https:\/\/splitcityparking.com"]}]}},"_links":{"self":[{"href":"https:\/\/splitcityparking.com\/sk\/wp-json\/wp\/v2\/posts\/11383","targetHints":{"allow":["GET"]}}],"collection":[{"href":"https:\/\/splitcityparking.com\/sk\/wp-json\/wp\/v2\/posts"}],"about":[{"href":"https:\/\/splitcityparking.com\/sk\/wp-json\/wp\/v2\/types\/post"}],"author":[{"embeddable":true,"href":"https:\/\/splitcityparking.com\/sk\/wp-json\/wp\/v2\/users\/1"}],"replies":[{"embeddable":true,"href":"https:\/\/splitcityparking.com\/sk\/wp-json\/wp\/v2\/comments?post=11383"}],"version-history":[{"count":1,"href":"https:\/\/splitcityparking.com\/sk\/wp-json\/wp\/v2\/posts\/11383\/revisions"}],"predecessor-version":[{"id":11386,"href":"https:\/\/splitcityparking.com\/sk\/wp-json\/wp\/v2\/posts\/11383\/revisions\/11386"}],"wp:featuredmedia":[{"embeddable":true,"href":"https:\/\/splitcityparking.com\/sk\/wp-json\/wp\/v2\/media\/11366"}],"wp:attachment":[{"href":"https:\/\/splitcityparking.com\/sk\/wp-json\/wp\/v2\/media?parent=11383"}],"wp:term":[{"taxonomy":"category","embeddable":true,"href":"https:\/\/splitcityparking.com\/sk\/wp-json\/wp\/v2\/categories?post=11383"},{"taxonomy":"post_tag","embeddable":true,"href":"https:\/\/splitcityparking.com\/sk\/wp-json\/wp\/v2\/tags?post=11383"}],"curies":[{"name":"wp","href":"https:\/\/api.w.org\/{rel}","templated":true}]}}